{"id":263401,"date":"2025-11-30T09:09:14","date_gmt":"2025-11-30T09:09:14","guid":{"rendered":"https:\/\/www.europesays.com\/es\/263401\/"},"modified":"2025-11-30T09:09:14","modified_gmt":"2025-11-30T09:09:14","slug":"la-china-suarez-y-mauro-icardi-celebraron-su-primer-ano-de-novios-la-foto-que-desperto-rumores-de-casamiento","status":"publish","type":"post","link":"https:\/\/www.europesays.com\/es\/263401\/","title":{"rendered":"La China Su\u00e1rez y Mauro Icardi celebraron su primer a\u00f1o de novios: la foto que despert\u00f3 rumores de casamiento"},"content":{"rendered":"<p><img alt=\"Una de las fotos que\" class=\"global-image\" decoding=\"async\" fetchpriority=\"high\" height=\"1080\" loading=\"eager\" src=\"https:\/\/www.europesays.com\/es\/wp-content\/uploads\/2025\/11\/W3DFB6CVTZH73HE4KEL76JPFDM.jpg\" width=\"1920\"\/>Una de las fotos que eligieron la China Su\u00e1rez y Mauro Icardi para celebrar su primer a\u00f1o (Instagram)<\/p>\n<p class=\"paragraph\">La <a href=\"https:\/\/www.infobae.com\/tag\/china-suarez\/\" target=\"_blank\" rel=\"noreferrer nofollow noopener\" title=\"https:\/\/www.infobae.com\/tag\/china-suarez\/\"><b>China Su\u00e1rez<\/b><\/a> sorprendi\u00f3 a sus seguidores al publicar un <b>posteo rom\u00e1ntico<\/b> en sus redes sociales para celebrar <a href=\"https:\/\/www.infobae.com\/teleshow\/2025\/11\/29\/un-ano-de-amor-entre-la-china-suarez-y-mauro-icardi-entre-marcas-de-lujo-la-guerra-eterna-con-wanda-y-mucha-pasion\/\" target=\"_blank\" rel=\"noreferrer nofollow noopener\" title=\"https:\/\/www.infobae.com\/teleshow\/2025\/11\/29\/un-ano-de-amor-entre-la-china-suarez-y-mauro-icardi-entre-marcas-de-lujo-la-guerra-eterna-con-wanda-y-mucha-pasion\/\"><b>el primer aniversario<\/b><\/a> de su relaci\u00f3n con <a href=\"https:\/\/www.infobae.com\/tag\/mauro-icardi\/\" target=\"_blank\" rel=\"noreferrer nofollow noopener\" title=\"https:\/\/www.infobae.com\/tag\/mauro-icardi\/\"><b>Mauro Icardi<\/b><\/a> en <b>Turqu\u00eda<\/b>. La publicaci\u00f3n conjunta con el delantero, decorada con corazones rojos, motivos navide\u00f1os y cartas personalizadas, incluy\u00f3 dos detalles que llamaron la atenci\u00f3n: la pareja opt\u00f3 por cerrar los comentarios, algo poco habitual en sus interacciones p\u00fablicas, y el regalo aliment\u00f3 los <b>rumores de casamiento<\/b>.<\/p>\n<p class=\"paragraph\">Todo se conoci\u00f3 en el mediod\u00eda del s\u00e1bado en Buenos Aires, con una serie de im\u00e1genes cargadas de romanticismo. La actriz pos\u00f3 abrazando un enorme ramo circular de rosas rojas con forma de coraz\u00f3n. Sobre el mismo, descasaban una dedicatoria manuscrita &#8211;<b>\u201cFeliz aniversario mi amor\u201d<\/b>, junto a un coraz\u00f3n- y un peque\u00f1o estuche que conten\u00eda el regalo en cuesti\u00f3n. Y aqu\u00ed empiezan las especulaciones. <\/p>\n<p class=\"paragraph\">La China luci\u00f3 en primer plano un anillo que destacaba por su piedra preciosa montada sobre una banda met\u00e1lica fina de color plateado. <b>Su reacci\u00f3n de sorpresa en la previa y de felicidad en el post, podr\u00edan sugerir un compromiso rom\u00e1ntico digno de una novela turca<\/b>. Por ahora se trata solo de especulaciones, a la espera de una confirmaci\u00f3n oficial de una pareja que eligi\u00f3 esta vez resguardarse de los comentarios.<\/p>\n<p><img alt=\"El posteo de la China\" class=\"global-image\" decoding=\"async\" fetchpriority=\"low\" height=\"1480\" loading=\"lazy\" src=\"https:\/\/www.europesays.com\/es\/wp-content\/uploads\/2025\/11\/GHTGBCVJHNBWBBHX6XXGO5UAME.jpg\" width=\"1920\"\/>El posteo de la China Su\u00e1rez y Mauro Icardi con los comentarios cerrados  (Instagram)<img alt=\"La casa de Icardi y\" class=\"global-image\" decoding=\"async\" fetchpriority=\"low\" height=\"2560\" loading=\"lazy\" src=\"https:\/\/www.europesays.com\/es\/wp-content\/uploads\/2025\/11\/OG7MSYW7SFFY5ALTJA6YKNTDMQ.jpg\" width=\"1920\"\/>La casa de Icardi y Su\u00e1rez en Turqu\u00eda ya se prepara para la Navidad<\/p>\n<p class=\"paragraph\">El aniversario marca un a\u00f1o desde que la actriz y el futbolista del <b>Galatasaray<\/b> iniciaron su relaci\u00f3n, el 29 de noviembre de 2024. Aunque la pareja hizo p\u00fablica su historia reci\u00e9n el 9 de enero de 2025, su v\u00ednculo se convirti\u00f3 r\u00e1pidamente en uno de los temas m\u00e1s comentados en el \u00e1mbito del espect\u00e1culo argentino, entre viajes, tribunales y rumores y bajo el an\u00e1lisis minucioso de las redes sociales y medios de comunicaci\u00f3n.<\/p>\n<p class=\"paragraph\">La relaci\u00f3n entre Su\u00e1rez e Icardi se desarroll\u00f3 en medio de una intensa exposici\u00f3n medi\u00e1tica y episodios de tensi\u00f3n, desde aquella chispa que se inici\u00f3 en octubre de 2021 con la explosi\u00f3n del llamado \u201cWandagate\u201d, que involucr\u00f3 a <b>Wanda Nara<\/b>, exesposa del futbolista y madre de sus hijas. Pasaron tres a\u00f1os de idas y vueltas hasta que oficializaron el romance, cuya fecha real de inicio fue motivo de debate. <\/p>\n<p class=\"paragraph\">A lo largo del a\u00f1o, la pareja comparti\u00f3 momentos significativos, como viajes a <b>Mar del Plata<\/b>, <b>Mil\u00e1n<\/b> y <b>Estambul<\/b>, celebraciones familiares y la convivencia de sus hijos en una familia ensamblada. Las hijas de Icardi con Nara y los hijos de Su\u00e1rez con Vicu\u00f1a participaron en festejos como A\u00f1o Nuevo y cumplea\u00f1os, reflejando la integraci\u00f3n de ambas familias, una situaci\u00f3n que con el tiempo se fue tornando menos id\u00edlica y m\u00e1s conflictiva.<\/p>\n<p><img alt=\"Mauro Icardi preparando su regalo\" class=\"global-image\" decoding=\"async\" fetchpriority=\"low\" height=\"2560\" loading=\"lazy\" src=\"https:\/\/www.europesays.com\/es\/wp-content\/uploads\/2025\/11\/UZ4XFHVWYJGELAT6QOQDN3K66Y.jpg\" width=\"1920\"\/>Mauro Icardi preparando su regalo que despert\u00f3 todo tipo de teor\u00edas<img alt=\"La reacci\u00f3n de la China\" class=\"global-image\" decoding=\"async\" fetchpriority=\"low\" height=\"2560\" loading=\"lazy\" src=\"https:\/\/www.europesays.com\/es\/wp-content\/uploads\/2025\/11\/D2W53GXTNJA2DAW3BBGTJUDQ4I.jpg\" width=\"1920\"\/>La reacci\u00f3n de la China Su\u00e1rez al regalo de Mauro Icardi<\/p>\n<p class=\"paragraph\">Las redes sociales de ambos se convirtieron en un escaparate de su vida cotidiana, mostrando desde celebraciones \u00edntimas hasta viajes de lujo y actividades familiares. La mudanza a Turqu\u00eda represent\u00f3 un cambio importante en la din\u00e1mica familiar. Inicialmente, los traslados fueron intermitentes, pero con el tiempo la familia se instal\u00f3 de manera definitiva en <b>Estambul<\/b>. La actriz y sus hijos se adaptaron a la nueva vida, acompa\u00f1ando a Icardi en su carrera deportiva y participando en eventos del club Galatasaray. Las publicaciones en redes sociales documentaron desde la llegada a la mansi\u00f3n en Turqu\u00eda hasta los paseos por la ciudad y las visitas al estadio.<\/p>\n<p class=\"paragraph\">No obstante, la exposici\u00f3n p\u00fablica tambi\u00e9n trajo desaf\u00edos. <b>Su\u00e1rez enfrent\u00f3 un aumento de mensajes hostiles y amenazas, lo que la llev\u00f3 a tomar medidas legales y solicitar protecci\u00f3n para ella y sus hijos<\/b>. La pareja, por su parte, debi\u00f3 lidiar con la presi\u00f3n medi\u00e1tica, las disputas legales con exparejas y la constante atenci\u00f3n de los seguidores. A pesar de estos obst\u00e1culos, ambos mostraron una actitud resiliente, apostando por la convivencia y la construcci\u00f3n de una nueva etapa juntos.<\/p>\n<p><img alt=\"La China Su\u00e1rez mostr\u00f3 su\" class=\"global-image\" decoding=\"async\" fetchpriority=\"low\" height=\"2560\" loading=\"lazy\" src=\"https:\/\/www.europesays.com\/es\/wp-content\/uploads\/2025\/11\/WDRRPDH4QZHMDO5WIQLGS6OGHI.jpg\" width=\"1920\"\/>La China Su\u00e1rez mostr\u00f3 su regalo de aniversario: un anillo que abri\u00f3 la puerta a las versiones<\/p>\n<p class=\"paragraph\">En la actualidad, la pareja disfruta de su vida en Turqu\u00eda, lejos de la sombra de conflictos pasados. La compra de una nueva propiedad y la rutina compartida con sus hijos y su mascota reflejan una apuesta por la estabilidad y la tranquilidad. Icardi contin\u00faa su carrera en el Galatasaray, mientras mantiene litigios legales con Nara. Su\u00e1rez, por su parte, sigue activa en sus proyectos personales y familiares, actualmente monopolizados <a href=\"https:\/\/www.infobae.com\/teleshow\/2025\/11\/27\/la-reaccion-de-la-china-suarez-a-los-comentarios-a-su-trabajo-por-la-nueva-serie\/\" target=\"_blank\" rel=\"noreferrer nofollow noopener\" title=\"https:\/\/www.infobae.com\/teleshow\/2025\/11\/27\/la-reaccion-de-la-china-suarez-a-los-comentarios-a-su-trabajo-por-la-nueva-serie\/\"><b>por el reciente y exitoso estreno de<\/b><\/a> <b>Hija del Fuego. La venganza de la bastarda<\/b>.<\/p>\n<p class=\"paragraph\">A un a\u00f1o de aquel primer encuentro que capt\u00f3 la atenci\u00f3n de millones, la historia de la <b>China Su\u00e1rez<\/b> y <b>Mauro Icardi<\/b> sigue sumando cap\u00edtulos y demuestra que, en tiempos de redes sociales, la vida real puede ser tan fascinante y disputada como cualquier novela. Y que a juzgar por los recientes indicios, estar\u00eda preparando su cap\u00edtulo m\u00e1s importante.<\/p>\n","protected":false},"excerpt":{"rendered":"Una de las fotos que eligieron la China Su\u00e1rez y Mauro Icardi para celebrar su primer a\u00f1o (Instagram)&hellip;\n","protected":false},"author":2,"featured_media":263402,"comment_status":"","ping_status":"","sticky":false,"template":"","format":"standard","meta":{"footnotes":""},"categories":[174],"tags":[255,146,147,25,24,256,23],"class_list":{"0":"post-263401","1":"post","2":"type-post","3":"status-publish","4":"format-standard","5":"has-post-thumbnail","7":"category-famosos","8":"tag-celebrities","9":"tag-entertainment","10":"tag-entretenimiento","11":"tag-es","12":"tag-espana","13":"tag-famosos","14":"tag-spain"},"share_on_mastodon":{"url":"https:\/\/pubeurope.com\/@es\/115637870543413684","error":""},"_links":{"self":[{"href":"https:\/\/www.europesays.com\/es\/wp-json\/wp\/v2\/posts\/263401","targetHints":{"allow":["GET"]}}],"collection":[{"href":"https:\/\/www.europesays.com\/es\/wp-json\/wp\/v2\/posts"}],"about":[{"href":"https:\/\/www.europesays.com\/es\/wp-json\/wp\/v2\/types\/post"}],"author":[{"embeddable":true,"href":"https:\/\/www.europesays.com\/es\/wp-json\/wp\/v2\/users\/2"}],"replies":[{"embeddable":true,"href":"https:\/\/www.europesays.com\/es\/wp-json\/wp\/v2\/comments?post=263401"}],"version-history":[{"count":0,"href":"https:\/\/www.europesays.com\/es\/wp-json\/wp\/v2\/posts\/263401\/revisions"}],"wp:featuredmedia":[{"embeddable":true,"href":"https:\/\/www.europesays.com\/es\/wp-json\/wp\/v2\/media\/263402"}],"wp:attachment":[{"href":"https:\/\/www.europesays.com\/es\/wp-json\/wp\/v2\/media?parent=263401"}],"wp:term":[{"taxonomy":"category","embeddable":true,"href":"https:\/\/www.europesays.com\/es\/wp-json\/wp\/v2\/categories?post=263401"},{"taxonomy":"post_tag","embeddable":true,"href":"https:\/\/www.europesays.com\/es\/wp-json\/wp\/v2\/tags?post=263401"}],"curies":[{"name":"wp","href":"https:\/\/api.w.org\/{rel}","templated":true}]}}