{"id":263403,"date":"2025-11-30T09:10:18","date_gmt":"2025-11-30T09:10:18","guid":{"rendered":"https:\/\/www.europesays.com\/es\/263403\/"},"modified":"2025-11-30T09:10:18","modified_gmt":"2025-11-30T09:10:18","slug":"tres-siglos-de-historia-reinterpretados-en-clave-contemporanea-en-el-corazon-de-urdaibai","status":"publish","type":"post","link":"https:\/\/www.europesays.com\/es\/263403\/","title":{"rendered":"Tres siglos de historia reinterpretados en clave contempor\u00e1nea en el coraz\u00f3n de Urdaibai"},"content":{"rendered":"<p id=\"eM0VzvxsSvf\" data-wc=\"68\">En pleno coraz\u00f3n de la Reserva de la Biosfera de Urdaibai, en Oma, en la provincia de Bizkaia, el estudio BAT firma la renovaci\u00f3n de OMA Baserria, <strong>un caser\u00edo con m\u00e1s de 300 a\u00f1os de historia que ha pasado de generaci\u00f3n en generaci\u00f3n<\/strong>. El proyecto \u2014una de las dos viviendas que conforman la construcci\u00f3n original\u2014 <strong>reinterpreta la\u00a0<\/strong><a class=\"hm-link ho-link\" href=\"https:\/\/www.hola.com\/decoracion\/20251105862751\/caserio-vasco-350m2-arquitectura-tradicional-interiorismo-eclectico\/\" data-mrf-recirculation=\"article-body-link\" rel=\"nofollow noopener\" target=\"_blank\">arquitectura vern\u00e1cula vasc<\/a><strong>a desde una mirada contempor\u00e1nea<\/strong>: respetuosa, c\u00e1lida y funcional.\u00a0<\/p>\n<p id=\"e1b31jJSiT7\" data-wc=\"67\">La intervenci\u00f3n equilibra tecnolog\u00eda y tradici\u00f3n, abriendo grandes ventanales al paisaje y dotando al interior de luz, confort y una sensibilidad especial para un hogar de fin de semana. \u00abEsta renovaci\u00f3n traza un di\u00e1logo sutil entre herencia y contemporaneidad. Un ejemplo de <strong>c\u00f3mo la arquitectura puede custodiar la memoria\u00a0<\/strong>y, al mismo tiempo, abrirse a lo que est\u00e1 por venir\u00bb, adelanta Peru Ca\u00f1ada, socio fundador de BAT.<\/p>\n<p>110<\/p>\n<p>  <img src=\"https:\/\/www.europesays.com\/es\/wp-content\/uploads\/2025\/11\/e46a185b8fcd-bat-architecture-oma-baserria-aitor-estevez-18.jpg\"   width=\"1920\" height=\"1080\" loading=\"lazy\" decoding=\"async\" alt=\"Caser\u00edo: fachada\" fetchpriority=\"auto\" class=\"image ho-image\"\/>\u00a9 aitor estevez<\/p>\n<p> Un caser\u00edo entre el bosque y la historia<\/p>\n<p id=\"eLc0_Jdtc9P\"><a class=\"hm-link ho-link\" href=\"https:\/\/www.hola.com\/viajes\/20241128731655\/ruta-por-urdaibai-escapada-excursion-3-dias-pais-vasco\/\" data-mrf-recirculation=\"article-body-link\" rel=\"nofollow noopener\" target=\"_blank\">Situado en Oma, en pleno Urdaibai,<\/a> este baserri familiar <strong>conserva la volumetr\u00eda, la piedra y la esencia del caser\u00edo vasco original<\/strong>. El <strong>estudio BAT Architecture<\/strong> (www.bat.archi\/es) interviene solo donde es necesario, respetando los muros de carga, los recercados de piedra rosa de Ere\u00f1o y la estructura de madera que ha resistido tres siglos de vida rural.<\/p>\n<p id=\"eUFQQGIKYO8\">\u00abEl proyecto aborda la <a class=\"hm-link ho-link\" href=\"https:\/\/www.hola.com\/decoracion\/20221021218954\/rehabilitacion-casa-senorial-decoracion-interiores-clasica-y-moderna-am\/\" data-mrf-recirculation=\"article-body-link\" rel=\"nofollow noopener\" target=\"_blank\">rehabilitaci\u00f3n integral<\/a><strong>\u00a0de una de las dos viviendas que conforman esta construcci\u00f3n sim\u00e9trica<\/strong>. Se trata de una casa de campo tradicional que ha resistido al paso del tiempo con una dignidad silenciosa, custodiando entre sus muros de carga de piedra y vigas centenarias la memoria viva de la cultura rural vasca\u00bb, explican los responsables del proyecto.\u00a0<\/p>\n<p>210<\/p>\n<p>  <img src=\"https:\/\/www.europesays.com\/es\/wp-content\/uploads\/2025\/11\/22f52c40ac8f-bat-architecture-oma-baserria-aitor-estevez-16.jpg\"   width=\"1920\" height=\"1080\" loading=\"lazy\" decoding=\"async\" alt=\"Sal\u00f3n con ventanal\" fetchpriority=\"auto\" class=\"image ho-image\"\/>\u00a9 aitor estevez<\/p>\n<p> El gran ventanal que abre la casa al paisaje<\/p>\n<p id=\"e8_U-xyJxQF\">La fachada lateral se abre en un hueco de 3,20 \u00d7 4,30 metros que <strong>conecta visualmente el sal\u00f3n principal con el bosque.<\/strong> Una <a class=\"hm-link ho-link\" href=\"https:\/\/www.hola.com\/decoracion\/20230608232869\/claves-conectar-ambientes-exterior-am\/\" data-mrf-recirculation=\"article-body-link\" rel=\"nofollow noopener\" target=\"_blank\">mirada al exterior<\/a> que inunda el interior de luz y redefine la experiencia de habitar en el campo.<\/p>\n<p id=\"ex2NQCHY3u\">La distribuci\u00f3n de <strong>la vivienda se organiza en tres plantas<\/strong>. En la primera planta se ubican la cocina, el sal\u00f3n que se ve en esta imagen, una habitaci\u00f3n con ba\u00f1o propio y otro ba\u00f1o exterior. En el segundo nivel queda el sal\u00f3n m\u00e1s peque\u00f1o con acceso a dos habitaciones (una doble y otra infantil) y acceso a un balc\u00f3n. Y en el \u00faltimo nivel hay un gran sal\u00f3n abuhardillado, zona de lectura y despacho con balc\u00f3n.\u00a0<\/p>\n<p>310<\/p>\n<p>  <img src=\"https:\/\/www.europesays.com\/es\/wp-content\/uploads\/2025\/11\/b47b98603543-bat-architecture-oma-baserria-aitor-estevez-17.jpg\"   width=\"1920\" height=\"1080\" loading=\"lazy\" decoding=\"async\" alt=\"Sal\u00f3n con librer\u00eda\" fetchpriority=\"auto\" class=\"image ho-image\"\/>\u00a9 aitor estevez<\/p>\n<p> El sal\u00f3n con doble altura y estructura vista<\/p>\n<p id=\"ebZvCR8k8wW\">El nuevo sal\u00f3n cuenta con techos altos y estructura vista y se rinde a la <a class=\"hm-link ho-link\" href=\"https:\/\/www.hola.com\/decoracion\/20230622233450\/vigas-vistas-segun-estilos-decoracion-interiores-am\/\" data-mrf-recirculation=\"article-body-link\" rel=\"nofollow noopener\" target=\"_blank\">nobleza de las vigas centenarias<\/a>. La luz natural enfatiza las texturas de los materiales naturales que se dan cita en el espacio, como la madera y la piedra, generando una atm\u00f3sfera que combina serenidad rural y modernidad arquitect\u00f3nica.\u00a0<\/p>\n<p id=\"eXJYkRADS0T\">\u00abEn la rehabilitaci\u00f3n, <strong>los elementos m\u00e1s deteriorados han sido sustituidos por otros realizados con madera aut\u00f3ctona de la \u00e9poca<\/strong>, previamente almacenada en el propio caser\u00edo\u00bb, detallan desde BAT Arquitecture. \u00abGracias a una intervenci\u00f3n precisa y respetuosa, se transforma hoy en un hogar contempor\u00e1neo sin renunciar a su esencia\u00bb.\u00a0<\/p>\n<p>410<\/p>\n<p>  <img src=\"https:\/\/www.europesays.com\/es\/wp-content\/uploads\/2025\/11\/ec5d689515e7-bat-architecture-oma-baserria-aitor-estevez-5.jpg\"   width=\"1920\" height=\"1080\" loading=\"lazy\" decoding=\"async\" alt=\"Librer\u00eda\" fetchpriority=\"auto\" class=\"image ho-image\"\/>\u00a9 aitor estevez<\/p>\n<p> De cuadras a zona de d\u00eda<\/p>\n<p id=\"eiZ5BkaFly9\">En la planta baja, donde anta\u00f1o se guardaban los animales, ahora se despliegan la cocina y el sal\u00f3n principal. Un <strong data-gid=\"ejuzCoddR0T\">espacio luminoso y abierto\u00a0<\/strong>que combina muros de piedra, suelo radiante y carpinter\u00edas contempor\u00e1neas en un <a class=\"hm-link ho-link\" href=\"https:\/\/www.hola.com\/decoracion\/20250723845918\/estilo-rustico-tendencia-casas-de-campo\/\" data-mrf-recirculation=\"article-body-link\" rel=\"nofollow noopener\" target=\"_blank\">equilibrio perfecto entre rusticidad y confort<\/a>. Como explican desde BAT: \u00abEste proyecto demuestra que tradici\u00f3n y modernidad no son conceptos opuestos, sino aliados cuando se trabajan con rigor, sensibilidad y visi\u00f3n\u00bb.\u00a0<\/p>\n<p>510<\/p>\n<p>  <img src=\"https:\/\/www.europesays.com\/es\/wp-content\/uploads\/2025\/11\/c0592b345229-bat-architecture-oma-baserria-aitor-estevez-7.jpg\"   width=\"1920\" height=\"1080\" loading=\"lazy\" decoding=\"async\" alt=\"Escalera\" fetchpriority=\"auto\" class=\"image ho-image\"\/>\u00a9 aitor estevez<\/p>\n<p> La escalera que vertebra la casa<\/p>\n<p id=\"eexCZKI_HVe\">Realizada en <strong data-gid=\"esq7iu9Vfr-\">ebanister\u00eda de roble<\/strong>, la <a class=\"hm-link ho-link\" href=\"https:\/\/www.hola.com\/decoracion\/20220922217011\/escaleras-decorativas-materiales-decoracion-interiores-am\/\" data-mrf-recirculation=\"article-body-link\" rel=\"nofollow noopener\" target=\"_blank\">escalera se convierte en el eje vertical del hogar<\/a>. Une las tres plantas del caser\u00edo \u2014de las antiguas cuadras al desv\u00e1n\u2014 y simboliza el hilo que conecta el pasado con el presente. \u00abLa reorganizaci\u00f3n espacial se ha planteado con profundo respeto hacia la <strong data-gid=\"eiSRPM4MdYz\">l\u00f3gica constructiva origina<\/strong><strong data-gid=\"erDF_lGbXqC\">l<\/strong>, limitando las transformaciones a aquellas que mejoran el confort y la calidad de vida sin comprometer la estructura del edificio\u00bb, matizan los arquitectos.<\/p>\n<p>610<\/p>\n<p>  <img src=\"https:\/\/www.europesays.com\/es\/wp-content\/uploads\/2025\/11\/277d5903a9fe-bat-architecture-oma-baserria-aitor-estevez-13.jpg\"   width=\"1920\" height=\"1080\" loading=\"lazy\" decoding=\"async\" alt=\"Ventanal desde el altillo\" fetchpriority=\"auto\" class=\"image ho-image\"\/>\u00a9 aitor estevez<\/p>\n<p> Una lecci\u00f3n de arquitectura emocional<\/p>\n<p id=\"eox73au_oEL\">M\u00e1s all\u00e1 de la t\u00e9cnica, este proyecto es un ejemplo de <strong data-gid=\"eAEw5JPoxG4\">sensibilidad arquitect\u00f3nica<\/strong>. BAT demuestra que modernizar no significa borrar: custodiar la memoria es tambi\u00e9n proyectar futuro. Una casa que emociona tanto por lo que conserva como por lo que se atreve a reinventar. Esta imagen muestra c\u00f3mo el <a class=\"hm-link ho-link\" href=\"https:\/\/www.hola.com\/decoracion\/20220127203234\/ventanas-protagonistas-decoracion-interiores-am\/\" data-mrf-recirculation=\"article-body-link\" rel=\"nofollow noopener\" target=\"_blank\">gran ventanal abierto en fachada<\/a> llena de luz el primer nivel, con barandilla de cristal y vistas al sal\u00f3n.<\/p>\n<p>710<\/p>\n<p>  <img src=\"https:\/\/www.europesays.com\/es\/wp-content\/uploads\/2025\/11\/e9d7a7f5cbd3-bat-architecture-oma-baserria-aitor-estevez-14.jpg\"   width=\"1920\" height=\"1080\" loading=\"lazy\" decoding=\"async\" alt=\"Pared de piedra\" fetchpriority=\"auto\" class=\"image ho-image\"\/>\u00a9 aitor estevez<\/p>\n<p> Materiales que cuentan una historia<\/p>\n<p id=\"eqcJPiD3rA8\"><a class=\"hm-link ho-link\" href=\"https:\/\/www.hola.com\/decoracion\/20251014861011\/piedra-natural-tendencia-ideas-para-casa-ms\/\" data-mrf-recirculation=\"article-body-link\" rel=\"nofollow noopener\" target=\"_blank\">Piedra caliza<\/a><strong data-gid=\"elq0S47LwL\">, madera de pino y roble local, y acabados hechos a mano confieren coherencia al conjunto<\/strong>. Cada elemento respira autenticidad, como si el caser\u00edo hubiera absorbido la reforma sin perder su alma. Y ante la idea de recuperar y mantener, se incorporan tambi\u00e9n <strong data-gid=\"elurUESJA4\">est\u00e1ndares contempor\u00e1neos<\/strong> como suelo radiante, mejoras en la envolvente t\u00e9rmica e instalaciones renovadas.\u00a0<\/p>\n<p>810<\/p>\n<p>  <img src=\"https:\/\/www.europesays.com\/es\/wp-content\/uploads\/2025\/11\/a63355e37b6d-bat-architecture-oma-baserria-aitor-estevez-3.jpg\"   width=\"1920\" height=\"1080\" loading=\"lazy\" decoding=\"async\" alt=\"Entre plantas en el caser\u00edo\" fetchpriority=\"auto\" class=\"image ho-image\"\/>\u00a9 aitor estevez<\/p>\n<p> El arte de habitar la luz<\/p>\n<p id=\"eHUwpdqe5t-\">La paleta interior juega con <strong>tonos neutros, blancos y arenas\u00a0<\/strong>que potencian la luminosidad. Con el <a class=\"hm-link ho-link\" href=\"https:\/\/www.hola.com\/decoracion\/20240423252547\/madera-oscura-triunfa-interiorismo\/\" data-mrf-recirculation=\"article-body-link\" rel=\"nofollow noopener\" target=\"_blank\">contraste de la madera oscura<\/a>. Los nuevos materiales conviven con los antiguos sin estridencias, y la madera local aporta calidez en cada rinc\u00f3n. Las vigas y muros originales son elementos que aportan car\u00e1cter en todas las plantas.\u00a0<\/p>\n<p>910<\/p>\n<p>  <img src=\"https:\/\/www.europesays.com\/es\/wp-content\/uploads\/2025\/11\/7604eeb2d7c0-bat-architecture-oma-baserria-aitor-estevez-8.jpg\"   width=\"1080\" height=\"1800\" loading=\"lazy\" decoding=\"async\" alt=\"Buhardilla\" fetchpriority=\"auto\" class=\"image ho-image\"\/>\u00a9 aitor estevez<\/p>\n<p> Un sal\u00f3n abuhardillado en la \u00faltima planta<\/p>\n<p id=\"ea6KEbHK0JV\">La tercera planta, anta\u00f1o destinada al secado del grano, se convierte en un sal\u00f3n de lectura y descanso. El <a class=\"hm-link ho-link\" href=\"https:\/\/www.hola.com\/decoracion\/20230921239692\/las-mejores-ideas-decorar-buhardilla-mc\/\" data-mrf-recirculation=\"article-body-link\" rel=\"nofollow noopener\" target=\"_blank\">techo abuhardillado<\/a> y el balc\u00f3n exterior invitan a desconectar con vistas al valle de Oma.<\/p>\n<p>1010<\/p>\n<p>  <img src=\"https:\/\/www.europesays.com\/es\/wp-content\/uploads\/2025\/11\/3274a96776cb-bat-architecture-oma-baserria-aitor-estevez-2.jpg\"   width=\"1080\" height=\"1800\" loading=\"lazy\" decoding=\"async\" alt=\"Fachada\" fetchpriority=\"auto\" class=\"image ho-image\"\/>\u00a9 aitor estevez<\/p>\n<p> Desde el exterior<\/p>\n<p id=\"eefPFhiP4sU\">La <strong>fachada principal de mamposter\u00eda\u00a0<\/strong>se ha restaurado cuidadosamente, al igual que los recercados de piedra caliza rosa de Ere\u00f1o, las vigas, los pilares y parte de los forjados originales. Los <strong>nuevos elementos constructivos<\/strong> se han resuelto con madera de roble y pino de origen local, respetando as\u00ed la coherencia material del conjunto.<\/p>\n","protected":false},"excerpt":{"rendered":"En pleno coraz\u00f3n de la Reserva de la Biosfera de Urdaibai, en Oma, en la provincia de Bizkaia,&hellip;\n","protected":false},"author":2,"featured_media":263404,"comment_status":"","ping_status":"","sticky":false,"template":"","format":"standard","meta":{"footnotes":""},"categories":[173],"tags":[229,233,231,230,8372,14046,232,253,234,146,147,25,24,6120,23],"class_list":{"0":"post-263403","1":"post","2":"type-post","3":"status-publish","4":"format-standard","5":"has-post-thumbnail","7":"category-arte-y-diseno","8":"tag-arte","9":"tag-arte-y-diseno","10":"tag-arts","11":"tag-arts-and-design","12":"tag-decoracion","13":"tag-decoracion-de-interiores","14":"tag-design","15":"tag-discover","16":"tag-diseno","17":"tag-entertainment","18":"tag-entretenimiento","19":"tag-es","20":"tag-espana","21":"tag-reformas","22":"tag-spain"},"share_on_mastodon":{"url":"https:\/\/pubeurope.com\/@es\/115637874098605985","error":""},"_links":{"self":[{"href":"https:\/\/www.europesays.com\/es\/wp-json\/wp\/v2\/posts\/263403","targetHints":{"allow":["GET"]}}],"collection":[{"href":"https:\/\/www.europesays.com\/es\/wp-json\/wp\/v2\/posts"}],"about":[{"href":"https:\/\/www.europesays.com\/es\/wp-json\/wp\/v2\/types\/post"}],"author":[{"embeddable":true,"href":"https:\/\/www.europesays.com\/es\/wp-json\/wp\/v2\/users\/2"}],"replies":[{"embeddable":true,"href":"https:\/\/www.europesays.com\/es\/wp-json\/wp\/v2\/comments?post=263403"}],"version-history":[{"count":0,"href":"https:\/\/www.europesays.com\/es\/wp-json\/wp\/v2\/posts\/263403\/revisions"}],"wp:featuredmedia":[{"embeddable":true,"href":"https:\/\/www.europesays.com\/es\/wp-json\/wp\/v2\/media\/263404"}],"wp:attachment":[{"href":"https:\/\/www.europesays.com\/es\/wp-json\/wp\/v2\/media?parent=263403"}],"wp:term":[{"taxonomy":"category","embeddable":true,"href":"https:\/\/www.europesays.com\/es\/wp-json\/wp\/v2\/categories?post=263403"},{"taxonomy":"post_tag","embeddable":true,"href":"https:\/\/www.europesays.com\/es\/wp-json\/wp\/v2\/tags?post=263403"}],"curies":[{"name":"wp","href":"https:\/\/api.w.org\/{rel}","templated":true}]}}