{"id":263405,"date":"2025-11-30T09:12:11","date_gmt":"2025-11-30T09:12:11","guid":{"rendered":"https:\/\/www.europesays.com\/es\/263405\/"},"modified":"2025-11-30T09:12:11","modified_gmt":"2025-11-30T09:12:11","slug":"el-final-de-gabriel-se-acerca","status":"publish","type":"post","link":"https:\/\/www.europesays.com\/es\/263405\/","title":{"rendered":"El final de Gabriel se acerca"},"content":{"rendered":"<p data-journey-content=\"true\" data-node-id=\"3\" class=\"css-6wxqfj emevuu60\"><br data-node-id=\"3.0\"\/>Esta semana en &#8216;<a href=\"https:\/\/www.diezminutos.es\/suenos-de-libertad\/\" target=\"_blank\" data-vars-ga-outbound-link=\"https:\/\/www.diezminutos.es\/suenos-de-libertad\/\" data-vars-ga-ux-element=\"Hyperlink\" data-vars-ga-call-to-action=\"Sue\u00f1os de libertad\" data-node-id=\"3.2\" class=\"body-link css-177bzfx emevuu60\" rel=\"nofollow noopener\">Sue\u00f1os de libertad<\/a>&#8216;, la marcha de Andr\u00e9s no solo remueve emociones pasadas, tambi\u00e9n despierta inquietud en el presente tras sus fuertes declaraciones sobre Delia, la madre de Gabriel. Todo se complica cuando la mujer aparece en la mansi\u00f3n De la Reina para visitar a su hijo. Su llegada provoca un enfrentamiento que involucra directamente a Gabriel y sus mentiras. El abogado intenta justificarse ante Dami\u00e1n y Marta, pero la situaci\u00f3n se vuelve insostenible, como un castillo de naipes a punto de derrumbarse. <strong data-node-id=\"3.4\">El proyecto de Joaqu\u00edn arranca con prisa y presi\u00f3n<\/strong>, sostenido por la firme voluntad de sacarlo adelante. Luis y Luz se convierten en sus aliados, mientras Gema teme que su verdad salga a la luz. Luz, con serenidad, le aconseja: \u00abHabla con tu marido, tiene derecho a conocer la verdad sobre tu estado de salud\u00bb. Y <a href=\"https:\/\/www.diezminutos.es\/telenovela\/espanolas\/a69552869\/suenos-de-libertad-capitulo-446-avance-jueves-27-noviembre-antena-3\/\" target=\"_blank\" data-vars-ga-outbound-link=\"https:\/\/www.diezminutos.es\/telenovela\/espanolas\/a69552869\/suenos-de-libertad-capitulo-446-avance-jueves-27-noviembre-antena-3\/\" data-vars-ga-ux-element=\"Hyperlink\" data-vars-ga-call-to-action=\"Marta y Cloe se acercan\" data-node-id=\"3.6\" class=\"body-link css-177bzfx emevuu60\" rel=\"nofollow noopener\">Marta y Cloe se acercan<\/a>.<\/p>\n<p><img draggable=\"true\" alt=\"suenos de libertad\" title=\"suenos de libertad\" loading=\"lazy\" width=\"3500\" height=\"2333\" decoding=\"async\" data-nimg=\"1\" style=\"color:transparent;width:100%;height:auto;\"   src=\"https:\/\/www.europesays.com\/es\/wp-content\/uploads\/2025\/11\/alta-sdl-t03-e440-06-28-5-25-cmanuelfiestas-0646-6915d577e87b6.jpg\" class=\"css-0 e1g79fud0\"\/><\/p>\n<p>Manuel Fiestas Moreno<\/p>\n<p data-journey-content=\"true\" data-node-id=\"7\" class=\"css-6wxqfj emevuu60\">Cristina, por su parte, descubre que detalles \u00edntimos de su vida, confiados en secreto, han salido a la luz. Tras un tenso encuentro con Beltr\u00e1n, toma una decisi\u00f3n firme: <strong data-node-id=\"7.1\">\u00abNo pienso soportar m\u00e1s traiciones\u00bb<\/strong>. Su ruptura marca un nuevo rumbo en su vida. Marta y Cloe regresan de la visita cultural y entre ellas surge una cercan\u00eda inesperada. En un momento \u00edntimo, la tensi\u00f3n se transforma en complicidad, aunque ninguna est\u00e1 preparada para asumirlo. Mientras tanto, Andr\u00e9s recurre a una mentira estrat\u00e9gica para ganarse la confianza de Delia y continuar con su plan de desenmascarar a Gabriel.<\/p>\n<p>Carmen se siente desplazada por Tasio en &#8216;Sue\u00f1os de libertad&#8217;<\/p>\n<p data-journey-content=\"true\" data-node-id=\"10\" class=\"css-6wxqfj emevuu60\">Gaspar ayuda a que Tasio vea las cosas desde otra perspectiva, justo cuando Cloe lo reclama para un asunto importante. Carmen, desplazada tras descubrir secretos de la empresa que su marido le ocult\u00f3, se siente cada vez m\u00e1s alejada de \u00e9l. Encuentra consuelo en una conversaci\u00f3n inesperada con David, que le ofrece apoyo y cercan\u00eda. Andr\u00e9s intenta hablar con Bego\u00f1a en privado sobre la visita sorpresa de Delia y los oscuros secretos de Gabriel, pero el abogado aparece para arruinar el momento. Al mismo tiempo, <strong data-node-id=\"10.1\">Mar\u00eda se muestra inquieta<\/strong> ante la posibilidad de que un episodio de su pasado salga a la luz.<\/p>\n<p>Andr\u00e9s decide enfrentarse a Gabriel en &#8216;Sue\u00f1os de libertad&#8217;<img draggable=\"true\" alt=\"dani tatay es andres en 'suenos de libertad'\" title=\"Dani Tatay es Andres en 'Suenos de libertad'\" loading=\"lazy\" width=\"3500\" height=\"2333\" decoding=\"async\" data-nimg=\"1\" style=\"color:transparent;width:100%;height:auto;\"   src=\"https:\/\/www.europesays.com\/es\/wp-content\/uploads\/2025\/11\/1764493931_968_suenos-de-libertad-capitulo-345-andres-686b945fd4f74.jpg\" class=\"css-0 e1g79fud0\"\/><\/p>\n<p>Manuel Fiestas Moreno<\/p>\n<p data-journey-content=\"true\" data-node-id=\"16\" class=\"css-6wxqfj emevuu60\">La tensi\u00f3n alcanza su punto m\u00e1ximo en la f\u00e1brica. Andr\u00e9s, tras descubrir turbios secretos, no soporta m\u00e1s a su primo y lo enfrenta en un choque de fuerzas, egos y sospechas. Cristina, tambi\u00e9n desbordada por la actitud de Beltr\u00e1n, se distancia definitivamente. Por \u00faltimo, Tasio intenta acercarse a Carmen tras una cena marcada por la tensi\u00f3n. Pero ella deja claro: <strong data-node-id=\"16.1\">\u00abNo pienso tolerar vivir entre secretos\u00bb.<\/strong> Sus palabras podr\u00edan ser el detonante de un acercamiento m\u00e1s \u00edntimo con David.<\/p>\n<p><img src=\"https:\/\/www.europesays.com\/es\/wp-content\/uploads\/2025\/11\/1764493931_497_43af9b8f-983e-4e74-8e74-9a7479b0966b_1681831601.file\" alt=\"Headshot of Pilar Mart\u00ednez\" title=\"Headshot of Pilar Mart\u00ednez\" width=\"100%\" height=\"100%\" decoding=\"async\" loading=\"lazy\" class=\"css-o0wq4v ev8dhu53\"\/><\/p>\n<p>Pilar Mart\u00ednez es periodista especializada en contenidos de televisi\u00f3n y cultura, se gradu\u00f3 en la carrera en Periodismo en la Facultad de Ciencias de la Informaci\u00f3n (Universidad Complutense de Madrid) en el a\u00f1o 2018. Desde entonces ha pasado por las redacciones de Ecoteuve (El Economista), donde realiz\u00f3 sus primeras pr\u00e1cticas durante el verano del 2016.<\/p>\n<p>Posteriormente, concretamente, en el a\u00f1o 2017 se pas\u00f3 al grupo Hearst Espa\u00f1a, donde comenz\u00f3 su andadura en las revistas de televisi\u00f3n: Supertele, Teleprograma, Telenovela. Ahora colabora con Diez Minutos, en su versi\u00f3n web, donde se encarga de realizar los avances semanales de las ficciones diarias de moda, as\u00ed como entrevistas y art\u00edculos sobre los melodramas o telenovelas que aterrizan en nuestro pa\u00eds y aquellos que est\u00e1n por venir.<\/p>\n<p>Toda una cazadora de exclusivas. A esto, se suma su puesto como redactora jefe de la secci\u00f3n de novela narrativa en la revista Culturamas, medio digital de alto impacto al que lleva unida desde el a\u00f1o 2013. \u00c1vida lectora, cin\u00e9fila y seri\u00e9fila de primer nivel, ha hecho de su vocaci\u00f3n su oficio. \u00a0<\/p>\n","protected":false},"excerpt":{"rendered":"Esta semana en &#8216;Sue\u00f1os de libertad&#8216;, la marcha de Andr\u00e9s no solo remueve emociones pasadas, tambi\u00e9n despierta inquietud&hellip;\n","protected":false},"author":2,"featured_media":263406,"comment_status":"","ping_status":"","sticky":false,"template":"","format":"standard","meta":{"footnotes":""},"categories":[171],"tags":[253,146,147,25,24,23,214],"class_list":{"0":"post-263405","1":"post","2":"type-post","3":"status-publish","4":"format-standard","5":"has-post-thumbnail","7":"category-tv","8":"tag-discover","9":"tag-entertainment","10":"tag-entretenimiento","11":"tag-es","12":"tag-espana","13":"tag-spain","14":"tag-tv"},"share_on_mastodon":{"url":"https:\/\/pubeurope.com\/@es\/115637882089849292","error":""},"_links":{"self":[{"href":"https:\/\/www.europesays.com\/es\/wp-json\/wp\/v2\/posts\/263405","targetHints":{"allow":["GET"]}}],"collection":[{"href":"https:\/\/www.europesays.com\/es\/wp-json\/wp\/v2\/posts"}],"about":[{"href":"https:\/\/www.europesays.com\/es\/wp-json\/wp\/v2\/types\/post"}],"author":[{"embeddable":true,"href":"https:\/\/www.europesays.com\/es\/wp-json\/wp\/v2\/users\/2"}],"replies":[{"embeddable":true,"href":"https:\/\/www.europesays.com\/es\/wp-json\/wp\/v2\/comments?post=263405"}],"version-history":[{"count":0,"href":"https:\/\/www.europesays.com\/es\/wp-json\/wp\/v2\/posts\/263405\/revisions"}],"wp:featuredmedia":[{"embeddable":true,"href":"https:\/\/www.europesays.com\/es\/wp-json\/wp\/v2\/media\/263406"}],"wp:attachment":[{"href":"https:\/\/www.europesays.com\/es\/wp-json\/wp\/v2\/media?parent=263405"}],"wp:term":[{"taxonomy":"category","embeddable":true,"href":"https:\/\/www.europesays.com\/es\/wp-json\/wp\/v2\/categories?post=263405"},{"taxonomy":"post_tag","embeddable":true,"href":"https:\/\/www.europesays.com\/es\/wp-json\/wp\/v2\/tags?post=263405"}],"curies":[{"name":"wp","href":"https:\/\/api.w.org\/{rel}","templated":true}]}}