{"id":263407,"date":"2025-11-30T09:13:12","date_gmt":"2025-11-30T09:13:12","guid":{"rendered":"https:\/\/www.europesays.com\/es\/263407\/"},"modified":"2025-11-30T09:13:12","modified_gmt":"2025-11-30T09:13:12","slug":"dua-lipa-ya-esta-en-la-cdmx-fue-vista-con-su-novio-en-este-famoso-restaurante-de-la-capital","status":"publish","type":"post","link":"https:\/\/www.europesays.com\/es\/263407\/","title":{"rendered":"Dua Lipa ya est\u00e1 en la CDMX: fue vista con su novio en este famoso restaurante de la capital"},"content":{"rendered":"<p><img alt=\"Dua Lipa regresar\u00e1 a M\u00e9xico\" class=\"global-image\" decoding=\"async\" fetchpriority=\"high\" height=\"1080\" loading=\"eager\" src=\"https:\/\/www.europesays.com\/es\/wp-content\/uploads\/2025\/11\/B2T3ID54ERAI3AT7OPLRKB73QM.jpg\" width=\"1920\"\/>Dua Lipa regresar\u00e1 a M\u00e9xico con su nuevo tour. (Ocesa)<\/p>\n<p class=\"paragraph\">La presencia de <b>Dua Lipa<\/b> en <b>Ciudad de M\u00e9xico<\/b> se confirm\u00f3 este s\u00e1bado tras ser vista en el restaurante de mariscos Contramar, en la colonia Condesa, donde la reconocida cantante brit\u00e1nica disfrut\u00f3 de una comida acompa\u00f1ada de su pareja, <b>Callum Turner<\/b>. <\/p>\n<p class=\"paragraph\">La visita gener\u00f3 r\u00e1pidamente expectaci\u00f3n entre los asistentes al establecimiento, quienes identificaron a la artista y compartieron la noticia en redes sociales. <\/p>\n<p class=\"paragraph\">La int\u00e9rprete de Rules dar\u00e1 tres conciertos en el emblem\u00e1tico Estadio GNP seguros, reuniendo a <b>180 mil fan\u00e1ticos. <\/b><\/p>\n<p><img alt=\"As\u00ed fue la aparici\u00f3n de\" class=\"global-image\" decoding=\"async\" fetchpriority=\"low\" height=\"987\" loading=\"lazy\" src=\"https:\/\/www.europesays.com\/es\/wp-content\/uploads\/2025\/11\/FPDLNK5PJNBL3HVIDPZJMWA5TI.jpeg\" width=\"595\"\/>As\u00ed fue la aparici\u00f3n de Dua Lipa en CDMX (foto: dualipabrasil)<\/p>\n<p class=\"paragraph\">La elecci\u00f3n de la capital mexicana como punto final del <b>Radical Optimism Tour<\/b> resalta la importancia de este destino en el recorrido internacional de la cantante. El recinto, con capacidad para albergar a miles de asistentes, acoger\u00e1 a quienes esperan escuchar en vivo los temas m\u00e1s emblem\u00e1ticos de la carrera de Dua Lipa. Aunque a\u00fan no se ha confirmado el listado definitivo de canciones, se anticipa que el repertorio incluir\u00e1 sus \u00e9xitos m\u00e1s reconocidos y, posiblemente, algunos covers.<\/p>\n<p><img alt=\"ARCHIVO - Dua Lipa, a\" class=\"global-image\" decoding=\"async\" fetchpriority=\"low\" height=\"810\" loading=\"lazy\" src=\"https:\/\/www.europesays.com\/es\/wp-content\/uploads\/2025\/11\/J4PQWREC6FHYRO5PPWVQYO7VFE.jpg\" width=\"1440\"\/>ARCHIVO &#8211; Dua Lipa, a la izquierda, y Callum Turner asisten a la gala ben\u00e9fica del Instituto del Vestido del Museo Metropolitano de Arte el 5 de mayo de 2025, en Nueva York. (Foto Evan Agostini\/Invision\/AP, archivo)<\/p>\n<p class=\"paragraph\">Nacido el quince de febrero de 1990 en Londres, <b>Callum Turner<\/b> inici\u00f3 su carrera en el mundo del modelaje antes de consolidarse como actor. Su trayectoria abarca desde producciones independientes hasta grandes \u00e9xitos de taquilla, destac\u00e1ndose especialmente por su interpretaci\u00f3n de <b>Theseus Scamander<\/b> en la saga de <b>Animales Fant\u00e1sticos<\/b>, papel que lo catapult\u00f3 al circuito de Hollywood y le otorg\u00f3 reconocimiento internacional. <\/p>\n<p class=\"paragraph\">El v\u00ednculo sentimental entre <b>Dua Lipa<\/b> y Turner comenz\u00f3 a generar especulaciones cuando ambos empezaron a aparecer juntos en eventos relacionados con sus carreras. No obstante, la confirmaci\u00f3n oficial de su compromiso lleg\u00f3 en junio de 2025, consolidando a Turner como la pareja de una de las voces m\u00e1s influyentes del pop contempor\u00e1neo. Desde entonces, la pareja ha mantenido una actitud reservada respecto a su vida privada, aunque su llegada a CDMX no pas\u00f3 desapercibida para el p\u00fablico local.<\/p>\n<p><img alt=\"(Archivo)\" class=\"global-image\" decoding=\"async\" fetchpriority=\"low\" height=\"1080\" loading=\"lazy\" src=\"https:\/\/www.europesays.com\/es\/wp-content\/uploads\/2025\/11\/3X64GYEEN5BQTNMACF3MF7TYKQ.jpg\" width=\"1920\"\/>(Archivo)<\/p>\n<p class=\"paragraph\">En cuanto a las condiciones meteorol\u00f3gicas previstas para los d\u00edas de los conciertos, Meteored ha informado que el clima en la Ciudad de M\u00e9xico ser\u00e1 favorable para los asistentes. El uno de diciembre, a las 21:00 horas, se espera un cielo parcialmente nuboso, una temperatura de <b>16 \u2103<\/b> y ausencia de lluvias. Para el dos de diciembre, la temperatura ascender\u00e1 a <b>17 \u2103<\/b>, con intervalos de nubes y claros, y tampoco se prev\u00e9n precipitaciones. El viernes cinco de diciembre, el pron\u00f3stico indica nubes y claros, sin lluvias y una temperatura de <b>18 \u2103<\/b>.<\/p>\n<p><img alt=\"(Archivo)\" class=\"global-image\" decoding=\"async\" fetchpriority=\"low\" height=\"1080\" loading=\"lazy\" src=\"https:\/\/www.europesays.com\/es\/wp-content\/uploads\/2025\/11\/7ZTHSC4WSFF3HITYNBBUVSVS3Y.jpg\" width=\"1920\"\/>(Archivo)<\/p>\n<ul data-icon=\"\u2b24\" class=\"list\">\n<li data-icon=\"\u2b24\">Training Season<\/li>\n<li data-icon=\"\u2b24\">End of an Era<\/li>\n<li data-icon=\"\u2b24\">Break My Heart<\/li>\n<li data-icon=\"\u2b24\">One Kiss<\/li>\n<li data-icon=\"\u2b24\">Whatcha Doing<\/li>\n<li data-icon=\"\u2b24\">Levitating<\/li>\n<li data-icon=\"\u2b24\">These Walls<\/li>\n<li data-icon=\"\u2b24\">Maria<\/li>\n<li data-icon=\"\u2b24\">Physical<\/li>\n<li data-icon=\"\u2b24\">Electricity<\/li>\n<li data-icon=\"\u2b24\">Hallucinate<\/li>\n<li data-icon=\"\u2b24\">Illusion<\/li>\n<li data-icon=\"\u2b24\">Falling Forever<\/li>\n<li data-icon=\"\u2b24\">Happy for You<\/li>\n<li data-icon=\"\u2b24\">Love Again<\/li>\n<li data-icon=\"\u2b24\">Anything for Love<\/li>\n<li data-icon=\"\u2b24\">Be the One<\/li>\n<li data-icon=\"\u2b24\">New Rules<\/li>\n<li data-icon=\"\u2b24\">Dance the Night\u00a0<\/li>\n<li data-icon=\"\u2b24\">Don\u2019t Start Now<\/li>\n<li data-icon=\"\u2b24\">Houdini<\/li>\n<\/ul>\n","protected":false},"excerpt":{"rendered":"Dua Lipa regresar\u00e1 a M\u00e9xico con su nuevo tour. (Ocesa) La presencia de Dua Lipa en Ciudad de&hellip;\n","protected":false},"author":2,"featured_media":263408,"comment_status":"","ping_status":"","sticky":false,"template":"","format":"standard","meta":{"footnotes":""},"categories":[170],"tags":[36022,146,147,25,24,62262,184,185,23],"class_list":{"0":"post-263407","1":"post","2":"type-post","3":"status-publish","4":"format-standard","5":"has-post-thumbnail","7":"category-musica","8":"tag-chanel","9":"tag-entertainment","10":"tag-entretenimiento","11":"tag-es","12":"tag-espana","13":"tag-met-gala","14":"tag-music","15":"tag-musica","16":"tag-spain"},"share_on_mastodon":{"url":"https:\/\/pubeurope.com\/@es\/115637886169217497","error":""},"_links":{"self":[{"href":"https:\/\/www.europesays.com\/es\/wp-json\/wp\/v2\/posts\/263407","targetHints":{"allow":["GET"]}}],"collection":[{"href":"https:\/\/www.europesays.com\/es\/wp-json\/wp\/v2\/posts"}],"about":[{"href":"https:\/\/www.europesays.com\/es\/wp-json\/wp\/v2\/types\/post"}],"author":[{"embeddable":true,"href":"https:\/\/www.europesays.com\/es\/wp-json\/wp\/v2\/users\/2"}],"replies":[{"embeddable":true,"href":"https:\/\/www.europesays.com\/es\/wp-json\/wp\/v2\/comments?post=263407"}],"version-history":[{"count":0,"href":"https:\/\/www.europesays.com\/es\/wp-json\/wp\/v2\/posts\/263407\/revisions"}],"wp:featuredmedia":[{"embeddable":true,"href":"https:\/\/www.europesays.com\/es\/wp-json\/wp\/v2\/media\/263408"}],"wp:attachment":[{"href":"https:\/\/www.europesays.com\/es\/wp-json\/wp\/v2\/media?parent=263407"}],"wp:term":[{"taxonomy":"category","embeddable":true,"href":"https:\/\/www.europesays.com\/es\/wp-json\/wp\/v2\/categories?post=263407"},{"taxonomy":"post_tag","embeddable":true,"href":"https:\/\/www.europesays.com\/es\/wp-json\/wp\/v2\/tags?post=263407"}],"curies":[{"name":"wp","href":"https:\/\/api.w.org\/{rel}","templated":true}]}}