{"id":263413,"date":"2025-11-30T09:17:10","date_gmt":"2025-11-30T09:17:10","guid":{"rendered":"https:\/\/www.europesays.com\/es\/263413\/"},"modified":"2025-11-30T09:17:10","modified_gmt":"2025-11-30T09:17:10","slug":"avance-semanal-de-la-promesa-del-1-al-5-de-diciembre","status":"publish","type":"post","link":"https:\/\/www.europesays.com\/es\/263413\/","title":{"rendered":"Avance semanal de &#8216;La Promesa\u2019 del 1 al 5 de diciembre"},"content":{"rendered":"<p style=\"text-align:justify;\">El enfrentamiento entre Curro y Lorenzo ha marcado un antes y un despu\u00e9s en La Promesa. El lacayo, a pesar de toda la rabia contenida, no ha sido capaz de acabar con la vida del capit\u00e1n de la Mata. \u00a1\u00c9l no es un asesino! Lorenzo, por su parte, ha decidido no contar nada de lo ocurrido &#8211; por verg\u00fcenza, b\u00e1sicamente -. A cambio, ha amenazado a Curro con lo que m\u00e1s quiere: har\u00e1 sufrir a \u00c1ngela como nunca antes\u2026 <strong>Si quieres saber lo que va a pasar del 1 al 5 de diciembre aqu\u00ed te dejamos el avance de los episodios 727 al 729.<\/strong><\/p>\n<p>Avance del cap\u00edtulo 727 del lunes 1 de diciembre<\/p>\n<p style=\"text-align:justify;\"><strong>Jacobo y Martina siguen indecisos respecto a su futuro juntos<\/strong>. Aunque creen que su relaci\u00f3n merece una oportunidad, la joven necesita m\u00e1s tiempo para decidir. La gesti\u00f3n de las tierras complica el trato entre Jacobo y Adriano, lo que obliga a Martina a lidiar entre ellos. Muy a su pesar, <strong>To\u00f1o revela a Manuel que Enora est\u00e1 m\u00e1s preocupada en mejorar el motor que en la investigaci\u00f3n de la participaci\u00f3n de don Lisandro en la empresa<\/strong> de don Luis. Como agua de mayo espera Curro algo de ayuda; la situaci\u00f3n de \u00c1ngela con Lorenzo lleva al muchacho a acudir a su hermano. Acuciantes se aventuran las pr\u00f3ximas semanas para el servicio: <strong>Crist\u00f3bal, junto a Teresa, anuncian el fin de las libranzas\u2026 y la llegada de un nuevo lacayo, que deja a Mar\u00eda Fern\u00e1ndez estupefacta.<\/strong><\/p>\n<p>La Promesa: Carlo llega al palacio de los Luj\u00e1n\u00a0MARTA GARCIA COMPANY<\/p>\n<p>Martes 2 de diciembre<\/p>\n<p style=\"text-align:justify;\">El martes 2 de diciembre no se emitir\u00e1 nuevo cap\u00edtulo de La Promesa para dejar paso al partido Espa\u00f1a &#8211; Alemania de la UEFA Women&#8217;s Nations League.<\/p>\n<p>Avance del cap\u00edtulo 728 del mi\u00e9rcoles 3 de diciembre<\/p>\n<p style=\"text-align:justify;\">\u00c1ngela confiesa a Martina su desesperaci\u00f3n ante la inminente boda, mientras Martina sigue lidiando con las tensiones entre Jacobo y Adriano, que estallan en una dura discusi\u00f3n agravada por Leocadia. <strong>Curro revela a Manuel su amor por \u00c1ngela y su enfrentamiento con Lorenzo<\/strong>, logrando su apoyo para impedir la boda, lo que provoca un nuevo encontronazo. <strong>Mar\u00eda Fern\u00e1ndez se incomoda con la llegada de Carlo<\/strong>, <strong>el padre del hijo que espera, <\/strong>pero Samuel la anima a hablar con \u00e9l. <\/p>\n<p>La Promesa: Curro revela a Manuel su amor por \u00c1ngela\u00a0t<\/p>\n<p style=\"text-align:justify;\"><strong>Teresa advierte a las doncellas del aumento de trabajo y recibe la negativa de Crist\u00f3bal a ofrecerles una compensaci\u00f3n<\/strong>, aunque libera a Lope para colaborar en el men\u00fa de la boda. Petra investiga junto a Lope y Vera qui\u00e9n est\u00e1 detr\u00e1s del plagio de las recetas, sin obtener todav\u00eda resultados. Manuel pide a Enora que se centre en investigar a don Lisandro y no en mejorar el motor. Sin embargo, Enora persuade a To\u00f1o para que la apoye a espaldas de Manuel.<\/p>\n<p>Avance del cap\u00edtulo 729 del jueves 4 de diciembre<\/p>\n<p style=\"text-align:justify;\"><strong>Las investigaciones de Petra no tardan en dar frutos, pero el ladr\u00f3n de recetas trata de convencerla para que no lo delate<\/strong>. \u00bfLo conseguir\u00e1? <strong>Samuel y Mar\u00eda Fern\u00e1ndez se ven obligados a reprender a Carlo por prestarle demasiada atenci\u00f3n a las doncellas<\/strong>. En vez de investigar para Manuel, Enora y To\u00f1o trabajan en secreto en un nuevo motor que promete ser mucho mejor que el anterior. <strong>Adriano pide a Leocadia hablar personalmente con el detective que ella contrat\u00f3<\/strong> para buscar a Catalina. <strong>Teresa informa al servicio de que no habr\u00e1 libranzas ni gratificaci\u00f3n, lo que desemboca en las protestas de Petra.<\/strong><\/p>\n<p>La Promesa: Adriano pide a Leocadia hablar con el detective<\/p>\n<p>Viernes 5 de diciembre<\/p>\n<p style=\"text-align:justify;\">El viernes 5 de diciembre no se emitir\u00e1 nuevo cap\u00edtulo de La Promesa para dejar paso al sorteo del Mundial 2026<\/p>\n","protected":false},"excerpt":{"rendered":"El enfrentamiento entre Curro y Lorenzo ha marcado un antes y un despu\u00e9s en La Promesa. El lacayo,&hellip;\n","protected":false},"author":2,"featured_media":263414,"comment_status":"","ping_status":"","sticky":false,"template":"","format":"standard","meta":{"footnotes":""},"categories":[91],"tags":[146,147,25,24,23],"class_list":{"0":"post-263413","1":"post","2":"type-post","3":"status-publish","4":"format-standard","5":"has-post-thumbnail","7":"category-entretenimiento","8":"tag-entertainment","9":"tag-entretenimiento","10":"tag-es","11":"tag-espana","12":"tag-spain"},"share_on_mastodon":{"url":"https:\/\/pubeurope.com\/@es\/115637901397110563","error":""},"_links":{"self":[{"href":"https:\/\/www.europesays.com\/es\/wp-json\/wp\/v2\/posts\/263413","targetHints":{"allow":["GET"]}}],"collection":[{"href":"https:\/\/www.europesays.com\/es\/wp-json\/wp\/v2\/posts"}],"about":[{"href":"https:\/\/www.europesays.com\/es\/wp-json\/wp\/v2\/types\/post"}],"author":[{"embeddable":true,"href":"https:\/\/www.europesays.com\/es\/wp-json\/wp\/v2\/users\/2"}],"replies":[{"embeddable":true,"href":"https:\/\/www.europesays.com\/es\/wp-json\/wp\/v2\/comments?post=263413"}],"version-history":[{"count":0,"href":"https:\/\/www.europesays.com\/es\/wp-json\/wp\/v2\/posts\/263413\/revisions"}],"wp:featuredmedia":[{"embeddable":true,"href":"https:\/\/www.europesays.com\/es\/wp-json\/wp\/v2\/media\/263414"}],"wp:attachment":[{"href":"https:\/\/www.europesays.com\/es\/wp-json\/wp\/v2\/media?parent=263413"}],"wp:term":[{"taxonomy":"category","embeddable":true,"href":"https:\/\/www.europesays.com\/es\/wp-json\/wp\/v2\/categories?post=263413"},{"taxonomy":"post_tag","embeddable":true,"href":"https:\/\/www.europesays.com\/es\/wp-json\/wp\/v2\/tags?post=263413"}],"curies":[{"name":"wp","href":"https:\/\/api.w.org\/{rel}","templated":true}]}}