{"id":263417,"date":"2025-11-30T09:19:11","date_gmt":"2025-11-30T09:19:11","guid":{"rendered":"https:\/\/www.europesays.com\/es\/263417\/"},"modified":"2025-11-30T09:19:11","modified_gmt":"2025-11-30T09:19:11","slug":"transformacion-digital-excluye-a-telefonica-del-contrato-de-ciberseguridad-del-estado","status":"publish","type":"post","link":"https:\/\/www.europesays.com\/es\/263417\/","title":{"rendered":"Transformaci\u00f3n Digital excluye a Telef\u00f3nica del contrato de ciberseguridad del Estado"},"content":{"rendered":"<p>La Mesa de Contrataci\u00f3n de los servicios consolidados de telecomunicaciones de la Administraci\u00f3n General del Estado ha acordado proponer la exclusi\u00f3n de la UTE integrada por Telef\u00f3nica de Espa\u00f1a y Telef\u00f3nica Soluciones (UTE TdE-TSOL)<b> como adjudicataria del lote 3 del contrato estatal de comunicaciones <\/b>por incurrir en prohibici\u00f3n de contratar al carecer la empresa que le aporta solvencia del preceptivo plan de igualdad inscrito.<\/p>\n<p>Se trata, curiosamente, del <b>mismo motivo por el que la Mesa anul\u00f3 previamente el contrato obtenido por MaSOrange.<\/b><\/p>\n<p>En su<b> sesi\u00f3n del 12 de noviembre <\/b>de 2025, la Mesa concluy\u00f3 que la uni\u00f3n temporal liderada por la filial de Telef\u00f3nica deb\u00eda quedar fuera del lote 3, relativo a los servicios de interconexi\u00f3n de centros de proceso de datos, seguridad e Internet, dentro del expediente de &#8216;Servicios consolidados de telecomunicaciones de la Administraci\u00f3n General del Estado y otras entidades p\u00fablicas&#8217; (Fase III).<\/p>\n<p>El \u00f3rgano colegiado afirma que la empresa Govertis Advisory Services, que aportaba solvencia t\u00e9cnica a la UTE,<b> tiene m\u00e1s de 50 trabajadores y<\/b>, pese a estar legalmente obligada, no consta con plan de igualdad inscrito en el registro oficial.<\/p>\n<p>La Mesa se\u00f1ala que, al verificarse de oficio en el registro de planes de igualdad (Regcon) <b>la ausencia de inscripci\u00f3n de Govertis, <\/b>concurre una causa de prohibici\u00f3n de contratar conforme a la Ley de Contratos del Sector P\u00fablico, al tratarse de un requisito personal imprescindible para acceder al contrato.<\/p>\n<p>El acta detalla que esta sociedad del grupo Telef\u00f3nica <b>figuraba como entidad que integra solvencia t\u00e9cnica de la UTE<\/b>, por lo que la falta de plan de igualdad afecta directamente a la aptitud de la oferta.<\/p>\n<p>Antes de la decisi\u00f3n, la UTE TdE-TSOL intent\u00f3 sustituir a Govertis por otra empresa del grupo, Telef\u00f3nica Cybersecurity &amp; Cloud Tech (TCCT), alegando que esta \u00faltima habr\u00eda desarrollado ya las capacidades necesarias para asumir los perfiles comprometidos, <b>incluido el responsable de &#8216;compliance&#8217;.<\/b><\/p>\n<p><b>La Mesa rechaza esta posibilidad al entender que supondr\u00eda modificar la oferta fuera de plazo <\/b>y completar la solvencia de la licitadora despu\u00e9s del cierre de presentaci\u00f3n de proposiciones, vulnerando los principios de igualdad de trato, transparencia y libre concurrencia.<\/p>\n<p>Lote desierto<\/p>\n<p>El acuerdo de la Mesa precisa que, de prosperar la exclusi\u00f3n por parte del \u00f3rgano de contrataci\u00f3n, la licitaci\u00f3n del lote 3 <b>quedar\u00e1 desierta, al no existir otro licitador con oferta clasificada en este tramo del contrato.<\/b><\/p>\n<p>Adem\u00e1s, se traslada al \u00f3rgano de contrataci\u00f3n una consulta <b>sobre los posibles efectos que esta situaci\u00f3n pudiera tener en el lote 1<\/b>, que comparte el mismo adjudicatario propuesto.<\/p>\n<p>El expediente forma parte de la tercera fase de los servicios consolidados de telecomunicaciones, que <b>agrupan los contratos de comunicaciones de la AGE <\/b>y de otras entidades p\u00fablicas bajo la coordinaci\u00f3n de la Secretar\u00eda de Estado de Funci\u00f3n P\u00fablica.<\/p>\n<p>WhatsApp<a href=\"https:\/\/api.whatsapp.com\/send?text=https:\/\/www.eleconomista.es\/telecomunicaciones\/noticias\/13668605\/11\/25\/transformacion-digital-excluye-a-telefonica-del-contrato-de-ciberseguridad-del-estado.html?utm_source%3Dwhatsapp%26utm_medium%3Dshare_button&amp;id=1648118629957_whatsapp\" target=\"_blank\" data-action=\"share\/whatsapp\/share\" aria-label=\"Compartir en Whatsapp\" rel=\"nofollow noopener\"><\/a>Facebook<a id=\"fb-share\" href=\"#\" target=\"_blank\" rel=\"noopener noreferrer\" aria-label=\"Compartir en Facebook\"><\/a>Twitter<a href=\"https:\/\/twitter.com\/share?text=Transformaci%C3%B3n+Digital+excluye+a+Telef%C3%B3nica+del+contrato+de+ciberseguridad+del+Estado&amp;url=https:\/\/www.eleconomista.es\/telecomunicaciones\/noticias\/13668605\/11\/25\/transformacion-digital-excluye-a-telefonica-del-contrato-de-ciberseguridad-del-estado.html&amp;via=elEconomistaes&amp;id=1648118839245_twitter\" target=\"_blank\" aria-label=\"Compartir en Twitter\" rel=\"nofollow noopener\"><\/a>Linkedin<a href=\"https:\/\/linkedin.com\/share?text=https:\/\/www.eleconomista.es\/telecomunicaciones\/noticias\/13668605\/11\/25\/transformacion-digital-excluye-a-telefonica-del-contrato-de-ciberseguridad-del-estado.html&amp;via=elEconomistaes\" target=\"_blank\" aria-label=\"Compartir en linkedin\" rel=\"nofollow noopener\"><\/a>Beloud<a href=\"https:\/\/beloud.com\/share?text=Transformaci%C3%B3n+Digital+excluye+a+Telef%C3%B3nica+del+contrato+de+ciberseguridad+del+Estado&amp;url=https:\/\/www.eleconomista.es\/telecomunicaciones\/noticias\/13668605\/11\/25\/transformacion-digital-excluye-a-telefonica-del-contrato-de-ciberseguridad-del-estado.html&amp;via=elEconomistaes&amp;id=1648118839245_beloud\" target=\"_blank\" aria-label=\"Compartir en beloud\" rel=\"nofollow noopener\"><\/a>Bluesky<a href=\"https:\/\/bsky.app\/intent\/compose?text=https:\/\/bsky.app\/intent\/compose?text=https:\/\/www.eleconomista.es\/telecomunicaciones\/noticias\/13668605\/11\/25\/transformacion-digital-excluye-a-telefonica-del-contrato-de-ciberseguridad-del-estado.html&amp;url=https:\/\/www.eleconomista.es\/telecomunicaciones\/noticias\/13668605\/11\/25\/transformacion-digital-excluye-a-telefonica-del-contrato-de-ciberseguridad-del-estado.html&amp;via=elEconomistaes&amp;id=1648118839245_bluesky\" target=\"_blank\" aria-label=\"Compartir en bluesky\" rel=\"nofollow noopener\"><\/a><\/p>\n<p><script async src=\"https:\/\/platform.twitter.com\/widgets.js\" charset=\"utf-8\"><\/script><\/p>\n","protected":false},"excerpt":{"rendered":"La Mesa de Contrataci\u00f3n de los servicios consolidados de telecomunicaciones de la Administraci\u00f3n General del Estado ha acordado&hellip;\n","protected":false},"author":2,"featured_media":263418,"comment_status":"","ping_status":"","sticky":false,"template":"","format":"standard","meta":{"footnotes":""},"categories":[80],"tags":[82,95,94,25,24,23,6538],"class_list":{"0":"post-263417","1":"post","2":"type-post","3":"status-publish","4":"format-standard","5":"has-post-thumbnail","7":"category-economia","8":"tag-business","9":"tag-economia","10":"tag-economy","11":"tag-es","12":"tag-espana","13":"tag-spain","14":"tag-telecomunicaciones"},"share_on_mastodon":{"url":"https:\/\/pubeurope.com\/@es\/115637909648107686","error":""},"_links":{"self":[{"href":"https:\/\/www.europesays.com\/es\/wp-json\/wp\/v2\/posts\/263417","targetHints":{"allow":["GET"]}}],"collection":[{"href":"https:\/\/www.europesays.com\/es\/wp-json\/wp\/v2\/posts"}],"about":[{"href":"https:\/\/www.europesays.com\/es\/wp-json\/wp\/v2\/types\/post"}],"author":[{"embeddable":true,"href":"https:\/\/www.europesays.com\/es\/wp-json\/wp\/v2\/users\/2"}],"replies":[{"embeddable":true,"href":"https:\/\/www.europesays.com\/es\/wp-json\/wp\/v2\/comments?post=263417"}],"version-history":[{"count":0,"href":"https:\/\/www.europesays.com\/es\/wp-json\/wp\/v2\/posts\/263417\/revisions"}],"wp:featuredmedia":[{"embeddable":true,"href":"https:\/\/www.europesays.com\/es\/wp-json\/wp\/v2\/media\/263418"}],"wp:attachment":[{"href":"https:\/\/www.europesays.com\/es\/wp-json\/wp\/v2\/media?parent=263417"}],"wp:term":[{"taxonomy":"category","embeddable":true,"href":"https:\/\/www.europesays.com\/es\/wp-json\/wp\/v2\/categories?post=263417"},{"taxonomy":"post_tag","embeddable":true,"href":"https:\/\/www.europesays.com\/es\/wp-json\/wp\/v2\/tags?post=263417"}],"curies":[{"name":"wp","href":"https:\/\/api.w.org\/{rel}","templated":true}]}}