{"id":263419,"date":"2025-11-30T09:20:10","date_gmt":"2025-11-30T09:20:10","guid":{"rendered":"https:\/\/www.europesays.com\/es\/263419\/"},"modified":"2025-11-30T09:20:10","modified_gmt":"2025-11-30T09:20:10","slug":"trump-y-su-deseo-de-crear-un-electorado-europeo-de-extrema-derecha-ideas","status":"publish","type":"post","link":"https:\/\/www.europesays.com\/es\/263419\/","title":{"rendered":"Trump y su deseo de crear un electorado europeo de extrema derecha | Ideas"},"content":{"rendered":"<p class=\"\">Quienes pensaron, como pudo creer la presidenta de la Comisi\u00f3n Europea, Ursula von der Leyen, que todo se trataba de econom\u00eda, de proporcionar al nuevo presidente de Estados Unidos, Donald Trump, los fondos que \u00e9l consideraba justo que fueran devueltos a su pa\u00eds, bien mediante pago de aranceles, inversiones, gastos en defensa, etc\u00e9tera, se equivocaron. Trump pretende que<a href=\"https:\/\/elpais.com\/internacional\/2025-11-25\/la-caotica-politica-arancelaria-de-trump-cambia-el-equilibrio-del-comercio-mundial.html\" target=\"_self\" rel=\"nofollow noopener\" title=\"https:\/\/elpais.com\/internacional\/2025-11-25\/la-caotica-politica-arancelaria-de-trump-cambia-el-equilibrio-del-comercio-mundial.html\"> Europa aumente su gasto en EE UU. <\/a>Sin duda, para poder reducir los impuestos en su pa\u00eds, pero lo fundamental para \u00e9l no es la econom\u00eda, sino la ideolog\u00eda, pura y dura. Trump tiene <a href=\"https:\/\/elpais.com\/espana\/2025-02-15\/alarma-resistencia-y-un-toque-de-humor-ocho-intelectuales-espanoles-ante-la-era-trump-musk.html\" target=\"_self\" rel=\"nofollow noopener\" title=\"https:\/\/elpais.com\/espana\/2025-02-15\/alarma-resistencia-y-un-toque-de-humor-ocho-intelectuales-espanoles-ante-la-era-trump-musk.html\">un proyecto pol\u00edtico basado en la antiinmigraci\u00f3n, lo antiwoke y lo antiverde<\/a>. \u201cNo est\u00e1 interesado en exportar democracia. Es una divisi\u00f3n izquierda-derecha, en lugar de la divisi\u00f3n tradicional entre democracia y autoritarismo, lo que define las pol\u00edticas de Trump\u201d, escribe Ivan Krastev, del Instituto de Ciencias Humanas de Viena, y la se\u00f1ora Von der Leyen no parece entenderlo.<\/p>\n<p class=\"\">Se podr\u00eda pensar que lo que m\u00e1s desagrada a Donald Trump, y a su equipo de pensadores, procedentes en su mayor\u00eda de la Fundaci\u00f3n Heritage, es la Uni\u00f3n Europea, el entramado creado a ra\u00edz de la II Guerra Mundial, con una serie de acuerdos internos entre pa\u00edses diferentes entre s\u00ed, pero cercanos en su experiencia de los a\u00f1os cuarenta del siglo pasado. Trump cree que <a href=\"https:\/\/elpais.com\/internacional\/2025-09-23\/un-informe-advierte-a-la-ue-del-riesgo-de-caer-en-el-vasallaje-ante-trump.html\" target=\"_self\" rel=\"nofollow noopener\" title=\"https:\/\/elpais.com\/internacional\/2025-09-23\/un-informe-advierte-a-la-ue-del-riesgo-de-caer-en-el-vasallaje-ante-trump.html\">tiene ahora la mejor ocasi\u00f3n para desmontar, al menos, parte de ese entramado<\/a>, de manera que se cree un electorado europeo de extrema derecha, una estructura que parta de pa\u00edses como Hungr\u00eda y se consolide con partidos de ra\u00edz autoritaria. Para ello, considera que las pol\u00edticas de antiinmigraci\u00f3n y antiverde (pol\u00edticas que no den prioridad a medidas contra el cambio clim\u00e1tico o similares) pueden ser la columna vertebral de ese nuevo electorado autoritario. <\/p>\n<p>M\u00e1s informaci\u00f3n<\/p>\n<p class=\"\">Y de momento, parece tener un cierto \u00e9xito: hay bastantes pa\u00edses miembros de la UE que dudan entre estrechar y profundizar las actuales estructuras, con fuertes inversiones internas que le proporcionen nuevo poder interno, como propone el expresidente del Banco Central Europeo Mario Draghi o el ex primer ministro italiano Enrico Letta, y otros que est\u00e1n dispuestos a conectar con las propuestas de Trump, sobre todo en inmigraci\u00f3n y en reducci\u00f3n de las pol\u00edticas clim\u00e1ticas. El presidente h\u00fangaro, Viktor Orb\u00e1n, parece ser el <a href=\"https:\/\/elpais.com\/internacional\/2025-09-19\/orban-sigue-el-ejemplo-de-trump-al-pretender-declarar-el-movimiento-antifa-organizacion-terrorista.html\" target=\"_blank\" rel=\"noreferrer nofollow noopener\" title=\"https:\/\/elpais.com\/internacional\/2025-09-19\/orban-sigue-el-ejemplo-de-trump-al-pretender-declarar-el-movimiento-antifa-organizacion-terrorista.html\">principal motor de ese movimiento<\/a> de los europeos hacia la derecha autoritaria, pero es poco probable que Orb\u00e1n sea suficiente para preservar el dominio estadounidense. En cambio, es probable que el ascenso de la derecha iliberal genere una crisis econ\u00f3mica y pol\u00edtica cada vez m\u00e1s profunda que provocar\u00e1 lo que el polit\u00f3logo de Oxford Dimitar Bechev define como \u201cla lucha por Europa\u201d, una situaci\u00f3n en la que grandes potencias como China y Rusia, y potencias intermedias como Turqu\u00eda y los pa\u00edses del Golfo, competir\u00e1n cada vez m\u00e1s por su influencia en ella, asegura Krastev. <\/p>\n<p class=\"\">Es probable que el primer encuentro serio, el primer momento en que la mayor\u00eda de los pa\u00edses europeos tenga que definirse de verdad sea en lo relativo a la regulaci\u00f3n de las nuevas tecnolog\u00edas, inteligencia artificial incluida. Ah\u00ed se ver\u00e1 muy probablemente hasta d\u00f3nde es capaz de resistir la Uni\u00f3n y hasta d\u00f3nde Europa es capaz de defender sus principios m\u00e1s b\u00e1sicos, mercado \u00fanico, reglas democr\u00e1ticas comunes. No se trata de que la Uni\u00f3n <a href=\"https:\/\/elpais.com\/tecnologia\/2025-11-19\/la-ue-concede-a-las-tecnologicas-16-meses-mas-para-que-su-ia-de-alto-riesgo-cumpla-la-normativa.html\" target=\"_blank\" rel=\"noreferrer nofollow noopener\" title=\"https:\/\/elpais.com\/tecnologia\/2025-11-19\/la-ue-concede-a-las-tecnologicas-16-meses-mas-para-que-su-ia-de-alto-riesgo-cumpla-la-normativa.html\">reh\u00fase impulsar la inteligencia artificial<\/a>, en su mayor parte procedente de grandes empresas estadounidenses, sino de algo m\u00e1s importante: \u00bfse van a buscar normas regulatorias para su uso y desarrollo en Europa? Porque la UE hace frente a su imperativo de integraci\u00f3n m\u00e1s urgente: sentar las bases institucionales y tecnol\u00f3gicas de la soberan\u00eda digital.<\/p>\n<p class=\"\">Por ahora, la Uni\u00f3n Europea ha conseguido poner en marcha una parte importante de esa regulaci\u00f3n digital. Bruselas est\u00e1 a la vanguardia mundial en materia de regulaci\u00f3n digital progresista. El Reglamento General de Protecci\u00f3n de Datos (RGPD) estableci\u00f3 normas mundiales <a href=\"https:\/\/cincodias.elpais.com\/legal\/2025-05-28\/siete-anos-de-rgpd-del-desconcierto-inicial-al-estandar-mundial.html\" target=\"_blank\" rel=\"noreferrer nofollow noopener\" title=\"https:\/\/cincodias.elpais.com\/legal\/2025-05-28\/siete-anos-de-rgpd-del-desconcierto-inicial-al-estandar-mundial.html\">para la protecci\u00f3n de datos<\/a>, empoderando a los ciudadanos y remodelando las pr\u00e1cticas empresariales. La Ley de Mercados Digitales (DMA) y la Ley de Inteligencia Artificial reafirman el compromiso de Europa con la transparencia, la equidad y el inter\u00e9s p\u00fablico. Pero seguimos dependiendo de proveedores chinos o estadounidenses para acceder a esa tecnolog\u00eda. <\/p>\n","protected":false},"excerpt":{"rendered":"Quienes pensaron, como pudo creer la presidenta de la Comisi\u00f3n Europea, Ursula von der Leyen, que todo se&hellip;\n","protected":false},"author":2,"featured_media":263420,"comment_status":"","ping_status":"","sticky":false,"template":"","format":"standard","meta":{"footnotes":""},"categories":[42],"tags":[17,18,2317,352,1800,95,629,13,14,11314,11,590,61,62,63,64,65505,19,20,6688,9,10,15,16,1925,952,12,41517,21,22,1617,1707,65,66,67],"class_list":{"0":"post-263419","1":"post","2":"type-post","3":"status-publish","4":"format-standard","5":"has-post-thumbnail","7":"category-internacional","8":"tag-breaking-news","9":"tag-breakingnews","10":"tag-bruselas","11":"tag-donald-trump","12":"tag-ecologia","13":"tag-economia","14":"tag-estados-unidos","15":"tag-featured-news","16":"tag-featurednews","17":"tag-grandes-tecnologicas","18":"tag-headlines","19":"tag-inmigracion","20":"tag-internacional","21":"tag-international","22":"tag-international-news","23":"tag-internationalnews","24":"tag-justicia-social","25":"tag-latest-news","26":"tag-latestnews","27":"tag-medio-ambiente","28":"tag-news","29":"tag-noticias","30":"tag-noticias-destacadas","31":"tag-noticiasdestacadas","32":"tag-opinion","33":"tag-politica","34":"tag-titulares","35":"tag-transformacion-digital","36":"tag-ultimas-noticias","37":"tag-ultimasnoticias","38":"tag-union-europea","39":"tag-ursula-von-der-leyen","40":"tag-world","41":"tag-world-news","42":"tag-worldnews"},"share_on_mastodon":{"url":"","error":"Validation failed: Text character limit of 500 exceeded"},"_links":{"self":[{"href":"https:\/\/www.europesays.com\/es\/wp-json\/wp\/v2\/posts\/263419","targetHints":{"allow":["GET"]}}],"collection":[{"href":"https:\/\/www.europesays.com\/es\/wp-json\/wp\/v2\/posts"}],"about":[{"href":"https:\/\/www.europesays.com\/es\/wp-json\/wp\/v2\/types\/post"}],"author":[{"embeddable":true,"href":"https:\/\/www.europesays.com\/es\/wp-json\/wp\/v2\/users\/2"}],"replies":[{"embeddable":true,"href":"https:\/\/www.europesays.com\/es\/wp-json\/wp\/v2\/comments?post=263419"}],"version-history":[{"count":0,"href":"https:\/\/www.europesays.com\/es\/wp-json\/wp\/v2\/posts\/263419\/revisions"}],"wp:featuredmedia":[{"embeddable":true,"href":"https:\/\/www.europesays.com\/es\/wp-json\/wp\/v2\/media\/263420"}],"wp:attachment":[{"href":"https:\/\/www.europesays.com\/es\/wp-json\/wp\/v2\/media?parent=263419"}],"wp:term":[{"taxonomy":"category","embeddable":true,"href":"https:\/\/www.europesays.com\/es\/wp-json\/wp\/v2\/categories?post=263419"},{"taxonomy":"post_tag","embeddable":true,"href":"https:\/\/www.europesays.com\/es\/wp-json\/wp\/v2\/tags?post=263419"}],"curies":[{"name":"wp","href":"https:\/\/api.w.org\/{rel}","templated":true}]}}