{"id":263421,"date":"2025-11-30T09:21:09","date_gmt":"2025-11-30T09:21:09","guid":{"rendered":"https:\/\/www.europesays.com\/es\/263421\/"},"modified":"2025-11-30T09:21:09","modified_gmt":"2025-11-30T09:21:09","slug":"mueren-tres-jovenes-de-22-23-y-25-anos-en-un-accidente-de-trafico-en-cabezon-de-la-sal-cantabria","status":"publish","type":"post","link":"https:\/\/www.europesays.com\/es\/263421\/","title":{"rendered":"Mueren tres j\u00f3venes de 22, 23 y 25 a\u00f1os en un accidente de tr\u00e1fico en Cabez\u00f3n de la Sal, Cantabria"},"content":{"rendered":"<p class=\"L6-news-detail__text\"><b>Tres j\u00f3venes de 22, 23 y 25 a\u00f1os<\/b> han fallecido en la madrugada de este domingo tras salirse de la v\u00eda el veh\u00edculo en el que viajaban en la N-634, en el municipio de Cabez\u00f3n de la Sal, <b><a title=\"Cantabria\" href=\"https:\/\/www.lasexta.com\/temas\/cantabria-1\" target=\"_blank\" rel=\"nofollow noopener\">Cantabria<\/a><\/b>.<\/p>\n<p class=\"L6-news-detail__text\">Seg\u00fan ha informado la Delegaci\u00f3n del Gobierno c\u00e1ntabra, por causas que se est\u00e1n investigando, el conductor <b>ha perdido el control del veh\u00edculo<\/b> y se ha subido por una isleta.<\/p>\n<p class=\"L6-news-detail__text\">El coche ha dado <b>varias vueltas<\/b> hasta quedar detenido en el aparcamiento de un restaurante cercano. Los fallecidos eran vecinos de Cabez\u00f3n de la Sal, Casar de Periedo y Virgen de la Pe\u00f1a.<\/p>\n<p class=\"L6-news-detail__text\">El accidente ha tenido lugar a las 00.30 horas en el punto kilom\u00e9trico 244,9 de la <b>carretera nacional N-634<\/b>, antes del puente de Virgen de la Pe\u00f1a.<\/p>\n<p class=\"L6-news-detail__text\">En el lugar del accidente han intervenido efectivos del Sector de Tr\u00e1fico de la Guardia Civil, sanitarios del 061 y tambi\u00e9n de los Bomberos auton\u00f3micos del 112, que tuvieron que <b>excarcelar al joven<\/b> que iba en la parte trasera del veh\u00edculo.<\/p>\n<p>La presidenta de Cantabria, \u00abconsternada\u00bb<\/p>\n<p class=\"L6-news-detail__text\">La presidenta de Cantabria, <b>Mar\u00eda Jos\u00e9 Sa\u00e9nz de Buruaga<\/b>, se ha mostrado \u00abconsternada\u00bb por el \u00abterrible accidente\u00bb. En sus redes sociales, Buruaga se\u00f1ala que \u00abno hay consuelo para las familias\u00bb y traslada su p\u00e9same y todo su \u00abafecto en este momento tan triste\u00bb.<\/p>\n<p class=\"L6-news-detail__text\">Por su parte, el Ayuntamiento del municipio decretar\u00e1 <b>tres d\u00edas de luto oficial<\/b> por los j\u00f3venes fallecidos. As\u00ed se lo ha comunicado a Europa Press el alcalde del municipio, V\u00edctor Reinoso, quien ha detallado que dos de las v\u00edctimas eran residentes del propio municipio, mientras que el tercero era vecino de Villanueva de la Pe\u00f1a, perteneciente al t\u00e9rmino municipal colindante de Mazcuerras.<\/p>\n<p class=\"L6-news-detail__text\">Reinoso ha asegurado que esta \u00abtr\u00e1gica\u00bb noticia \u00ab<b>ha impactado a toda la comarca<\/b>\u00bb del Saja-Nansa, cuya capital es la propia localidad cabezonense.<\/p>\n<p class=\"L6-news-detail__text\"><b><a title=\"*Sigue a laSexta en Google. Toda la actualidad y el mejor contenido aqu\u00ed.\" href=\"https:\/\/profile.google.com\/cp\/CgkvbS8wZG5xejA\" target=\"_blank\" rel=\"nofollow noopener\">*Sigue a laSexta en Google. Toda la actualidad y el mejor contenido aqu\u00ed.<\/a><\/b><\/p>\n<p class=\"L6-support-news-video__title\">\u00abMe ha dolido mucho\u00bb<\/p>\n<p>            <a href=\"https:\/\/www.lasexta.com\/noticias\/sociedad\/hombre-denuncia-robo-silla-motorizada-pensaba-que-habia-personas-que-podian-robar-alguien-minusvalido_20251129692b2e1755584d48fb62fa25.html\" class=\"L6-news__link\" rel=\"nofollow noopener\" target=\"_blank\"><br \/>\n                Un hombre denuncia el robo de su silla motorizada: \u00abNo pensaba que hab\u00eda personas que pod\u00edan robar a alguien minusv\u00e1lido\u00bb<\/p>\n<p class=\"recirculation-video-desc\">Los detalles Gracias a la difusi\u00f3n de su historia en los medios de comunicaci\u00f3n, Robert Kedziora ha conseguido que otra persona le done otra silla de ruedas que no utilizaba.<\/p>\n<p>            <\/a><\/p>\n","protected":false},"excerpt":{"rendered":"Tres j\u00f3venes de 22, 23 y 25 a\u00f1os han fallecido en la madrugada de este domingo tras salirse&hellip;\n","protected":false},"author":2,"featured_media":263422,"comment_status":"","ping_status":"","sticky":false,"template":"","format":"standard","meta":{"footnotes":""},"categories":[8],"tags":[17,18,25,24,13,14,11,19,20,9,10,15,16,23,12,21,22],"class_list":{"0":"post-263421","1":"post","2":"type-post","3":"status-publish","4":"format-standard","5":"has-post-thumbnail","7":"category-espana","8":"tag-breaking-news","9":"tag-breakingnews","10":"tag-es","11":"tag-espana","12":"tag-featured-news","13":"tag-featurednews","14":"tag-headlines","15":"tag-latest-news","16":"tag-latestnews","17":"tag-news","18":"tag-noticias","19":"tag-noticias-destacadas","20":"tag-noticiasdestacadas","21":"tag-spain","22":"tag-titulares","23":"tag-ultimas-noticias","24":"tag-ultimasnoticias"},"share_on_mastodon":{"url":"","error":""},"_links":{"self":[{"href":"https:\/\/www.europesays.com\/es\/wp-json\/wp\/v2\/posts\/263421","targetHints":{"allow":["GET"]}}],"collection":[{"href":"https:\/\/www.europesays.com\/es\/wp-json\/wp\/v2\/posts"}],"about":[{"href":"https:\/\/www.europesays.com\/es\/wp-json\/wp\/v2\/types\/post"}],"author":[{"embeddable":true,"href":"https:\/\/www.europesays.com\/es\/wp-json\/wp\/v2\/users\/2"}],"replies":[{"embeddable":true,"href":"https:\/\/www.europesays.com\/es\/wp-json\/wp\/v2\/comments?post=263421"}],"version-history":[{"count":0,"href":"https:\/\/www.europesays.com\/es\/wp-json\/wp\/v2\/posts\/263421\/revisions"}],"wp:featuredmedia":[{"embeddable":true,"href":"https:\/\/www.europesays.com\/es\/wp-json\/wp\/v2\/media\/263422"}],"wp:attachment":[{"href":"https:\/\/www.europesays.com\/es\/wp-json\/wp\/v2\/media?parent=263421"}],"wp:term":[{"taxonomy":"category","embeddable":true,"href":"https:\/\/www.europesays.com\/es\/wp-json\/wp\/v2\/categories?post=263421"},{"taxonomy":"post_tag","embeddable":true,"href":"https:\/\/www.europesays.com\/es\/wp-json\/wp\/v2\/tags?post=263421"}],"curies":[{"name":"wp","href":"https:\/\/api.w.org\/{rel}","templated":true}]}}