{"id":263425,"date":"2025-11-30T09:30:15","date_gmt":"2025-11-30T09:30:15","guid":{"rendered":"https:\/\/www.europesays.com\/es\/263425\/"},"modified":"2025-11-30T09:30:15","modified_gmt":"2025-11-30T09:30:15","slug":"las-deserciones-consentidas-de-la-canasta-espanola-que-no-pasan-en-el-futbol-o-en-el-tenis","status":"publish","type":"post","link":"https:\/\/www.europesays.com\/es\/263425\/","title":{"rendered":"Las deserciones consentidas de la canasta espa\u00f1ola que no pasan en el f\u00fatbol o en el tenis"},"content":{"rendered":"<p style=\"\">Hoy, la <strong>selecci\u00f3n espa\u00f1ola<\/strong> de baloncesto, ante <strong>Georgia<\/strong> y en Tenerife (1<strong>9.45 horas, Teledeporte<\/strong>), jugar\u00e1 su segundo partido de <a href=\"https:\/\/www.abc.es\/deportes\/baloncesto\/chus-mateo-estrena-festin-ante-dinamarca-20251127195241-nt.html\" target=\"_self\" data-voc-vtm-id=\"in-text-traffic\" title=\"clasificaci\u00f3n para el Mundial de 2027 de Qatar\" rel=\"nofollow noopener\">clasificaci\u00f3n para el Mundial de 2027 de Qatar<\/a> y, una vez m\u00e1s, no podr\u00e1 contar con sus astros m\u00e1s brillantes. Es  &#8230; muy dif\u00edcil imaginarse, por ejemplo, que el combinado de f\u00fatbol se dispute el pase a una Eurocopa sin jugadores como <strong>Pedri<\/strong>, <strong>Rodri<\/strong>, <strong>Oyarzabal<\/strong> o <strong>Unai Sim\u00f3n<\/strong> aunque, cada vez de forma m\u00e1s regular, estrellas mundiales como <a href=\"https:\/\/www.abc.es\/deportes\/futbol\/fuente-buena-noticia-lamine-anos-20251114155853-nt.html\" target=\"_self\" data-voc-vtm-id=\"in-text-traffic\" title=\"Lamine Yamal\" rel=\"nofollow noopener\">Lamine Yamal<\/a>, <strong>Huijsen<\/strong> o <strong>Alcaraz<\/strong> han desechado el deber nacional para recuperarse f\u00edsicamente durante los parones. Pero en la canasta, desde hace a\u00f1os, la situaci\u00f3n es totalmente opuesta, pues impera una burocracia \u00fanica en el mundo del deporte que ha deslucido en gran medida los parones internacionales. <\/p>\n<p class=\"voc-p\" style=\"\">El primer paso para entender esta laber\u00edntica anomal\u00eda es que la <strong>federaci\u00f3n internacional (FIBA)<\/strong> y la <strong>Euroliga<\/strong> mantienen una tensa guerra a ra\u00edz de la creaci\u00f3n de la segunda en el 2000. Desde hac\u00eda d\u00e9cadas, la <strong>Copa de Europa<\/strong> era el torneo continental de m\u00e1s renombre y, aunque estaba gestionado por la FIBA, los clubes ten\u00edan plena libertad para negociar sus ingresos por derechos televisivos. Sin embargo, el 28 de mayo, los organizadores decretaron, sin la aprobaci\u00f3n de los participantes, firmar un contrato con la empresa suiza <strong>ISL<\/strong>, que pagar\u00eda 20 millones de d\u00f3lares al a\u00f1o para controlar las ya mencionadas retransmisiones. <\/p>\n<p class=\"voc-p\" style=\"\">En ese momento, nueve escudos, entre los que se encontraban <strong>Real Madrid<\/strong> y <a href=\"https:\/\/www.abc.es\/deportes\/baloncesto\/xavi-pascual-devuelve-ilusion-barca-regresa-palau-20251126223617-nt.html\" target=\"_self\" data-voc-vtm-id=\"in-text-traffic\" title=\"Barcelona\" rel=\"nofollow noopener\">Barcelona<\/a>, desertaron y fundaron la <strong>ULEB<\/strong> (Uni\u00f3n de Ligas Europeas de Baloncesto), un exitoso precursor de la Superliga de f\u00fatbol que acabar\u00eda eclosionando en la ya mencionada <strong>Euroliga<\/strong>. Como era de esperar, la FIBA nunca lleg\u00f3 a reconocerla como oficial y, desde entonces, ninguna respeta los calendarios de su rival. As\u00ed, el pasado mi\u00e9rcoles, el <strong>Barcelona<\/strong> y sus tres internacionales espa\u00f1oles (Brizuela, Parra y Willy Hernang\u00f3mez) vencieron ante el <strong>Asvel<\/strong> franc\u00e9s, mientras que la selecci\u00f3n llevaba concentrada en <strong>Guadalajara<\/strong> desde el martes. <\/p>\n<p class=\"voc-p\" style=\"\">Como ha sido costumbre desde hace a\u00f1os en la F<strong>ederaci\u00f3n Espa\u00f1ola de Baloncesto (FEB)<\/strong>, los t\u00e9cnicos han optado por no contar para los parones internacionales con los jugadores de los equipos de la m\u00e1xima competici\u00f3n europea, como son Real Madrid, Baskonia, Valencia, Bar\u00e7a y Panathinaikos, donde milita Juancho Hernang\u00f3mez (tampoco con los de la NBA, que no detiene el calendario por nada ni por nadie), aunque t\u00e9cnicamente s\u00ed podr\u00edan hacerlo. \u00abNo me parecer\u00eda un buen mensaje entrenar con unos jugadores y que luego vinieran los de Euroliga\u00bb, asegur\u00f3 <strong>Chus Mateo<\/strong> el pasado 16 de noviembre, cuando dio <a href=\"https:\/\/www.abc.es\/deportes\/baloncesto\/revolucion-seleccion-espanola-baloncesto-chus-mateo-20251118141433-nt.html\" target=\"_self\" data-voc-vtm-id=\"in-text-traffic\" title=\"su primera lista de convocados\" rel=\"nofollow noopener\">su primera lista de convocados<\/a> como seleccionador nacional. <\/p>\n<p class=\"voc-p\" style=\"\">Por ley, tanto <strong>Mateo<\/strong> como antes <strong>Scariolo<\/strong> podr\u00edan obligar a los jugadores a asistir a su llamada. Cabe recordar que, seg\u00fan el art\u00edculo <strong>23 de la Ley del Deporte<\/strong>, los atletas deber\u00e1n \u00abacudir a las convocatorias de las selecciones deportivas cuando sean debidamente citadas\u00bb y que no acudir sin justificaci\u00f3n se considera falta muy grave, con la consecuencia de sanciones econ\u00f3micas e incluso la suspensi\u00f3n de la licencia federativa de entre dos y quince a\u00f1os. As\u00ed, los c\u00f3digos disciplinarios de distintas federaciones, como la de f\u00fatbol o la de baloncesto, establecen la misma obligaci\u00f3n, tambi\u00e9n con sanciones importantes en caso de infracci\u00f3n. Sin embargo, generar una fricci\u00f3n innecesaria con los clubes y el alto nivel de nuestro baloncesto han permitido que el BOE no tenga que entrar en escena.<\/p>\n<p class=\"voc-p\" style=\"\">Hasta la fecha, prescindir de los mejores talentos nacionales no ha supuesto ning\u00fan contratiempo de calado, ya que no se pierde una gran cita desde los <strong>Juegos Ol\u00edmpicos de Atlanta 96<\/strong>. Aun as\u00ed, el creciente nivel del baloncesto mundial ya ha causado alg\u00fan que otro susto. Sin ir m\u00e1s lejos, hace poco m\u00e1s de un a\u00f1o, el 26 de noviembre de 2024, Espa\u00f1a estuvo a punto de quedarse sin el Eurobasket de 2025, pero <a href=\"https:\/\/www.abc.es\/deportes\/baloncesto\/canasta-siglo-triple-campo-campo-forzar-prorroga-20251018224034-nt.html\" target=\"_self\" data-voc-vtm-id=\"in-text-traffic\" title=\"Santi Yusta\" rel=\"nofollow noopener\">Santi Yusta<\/a>, con un triple hist\u00f3rico aunque pol\u00e9mico, evit\u00f3 una derrota ante Eslovaquia que hubiese sido casi fatal. <\/p>\n<p class=\"voc-p\" style=\"\">Un mantra que no siguen otras grandes banderas del panorama internacional. Sin ir m\u00e1s lejos, la gran estrella de Georgia, el azulgrana <strong>Tornike Shengelia<\/strong>, nada m\u00e1s acabar el duelo en el Palau inici\u00f3 un marat\u00f3n de 4.500 kil\u00f3metros en menos de 24 horas para viajar desde la Ciudad Condal hasta Tiflis y as\u00ed poder participar en el duelo contra <strong>Ucrania<\/strong>, donde disput\u00f3 30 minutos para firmar 17 puntos. Si la salud no lo impide, tambi\u00e9n estar\u00e1 presente hoy en el duelo contra Espa\u00f1a.<\/p>\n<p class=\"voc-p\" style=\"\">Otro caso llamativo es el que ha vivido la plantilla del Madrid. <strong>Hezonja<\/strong> (Croacia), <strong>Kramer<\/strong> (Alemania), <strong>Procida<\/strong> (Italia), e incluso <strong>Campazzo<\/strong>, Deck (Argentina) y <strong>Feliz<\/strong> (Rep\u00fablica Dominicana), con vuelos transoce\u00e1nicos de por medio, han acudido a la llamada nacional mientras que <strong>Abalde<\/strong>, un fijo en las \u00faltimas convocatorias de Scariolo, entrena en Valdebebas hasta el fin del par\u00f3n, situaci\u00f3n similar a la del Bar\u00e7a o el Valencia. Otros clubes, como el <a href=\"https:\/\/www.abc.es\/deportes\/baloncesto\/defensa-madrid-triunfo-categoria-casa-lider-20251125204657-nt.html\" target=\"_self\" data-voc-vtm-id=\"in-text-traffic\" title=\"Hapoel de Tel Aviv\" rel=\"nofollow noopener\">Hapoel de Tel Aviv<\/a>, no han querido ceder a sus jugadores, lo que ha enfurecido al seleccionador serbio <strong>Dusan Alimpijevic<\/strong>, que se ha quedado sin su estrella Vasilije Micic. \u00abLa FIBA deber\u00eda establecer una regla clara para las eliminatorias: o todos o nadie disponible. Igual que en el f\u00fatbol\u00bb. Un grito de auxilio que a\u00fan no ha tenido respuesta.<\/p>\n","protected":false},"excerpt":{"rendered":"Hoy, la selecci\u00f3n espa\u00f1ola de baloncesto, ante Georgia y en Tenerife (19.45 horas, Teledeporte), jugar\u00e1 su segundo partido&hellip;\n","protected":false},"author":2,"featured_media":263426,"comment_status":"","ping_status":"","sticky":false,"template":"","format":"standard","meta":{"footnotes":""},"categories":[269],"tags":[299,298,18786,30164,168,65506,25,24,23,167],"class_list":{"0":"post-263425","1":"post","2":"type-post","3":"status-publish","4":"format-standard","5":"has-post-thumbnail","7":"category-baloncesto","8":"tag-baloncesto","9":"tag-basketball","10":"tag-canasta","11":"tag-consentidas","12":"tag-deportes","13":"tag-deserciones","14":"tag-es","15":"tag-espana","16":"tag-spain","17":"tag-sports"},"share_on_mastodon":{"url":"https:\/\/pubeurope.com\/@es\/115637952538327526","error":""},"_links":{"self":[{"href":"https:\/\/www.europesays.com\/es\/wp-json\/wp\/v2\/posts\/263425","targetHints":{"allow":["GET"]}}],"collection":[{"href":"https:\/\/www.europesays.com\/es\/wp-json\/wp\/v2\/posts"}],"about":[{"href":"https:\/\/www.europesays.com\/es\/wp-json\/wp\/v2\/types\/post"}],"author":[{"embeddable":true,"href":"https:\/\/www.europesays.com\/es\/wp-json\/wp\/v2\/users\/2"}],"replies":[{"embeddable":true,"href":"https:\/\/www.europesays.com\/es\/wp-json\/wp\/v2\/comments?post=263425"}],"version-history":[{"count":0,"href":"https:\/\/www.europesays.com\/es\/wp-json\/wp\/v2\/posts\/263425\/revisions"}],"wp:featuredmedia":[{"embeddable":true,"href":"https:\/\/www.europesays.com\/es\/wp-json\/wp\/v2\/media\/263426"}],"wp:attachment":[{"href":"https:\/\/www.europesays.com\/es\/wp-json\/wp\/v2\/media?parent=263425"}],"wp:term":[{"taxonomy":"category","embeddable":true,"href":"https:\/\/www.europesays.com\/es\/wp-json\/wp\/v2\/categories?post=263425"},{"taxonomy":"post_tag","embeddable":true,"href":"https:\/\/www.europesays.com\/es\/wp-json\/wp\/v2\/tags?post=263425"}],"curies":[{"name":"wp","href":"https:\/\/api.w.org\/{rel}","templated":true}]}}