{"id":263427,"date":"2025-11-30T09:31:12","date_gmt":"2025-11-30T09:31:12","guid":{"rendered":"https:\/\/www.europesays.com\/es\/263427\/"},"modified":"2025-11-30T09:31:12","modified_gmt":"2025-11-30T09:31:12","slug":"flick-y-raphinha-una-charla-preocupante","status":"publish","type":"post","link":"https:\/\/www.europesays.com\/es\/263427\/","title":{"rendered":"Flick y Raphinha: una charla preocupante"},"content":{"rendered":"<p data-mrf-recirculation=\"Links P\u00e1rrafos\" class=\"ue-c-article__paragraph paragraph ue-c-article--first-letter-highlighted\">Muy dura la imagen que ofreci\u00f3 Flick al termino del partido <a href=\"https:\/\/www.marca.com\/futbol\/cronica\/2025\/11\/29\/barca-version-liga-duerme-lider.html?intcmp=MODRESULT01\" rel=\"nofollow noopener\" target=\"_blank\"><strong>que el Bar\u00e7a gan\u00f3 al Deportivo Alav\u00e9s<\/strong><\/a>. En ella, se puede ver al entrenador alem\u00e1n hablando con Raphinha con cara de mucha preocupaci\u00f3n y con un gesto, al menos, inquietante.\u00a0<\/p>\n<p data-mrf-recirculation=\"Links P\u00e1rrafos\" class=\"ue-c-article__paragraph paragraph\">Flick niega con la cabeza y acaba mirando al vac\u00edo tras escuchar al delantero brasile\u00f1o que parec\u00eda tratar de animar a su entrenador. <strong>\u00abTras el final del partido, Raphinha me dec\u00eda lo mismo que la \u00faltima vez: Vamos a mejorar. Seremos mucho mejores en los pr\u00f3ximos partidos\u201d<\/strong>, desvel\u00f3 el entrenador.<\/p>\n<p data-mrf-recirculation=\"Links P\u00e1rrafos\" class=\"ue-c-article__paragraph paragraph\">El propio <strong>Raphinha <\/strong>habl\u00f3 de las malas sensaciones de su t\u00e9cnico: <strong>\u00abEl m\u00edster ha sentido que podr\u00edamos hacer mucho m\u00e1s en el campo, nosotros tambi\u00e9n sabemos que lo podemos hacer mucho mejor.<\/strong> Su sensaci\u00f3n es que el equipo no est\u00e1 jugando en su mejor versi\u00f3n y estoy de acuerdo. Tenemos que mejorar much\u00edsimo pero a\u00fan as\u00ed creo que lo m\u00e1s importante de hoy era salir con la victoria. Las cosas malas que estamos haciendo tenemos tiempo de arreglarlas y estoy seguro que volveremos a nuestra mejor versi\u00f3n. Ganaremos jugando bien pero si hay partido que jugamos mal a m\u00ed me da igual, lo importante es ganar\u00bb<\/p>\n<p data-mrf-recirculation=\"Links P\u00e1rrafos\" class=\"ue-c-article__paragraph paragraph\">Sin embargo, el propio <strong>Flick<\/strong> no quiso desvelar su estado an\u00edmico en la rueda de prensa posterior al partido aunque s\u00ed se mostr\u00f3 tajante con el estado real de su Bar\u00e7a<strong>: \u00abNo tenemos el control ni la intensidad de la temporada pasada. <\/strong>No me preocupa la temporada pasada, me tengo que centrar en esta. Esta campa\u00f1a, hemos tenido m\u00e1s lesiones y la pasada vi que todo el mundo estaba disponible. Mejoramos tras cada partido y victoria, y esta temporada va bien, con cuatro victorias seguidas, pero no nos podemos contentar con ellas. Hay que mejorar\u00bb.<\/p>\n<p>La exigencia de Flick<\/p>\n<p data-mrf-recirculation=\"Links P\u00e1rrafos\" class=\"ue-c-article__paragraph paragraph\">En estos primeros meses de temporada, el t\u00e9cnico alem\u00e1n se ha mostrado muy cr\u00edtico con su equipo al que exige mucho m\u00e1s sobre el terreno de juego. La dura imagen que deja Flick delante de las c\u00e1maras es un motivo de atenci\u00f3n de cara al futuro del equipo cul\u00e9.\u00a0<\/p>\n","protected":false},"excerpt":{"rendered":"Muy dura la imagen que ofreci\u00f3 Flick al termino del partido que el Bar\u00e7a gan\u00f3 al Deportivo Alav\u00e9s.&hellip;\n","protected":false},"author":2,"featured_media":263428,"comment_status":"","ping_status":"","sticky":false,"template":"","format":"standard","meta":{"footnotes":""},"categories":[268],"tags":[168,25,24,280,282,281,23,167],"class_list":{"0":"post-263427","1":"post","2":"type-post","3":"status-publish","4":"format-standard","5":"has-post-thumbnail","7":"category-futbol","8":"tag-deportes","9":"tag-es","10":"tag-espana","11":"tag-football","12":"tag-futbol","13":"tag-soccer","14":"tag-spain","15":"tag-sports"},"share_on_mastodon":{"url":"https:\/\/pubeurope.com\/@es\/115637956627938861","error":""},"_links":{"self":[{"href":"https:\/\/www.europesays.com\/es\/wp-json\/wp\/v2\/posts\/263427","targetHints":{"allow":["GET"]}}],"collection":[{"href":"https:\/\/www.europesays.com\/es\/wp-json\/wp\/v2\/posts"}],"about":[{"href":"https:\/\/www.europesays.com\/es\/wp-json\/wp\/v2\/types\/post"}],"author":[{"embeddable":true,"href":"https:\/\/www.europesays.com\/es\/wp-json\/wp\/v2\/users\/2"}],"replies":[{"embeddable":true,"href":"https:\/\/www.europesays.com\/es\/wp-json\/wp\/v2\/comments?post=263427"}],"version-history":[{"count":0,"href":"https:\/\/www.europesays.com\/es\/wp-json\/wp\/v2\/posts\/263427\/revisions"}],"wp:featuredmedia":[{"embeddable":true,"href":"https:\/\/www.europesays.com\/es\/wp-json\/wp\/v2\/media\/263428"}],"wp:attachment":[{"href":"https:\/\/www.europesays.com\/es\/wp-json\/wp\/v2\/media?parent=263427"}],"wp:term":[{"taxonomy":"category","embeddable":true,"href":"https:\/\/www.europesays.com\/es\/wp-json\/wp\/v2\/categories?post=263427"},{"taxonomy":"post_tag","embeddable":true,"href":"https:\/\/www.europesays.com\/es\/wp-json\/wp\/v2\/tags?post=263427"}],"curies":[{"name":"wp","href":"https:\/\/api.w.org\/{rel}","templated":true}]}}