{"id":263430,"date":"2025-11-30T09:33:17","date_gmt":"2025-11-30T09:33:17","guid":{"rendered":"https:\/\/www.europesays.com\/es\/263430\/"},"modified":"2025-11-30T09:33:17","modified_gmt":"2025-11-30T09:33:17","slug":"la-fundacion-marta-ortega-corrobora-en-la-coruna-el-fin-del-modelo-guggenheim","status":"publish","type":"post","link":"https:\/\/www.europesays.com\/es\/263430\/","title":{"rendered":"La Fundaci\u00f3n Marta Ortega corrobora en La Coru\u00f1a el fin del \u00abmodelo Guggenheim\u00bb"},"content":{"rendered":"<p class=\"paragraph\">No hay duda de que el <b>Museo Guggenheim de Bilbao<\/b> est\u00e1 entre los m\u00e1s visitados de Espa\u00f1a con sus cerca de mill\u00f3n y medio de visitantes al a\u00f1o. El \u00e9xito de p\u00fablico es tan contundente que el Museo va a embarcarse en un ambicioso plan de expansi\u00f3n con una nueva sede.<\/p>\n<p class=\"paragraph\">Pero \u00bfd\u00f3nde radica el \u00e9xito del Guggenheim? Inaugurado en 1997 y obra del arquitecto <b>Frank Gehry<\/b>, el museo bilba\u00edno desat\u00f3 en Espa\u00f1a el llamado <b>\u00abefecto Guggenheim\u00bb<\/b> consistente en construir un car\u00edsimo y modern\u00edsimo edificio de vanguardia, cuanto m\u00e1s llamativo y ostentoso mejor, en una zona tradicionalmente degradada o abandonada para revitalizar el barrio en cuesti\u00f3n y poner la ciudad en el mapa con los millones de visitantes atra\u00eddos por el edificio.<\/p>\n<p class=\"paragraph\">Y s\u00ed, atra\u00eddos por el edificio, que no por su contenido, porque en estos edificios \u2013normalmente museos, bibliotecas o auditorios\u2013 prima el continente antes que el contenido.<\/p>\n<p class=\"paragraph\">Es el caso del <b>Museo Guggenheim<\/b>. \u00bfQu\u00e9 obras notables alberga? \u00bfCu\u00e1l es el peso real de su colecci\u00f3n permanente? \u00bfQu\u00e9 exposiciones de referencia ha impulsado? Su exposici\u00f3n m\u00e1s publicitada en este momento es \u00abIn situ\u00bb, una propuesta del artista conceptual Mark Leckey.<\/p>\n<p class=\"paragraph\">La realidad, por mucho que no se quiera hablar de ello, es que el \u00e9xito del <b>Museo Guggenheim <\/b>radica en el edificio de <b>Frank Gehry<\/b>. Lo de dentro, no es m\u00e1s que una mera excusa para justificar tan car\u00edsimo museo.<\/p>\n<p>Los otros Guggenheim<\/p>\n<p class=\"paragraph\">El <b>efecto Guggenheim<\/b> trat\u00f3 de replicarse en otras ciudades de Espa\u00f1a, siempre con resultado catastr\u00f3fico, dejando detr\u00e1s verdaderos dinosaurios y pozos sin fondo por donde se escaparon millonarios presupuestos.<\/p>\n<p class=\"paragraph\">Es el caso de <b>Santiago de Compostela<\/b> y su Cidade da Cultura, de Oviedo con su Palacio de Congresos de Calatrava, del Palacio de las Artes de Valencia (obra tambi\u00e9n de Calatrava) o del auditorio de Tenerife (de nuevo Calatrava).<\/p>\n<p class=\"paragraph\">El fracaso del modelo ya tuvo consecuencias, sobre todo tras la crisis de 2008, cuando todos esos edificios se convirtieron en inc\u00f3modos quebraderos de cabeza para las <b>administraciones locales y auton\u00f3mica<\/b>s.<\/p>\n<p class=\"paragraph\">Nuevos proyectos culturales posteriores se preocuparon mucho en que el edificio se pusiera al servicio de la colecci\u00f3n, y pensar muy bien la relaci\u00f3n entre contenido y continente, evitando la tentaci\u00f3n de <b>centrarse mucho en el cascar\u00f3n<\/b> para que sea lo m\u00e1s espectacular posible y lo de dentro.<\/p>\n<p class=\"paragraph\">El caso m\u00e1s claro es el de la <b>Galer\u00eda de las Colecciones Reales<\/b>, un espectacular edificio que, sin embargo, cede todo el protagonismo a la valiosa colecci\u00f3n de Patrimonio Nacional que alberga.<\/p>\n<p class=\"paragraph\">El impulso muse\u00edstico vivido en <b>M\u00e1laga<\/b>, con sus delegaciones del Thyssen, del Pompidou o su estupendo Museo Picasso, es otro ejemplo de c\u00f3mo priorizar la colecci\u00f3n a exponer frente al edificio. Otras ciudades han seguido esa senda m\u00e1s racional que la de Bilbao y su Guggenheim, por ejemplo, <b>Santander<\/b> con el <b>Centro Bot\u00edn<\/b>, un espectacular edificio que, sin embargo, est\u00e1 perfectamente integrado en la fachada portuaria de la ciudad y que se ha convertido en un referente cultural de Espa\u00f1a.<\/p>\n<p>La Fundaci\u00f3n Marta Ortega<\/p>\n<p class=\"paragraph\">Pero desde hace unos a\u00f1os, un nuevo modelo ha triunfado, tambi\u00e9n en el norte peninsular. Es el caso de la <b>Fundaci\u00f3n Marta Ortega P\u00e9rez (MOP)<\/b> y su sala de exposiciones ubicada en el muelle de Bater\u00eda de La Coru\u00f1a.<\/p>\n<p class=\"paragraph\">La <b>presidenta no ejecutiva de Inditex<\/b>, una reconocida amante de la fotograf\u00eda, ha aprovechado la liberaci\u00f3n de los muelles industriales de la ciudad para alcanzar un acuerdo con la <b>Autoridad Portuaria<\/b> para instalar una sala de exposiciones temporales en una antigua nave industrial.<\/p>\n<p class=\"paragraph\">Desde entonces, ha convertido a la ciudad gallega en una capital de la fotograf\u00eda y la moda con exposiciones dedicadas a <b>Peter Lindbergh, Steven Meisel, Helmut Newton, Irving Penn, David Bailey<\/b> y, ahora (en curso hasta mayo de 2026) <b>Annie Leibovitz<\/b>, autora, entre otras, de la c\u00e9lebre fotograf\u00eda a <b>los Reyes Felipe VI y Letizia<\/b>.<\/p>\n<p class=\"paragraph\">Sin el artificio del Guggenheim, con una inversi\u00f3n infinitamente m\u00e1s racional, con <b>una propuesta muy bien pensada y de calidad <\/b>y, sobre todo, con una visi\u00f3n accesible del arte (sus exposiciones son totalmente gratuitas y buscan implicar a los vecinos), la <b>Fundaci\u00f3n MOP<\/b> ha llevado a <b>La Coru\u00f1a<\/b> a algunas de las personalidades m\u00e1s c\u00e9lebres del arte y la moda a nivel mundial, ha logrado rehabilitar y abrir a la ciudad una parte del puerto hasta entonces inaccesible y ha creado un foco cultural de primer orden a nivel nacional e internacional.<\/p>\n<p class=\"paragraph\">Es la constataci\u00f3n definitiva de que el<b> antiguamente envidiado modelo Guggenheim <\/b>est\u00e1 hoy agotado, es caduco y huele a viejo.<\/p>\n","protected":false},"excerpt":{"rendered":"No hay duda de que el Museo Guggenheim de Bilbao est\u00e1 entre los m\u00e1s visitados de Espa\u00f1a con&hellip;\n","protected":false},"author":2,"featured_media":263431,"comment_status":"","ping_status":"","sticky":false,"template":"","format":"standard","meta":{"footnotes":""},"categories":[173],"tags":[229,233,231,230,232,234,146,147,25,24,23],"class_list":{"0":"post-263430","1":"post","2":"type-post","3":"status-publish","4":"format-standard","5":"has-post-thumbnail","7":"category-arte-y-diseno","8":"tag-arte","9":"tag-arte-y-diseno","10":"tag-arts","11":"tag-arts-and-design","12":"tag-design","13":"tag-diseno","14":"tag-entertainment","15":"tag-entretenimiento","16":"tag-es","17":"tag-espana","18":"tag-spain"},"share_on_mastodon":{"url":"https:\/\/pubeurope.com\/@es\/115637964160221262","error":""},"_links":{"self":[{"href":"https:\/\/www.europesays.com\/es\/wp-json\/wp\/v2\/posts\/263430","targetHints":{"allow":["GET"]}}],"collection":[{"href":"https:\/\/www.europesays.com\/es\/wp-json\/wp\/v2\/posts"}],"about":[{"href":"https:\/\/www.europesays.com\/es\/wp-json\/wp\/v2\/types\/post"}],"author":[{"embeddable":true,"href":"https:\/\/www.europesays.com\/es\/wp-json\/wp\/v2\/users\/2"}],"replies":[{"embeddable":true,"href":"https:\/\/www.europesays.com\/es\/wp-json\/wp\/v2\/comments?post=263430"}],"version-history":[{"count":0,"href":"https:\/\/www.europesays.com\/es\/wp-json\/wp\/v2\/posts\/263430\/revisions"}],"wp:featuredmedia":[{"embeddable":true,"href":"https:\/\/www.europesays.com\/es\/wp-json\/wp\/v2\/media\/263431"}],"wp:attachment":[{"href":"https:\/\/www.europesays.com\/es\/wp-json\/wp\/v2\/media?parent=263430"}],"wp:term":[{"taxonomy":"category","embeddable":true,"href":"https:\/\/www.europesays.com\/es\/wp-json\/wp\/v2\/categories?post=263430"},{"taxonomy":"post_tag","embeddable":true,"href":"https:\/\/www.europesays.com\/es\/wp-json\/wp\/v2\/tags?post=263430"}],"curies":[{"name":"wp","href":"https:\/\/api.w.org\/{rel}","templated":true}]}}