{"id":263438,"date":"2025-11-30T09:38:10","date_gmt":"2025-11-30T09:38:10","guid":{"rendered":"https:\/\/www.europesays.com\/es\/263438\/"},"modified":"2025-11-30T09:38:10","modified_gmt":"2025-11-30T09:38:10","slug":"carlos-sainz-sobre-su-polemico-incidente-con-williams-f1-en-el-gp-de-qatar-creia-que-iba-a-hacer-un-trompo-car-and-driver","status":"publish","type":"post","link":"https:\/\/www.europesays.com\/es\/263438\/","title":{"rendered":"Carlos Sainz, sobre su pol\u00e9mico incidente con Williams F1 en el GP de Qatar: &quot;Cre\u00eda que iba a hacer un trompo&quot; &#8211; Car and Driver"},"content":{"rendered":"<ol>\n<li><a href=\"https:\/\/news.google.com\/rss\/articles\/CBMitgFBVV95cUxPSnNXeWFEY1dIUllVRW9JUW5VOHhPTXNoOHJwbUx4dHdiVGFnSi1oY1dabFhOUUpDUUZ6MXZWWXJ1eTlFQ00wREMwRWpPYkpyaUFJSXRFaXA2TVd2dXFTVTVZWjJra216R25Cam9pcGU5WXJzUnlXX1ZQMTFLaE9MYUI5UzU1Smp3TGtrTjlNdWVHcFhfRGRELTdieGdyZUZwRnhtbEIxNDZYOERIMUFodk9palVYQQ?oc=5\" target=\"_blank\" rel=\"nofollow noopener\">Carlos Sainz, sobre su pol\u00e9mico incidente con Williams F1 en el GP de Qatar: \u00abCre\u00eda que iba a hacer un trompo\u00bb<\/a>&nbsp;&nbsp;Car and Driver<\/li>\n<li><a href=\"https:\/\/news.google.com\/rss\/articles\/CBMisAFBVV95cUxOYmg2MXFiV21OOEREVUdOTFNYSHR2NW90a3IzWVVHa3JiWlE4aFlVZ1BTZmVadERHLWFkQjhEcnh6elVhQU8zQWJEVHhCT2dTMEVkVHl5WDI0SVFzQ0JlWnRyREV3OEVZSDZlSFhEQ0pLeklwbWlnNkRKNXFjaEdSaGloU3VnaDE4c3lLTm1NNzdyd0dFTThFMHo0azRiUHRWcUthd1RLMWYxd3dDR3d0bdIBsAFBVV95cUxPVE1wRjR2RS1Wc3B6dXVwS2VXMFB6aml4alFJX2h6aHpJeWkwSms2Q3UxUkJ6OXNVLTBoaGIxOVRYRmV2SnpDdlJUaGVNVnlUX3JnOU4xWlU1cDByUVN4TzBCUVJ1aFZ3MnFzZi1ya3ZGV0pWTHNycDZzWjlweU9Zc0lxQm5QaFdRc0RYd2VsNjljOG5nbUx1Z083LU5fbFo2VWFpZmp1UXd2TzJ1amFFVg?oc=5\" target=\"_blank\" rel=\"nofollow noopener\">Sainz pide guerra: \u00abEs muy buena ocasi\u00f3n, Verstappen se tirar\u00e1&#8230;\u00bb<\/a>&nbsp;&nbsp;MARCA<\/li>\n<li><a href=\"https:\/\/news.google.com\/rss\/articles\/CBMinwFBVV95cUxNSVZQWTQwWlVjNG4tZXFtOHIzMEtuc1doXzc0cEg4RUtCTU5rRjhrcnBJNW96bWJrVkNTS1V4dXlnX1BtRDlqbmJNNDFSTmhLSXp5ZFFGMnRyX1hqeHFxSENKTE5XQjNSWUcxSXRkRzZXcGhMWGJpTWZNYnBaQ0FjNTVsWVYwNGk4NDRiSDh5M1pwdDF1bXRWTFRzVU8tZ2_SAbMBQVVfeXFMT0YwZmJsSnJzLTFoM3U0T0p2NlktRVZvNTVmcURjckdCcm9rU3RobGF0d0NnYVpQdm4weFdoOXVCOHBhRVRJOG1lb01vU0Q2X0VZZ0s4WGJ0MFlNSjdsNUJlWU9OQmN5MFVIM1l4ZUM3QjJrWjV1WG45Q1dyNC11Z1BKZEw0d2o4NDZJUnBEaDRhai1qTGxUU2l2VnYtTjVVVVNFeFR6dmM5b3k4dmtMcVUwaWM?oc=5\" target=\"_blank\" rel=\"nofollow noopener\">\u201cCre\u00ed que me quedaba ah\u00ed, un F1 con pl\u00e1stico en las ruedas&#8230;\u201d<\/a>&nbsp;&nbsp;Diario AS<\/li>\n<li><a href=\"https:\/\/news.google.com\/rss\/articles\/CBMiqAFBVV95cUxQQ0E0SlZVSUlLYzZmaHZiLThQT2N0UVFOeWdHX2ljc2pGcGFqLWNMbzdIbHdtTlZ1a2RWQ0xIMVdoMmNOd08yeXFZdHVTMGdZNTFBT0tEUFhBcDhabGdUdDhmcmluMWlhTk9YT0xVWDIwaFdfQmNTWGV0eTdlVDVOSThSYUlSanFRRU1XWGFLWFFGMUFhUGNNR3psdkZQUTZtVjRZMVdUdUfSAa4BQVVfeXFMT1JCV1h4Y0hWanVhRzQ1WFRQWjM5S2k3YkZ1aGxhMk1YUHRyclFabEdIemdaNTlDdmh1bDlpTGZCaGsxZlFpY2tDVVlHV1JPOEJaMm03SmlPMFJ6aU5FVjJPTmF3Nkw3VHV2clBSRVFyQVZZUFlzeTRkbUcycjZROElfdVhrczMtbnZ1ZlR6UVQ2VnNUMmhPNGFUUGFLeml6V1MxTzlmNUdBeXJKVFJB?oc=5\" target=\"_blank\" rel=\"nofollow noopener\">Sainz: \u00abMe llegas a decir que estar\u00eda s\u00e9ptimo en Qatar y te lo habr\u00eda comprado\u00bb<\/a>&nbsp;&nbsp;OkDiario<\/li>\n<li><a href=\"https:\/\/news.google.com\/rss\/articles\/CBMirwFBVV95cUxNOFo1N3lTeUVuOWU1d3BaalNES3VyVXo5Ykl3d253bTNlNUhMTzhKVHBrd1cwM3I0NTVsaXpjNjBiT2hSRWhRdXh5M1ItaUl0WVZsTFI3d0doRi15a0d0Vnd0bTZOaWlDV3BwczlmUFdJWHZjMklTZGdGaE0zVXpUQ0Y5bnRSZVgzbHVVZERtVktmSWFhUUdra2hFbmRNMGJQbm1IaGtEdGJCTmt4NFBr0gG0AUFVX3lxTE55clZzdU9JRjRYLWNYbTFZQkN4SGJlNGNyb2xxMGFiZ1Jyal81R3RrZ3A0S09LcXZERGx4WHA1R3dKdW14N1RiQ0FpTkdtTmE1NkxBUEVpbFBOcTZOTG9lYWF1R0loY1BzYXZqcnNmNU5XbV82RkZNeTFFTEVKeXI0NWJjZlhjTGtJWWZxdUFWVzVNOXNoOWp4VGVXSmVrQmxpbmtnRXZsa3FxQ29xN3hKYlFyNw?oc=5\" target=\"_blank\" rel=\"nofollow noopener\">\u00abHemos maximizado lo que hab\u00eda\u00bb: un brillante Sainz firma salir s\u00e9ptimo en Catar<\/a>&nbsp;&nbsp;SoyMotor.com<\/li>\n<\/ol>\n","protected":false},"excerpt":{"rendered":"Carlos Sainz, sobre su pol\u00e9mico incidente con Williams F1 en el GP de Qatar: \u00abCre\u00eda que iba a&hellip;\n","protected":false},"author":2,"featured_media":263439,"comment_status":"","ping_status":"","sticky":false,"template":"","format":"standard","meta":{"footnotes":""},"categories":[93],"tags":[168,253,25,24,23,167],"class_list":{"0":"post-263438","1":"post","2":"type-post","3":"status-publish","4":"format-standard","5":"has-post-thumbnail","7":"category-deportes","8":"tag-deportes","9":"tag-discover","10":"tag-es","11":"tag-espana","12":"tag-spain","13":"tag-sports"},"share_on_mastodon":{"url":"https:\/\/pubeurope.com\/@es\/115637983953214070","error":""},"_links":{"self":[{"href":"https:\/\/www.europesays.com\/es\/wp-json\/wp\/v2\/posts\/263438","targetHints":{"allow":["GET"]}}],"collection":[{"href":"https:\/\/www.europesays.com\/es\/wp-json\/wp\/v2\/posts"}],"about":[{"href":"https:\/\/www.europesays.com\/es\/wp-json\/wp\/v2\/types\/post"}],"author":[{"embeddable":true,"href":"https:\/\/www.europesays.com\/es\/wp-json\/wp\/v2\/users\/2"}],"replies":[{"embeddable":true,"href":"https:\/\/www.europesays.com\/es\/wp-json\/wp\/v2\/comments?post=263438"}],"version-history":[{"count":0,"href":"https:\/\/www.europesays.com\/es\/wp-json\/wp\/v2\/posts\/263438\/revisions"}],"wp:featuredmedia":[{"embeddable":true,"href":"https:\/\/www.europesays.com\/es\/wp-json\/wp\/v2\/media\/263439"}],"wp:attachment":[{"href":"https:\/\/www.europesays.com\/es\/wp-json\/wp\/v2\/media?parent=263438"}],"wp:term":[{"taxonomy":"category","embeddable":true,"href":"https:\/\/www.europesays.com\/es\/wp-json\/wp\/v2\/categories?post=263438"},{"taxonomy":"post_tag","embeddable":true,"href":"https:\/\/www.europesays.com\/es\/wp-json\/wp\/v2\/tags?post=263438"}],"curies":[{"name":"wp","href":"https:\/\/api.w.org\/{rel}","templated":true}]}}