{"id":263440,"date":"2025-11-30T09:39:08","date_gmt":"2025-11-30T09:39:08","guid":{"rendered":"https:\/\/www.europesays.com\/es\/263440\/"},"modified":"2025-11-30T09:39:08","modified_gmt":"2025-11-30T09:39:08","slug":"gastroenteritis-gripe-y-vigilancia-ganadera-intensificada","status":"publish","type":"post","link":"https:\/\/www.europesays.com\/es\/263440\/","title":{"rendered":"gastroenteritis, gripe y vigilancia ganadera intensificada"},"content":{"rendered":"<p>Arag\u00f3n entra de lleno en diciembre con un escenario epidemiol\u00f3gico m\u00e1s activo de lo habitual. Durante la \u00faltima semana, los servicios de Salud P\u00fablica han continuado monitorizando los efectos del <strong><a href=\"https:\/\/www.hoyaragon.es\/articulo\/zaragoza\/local-zaragoza-donde-bocatas-han-provocado-gastroenteritis-aguda\/20251129181152117515.html\" rel=\"nofollow noopener\" target=\"_blank\">brote de gastroenteritis <\/a>por norovirus<\/strong> que afect\u00f3 a <strong>35 trabajadores de una empresa de Zaragoza<\/strong>, tras ingerir bocadillos contaminados en un local cercano. Aunque el episodio se detect\u00f3 a finales de noviembre, las autoridades sanitarias han confirmado estos d\u00edas que <strong>todos los afectados evolucionan favorablemente<\/strong> y que <strong>no se han producido nuevos casos asociados<\/strong>.<\/p>\n<p>En paralelo, sigue bajo control el brote declarado previamente en una <strong>residencia de la provincia de Huesca<\/strong>, donde <strong>18 personas<\/strong> \u2014entre residentes y trabajadores\u2014 sufrieron un cuadro agudo de gastroenteritis. Tres de ellos requirieron ingreso hospitalario, pero seg\u00fan la \u00faltima actualizaci\u00f3n remitida esta semana, <strong>todos han sido dados de alta<\/strong> y el centro mantiene medidas de prevenci\u00f3n reforzadas.<\/p>\n<p><strong>La gripe empieza a repuntar en Arag\u00f3n<\/strong><\/p>\n<p>Otro de los puntos de atenci\u00f3n es el inicio de la temporada de <strong>gripe<\/strong>, que en Arag\u00f3n ha marcado esta semana su primer aumento significativo. El <strong>brote registrado en una residencia de la provincia de Zaragoza<\/strong>, con <strong>14 casos confirmados<\/strong>, ha coincidido con un leve ascenso de las consultas por s\u00edndrome gripal en centros de salud del \u00e1rea metropolitana.<\/p>\n<p>Aunque la comunidad a\u00fan no ha entrado en fase epid\u00e9mica, los t\u00e9cnicos se\u00f1alan que el comportamiento del virus este a\u00f1o es <strong>m\u00e1s temprano que en campa\u00f1as anteriores<\/strong>, algo que tambi\u00e9n se est\u00e1 observando en otras regiones espa\u00f1olas.<\/p>\n<p><strong>La peste porcina africana, una amenaza latente<\/strong><\/p>\n<p>En el \u00e1mbito ganadero, Arag\u00f3n mantiene una vigilancia estrecha sobre la <strong>peste porcina africana (PPA)<\/strong>. La enfermedad, que este oto\u00f1o ha obligado a reforzar controles en Francia y en varios pa\u00edses del centro de Europa, contin\u00faa sin aparecer en territorio aragon\u00e9s.<\/p>\n<p>El Departamento de Agricultura ha confirmado esta semana que <strong>no se ha detectado ning\u00fan caso ni en explotaciones ni en fauna silvestre<\/strong>, pero s\u00ed se han intensificado los muestreos de jabal\u00edes en zonas de riesgo. La comunidad, una de las principales potencias porcinas del pa\u00eds, considera este invierno especialmente sensible debido al aumento de movilidad en el sector y a los antecedentes de expansi\u00f3n del virus en Europa entre 2023 y 2024.<\/p>\n<p><strong>Preocupaci\u00f3n contenida por la gripe aviar<\/strong><\/p>\n<p>La <strong>gripe aviar de alta patogenicidad<\/strong> tambi\u00e9n se mantiene bajo vigilancia. Aunque Arag\u00f3n no ha registrado ning\u00fan foco en diciembre, pa\u00edses del norte de Europa han notificado nuevos casos en las \u00faltimas semanas, y Espa\u00f1a ha confirmado varios episodios aislados en aves silvestres durante el oto\u00f1o.<\/p>\n<p>Los humedales aragoneses \u2014clave en la ruta migratoria de aves\u2014 mantienen un protocolo reforzado con inspecciones peri\u00f3dicas desde finales de noviembre. Fuentes t\u00e9cnicas se\u00f1alan que, de momento, la situaci\u00f3n es <strong>estable<\/strong> pero exige <strong>precauci\u00f3n<\/strong>, especialmente por la llegada masiva de aves invernantes.<\/p>\n<p><strong>Un invierno con varios frentes abiertos<\/strong><\/p>\n<p>Pese a que todos los brotes declarados est\u00e1n controlados, el conjunto de episodios refleja un invierno de <strong>mayor actividad epidemiol\u00f3gica<\/strong> tanto en salud humana como en sanidad animal. Los expertos atribuyen esta tendencia al descenso brusco de temperaturas, al incremento de la vida en interiores y al contexto de movilidad previo a las fiestas navide\u00f1as.<\/p>\n<p>Arag\u00f3n inicia diciembre con <strong>riesgos contenidos pero m\u00faltiples frentes abiertos<\/strong>, en un escenario que requerir\u00e1 seguimiento continuo para evitar que casos aislados deriven en presiones adicionales sobre centros sanitarios, residencias y explotaciones ganaderas.<\/p>\n","protected":false},"excerpt":{"rendered":"Arag\u00f3n entra de lleno en diciembre con un escenario epidemiol\u00f3gico m\u00e1s activo de lo habitual. Durante la \u00faltima&hellip;\n","protected":false},"author":2,"featured_media":263441,"comment_status":"","ping_status":"","sticky":false,"template":"","format":"standard","meta":{"footnotes":""},"categories":[92],"tags":[4499,25,24,165,166,23],"class_list":{"0":"post-263440","1":"post","2":"type-post","3":"status-publish","4":"format-standard","5":"has-post-thumbnail","7":"category-salud","8":"tag-aragon","9":"tag-es","10":"tag-espana","11":"tag-health","12":"tag-salud","13":"tag-spain"},"share_on_mastodon":{"url":"https:\/\/pubeurope.com\/@es\/115637987995372574","error":""},"_links":{"self":[{"href":"https:\/\/www.europesays.com\/es\/wp-json\/wp\/v2\/posts\/263440","targetHints":{"allow":["GET"]}}],"collection":[{"href":"https:\/\/www.europesays.com\/es\/wp-json\/wp\/v2\/posts"}],"about":[{"href":"https:\/\/www.europesays.com\/es\/wp-json\/wp\/v2\/types\/post"}],"author":[{"embeddable":true,"href":"https:\/\/www.europesays.com\/es\/wp-json\/wp\/v2\/users\/2"}],"replies":[{"embeddable":true,"href":"https:\/\/www.europesays.com\/es\/wp-json\/wp\/v2\/comments?post=263440"}],"version-history":[{"count":0,"href":"https:\/\/www.europesays.com\/es\/wp-json\/wp\/v2\/posts\/263440\/revisions"}],"wp:featuredmedia":[{"embeddable":true,"href":"https:\/\/www.europesays.com\/es\/wp-json\/wp\/v2\/media\/263441"}],"wp:attachment":[{"href":"https:\/\/www.europesays.com\/es\/wp-json\/wp\/v2\/media?parent=263440"}],"wp:term":[{"taxonomy":"category","embeddable":true,"href":"https:\/\/www.europesays.com\/es\/wp-json\/wp\/v2\/categories?post=263440"},{"taxonomy":"post_tag","embeddable":true,"href":"https:\/\/www.europesays.com\/es\/wp-json\/wp\/v2\/tags?post=263440"}],"curies":[{"name":"wp","href":"https:\/\/api.w.org\/{rel}","templated":true}]}}