{"id":263450,"date":"2025-11-30T09:44:08","date_gmt":"2025-11-30T09:44:08","guid":{"rendered":"https:\/\/www.europesays.com\/es\/263450\/"},"modified":"2025-11-30T09:44:08","modified_gmt":"2025-11-30T09:44:08","slug":"claves-de-la-encuesta-del-cis-para-las-elecciones-extremenas","status":"publish","type":"post","link":"https:\/\/www.europesays.com\/es\/263450\/","title":{"rendered":"Claves de la encuesta del CIS para las elecciones extreme\u00f1as"},"content":{"rendered":"<p>El PP ganar\u00e1 las elecciones en Extremadura del pr\u00f3ximo 21 de diciembre, seg\u00fan los sondeos publicados antes del comienzo de la campa\u00f1a. Sin embargo, no estar\u00eda en condiciones de alcanzar la mayor\u00eda absoluta que pretende la presidenta auton\u00f3mica, Mar\u00eda Guardiola, para gobernar sin depender del apoyo de Vox, como en la actual legislatura. Una tendencia que reafirma el <a href=\"https:\/\/www.rtve.es\/noticias\/20251128\/encuesta-electoral-cis-extremadura-voto-pp-psoe-vox\/16836282.shtml\" rel=\"nofollow noopener\" target=\"_blank\">sondeo preelectoral del CIS<\/a>, publicado el viernes: <strong>los 33 esca\u00f1os para gobernar en solitario quedar\u00edan fuera de alcance del PP<\/strong>, anclado en un techo electoral que no supera los 30.<\/p>\n<p>El an\u00e1lisis de los datos de la encuesta del CIS revela las claves de una \u00abvictoria incompleta\u00bb, que se resumen en que el PP sufre fugas estrat\u00e9gicas hacia su derecha y desconexiones con sectores del electorado clave para conseguir los representantes que le faltan en la Asamblea de Extremadura.<\/p>\n<p>1. Fracasa la &#8216;neutralizaci\u00f3n&#8217; de Vox<\/p>\n<p><strong>El PP no logra activar el \u00abvoto \u00fatil\u00bb en el electorado conservador.<\/strong> El trasvase de votos necesario respecto a las urnas de 2023 para alcanzar la mayor\u00eda absoluta no ser\u00eda suficiente. Seg\u00fan los datos del CIS, <strong>el PP estar\u00eda intercambiando votantes moderados<\/strong> (que le llegan del PSOE, el principal donante de votos que cambian de bloque) <strong>por votantes de derecha dura<\/strong> (que se le van a Vox), lo que le impide ampliar su saldo neto lo suficiente.<\/p>\n<p>En este sentido, la principal barrera para la mayor\u00eda absoluta que pretende el PP es su incapacidad para absorber a su socio\/rival a la derecha. <strong>Vox tiene una fidelidad rocosa: retiene al 80,9%<\/strong> de sus votantes de 2023. Y mientras el PP capta un 15,7% de votantes de Vox de 2023, simult\u00e1neamente pierde un 11% de sus propios votantes hacia el partido de extrema derecha.<\/p>\n<p>2. Techo ideol\u00f3gico: imposible mirar a la vez al centro y a la derecha <\/p>\n<p>A la vista de los datos, el PP tendr\u00eda ganado el voto en el centro ideol\u00f3gico (aquellas personas que se ubican en el 5 en una escala ideol\u00f3gica del 1 al 10) con un 32,6% y el centro-derecha (6) con un 54%. Sin embargo, esto ya no garantiza mayor\u00edas absolutas en un sistema pol\u00edtico fragmentado.<\/p>\n<p>A partir de la ubicaci\u00f3n ideol\u00f3gica que corresponde a la derecha (7), Vox comienza a crecer cada vez m\u00e1s, en especial en el extremo derecho (9 y 10) con porcentajes que alcanzan el 30%.<\/p>\n<p>En un escenario pol\u00edtico polarizado hacia los extremos, <strong>si el PP se modera para captar m\u00e1s centro<\/strong> (4-6 en la escala), donde el PSOE resiste, con un 19% en la posici\u00f3n del centro, <strong>pierde m\u00e1s votos por su derecha<\/strong> (8-10) hacia Vox. Si se radicaliza, pierde el centro que actualmente tiene conquistado. Est\u00e1 atrapado t\u00e1cticamente.<\/p>\n<p>3. La brecha generacional y el voto masculino<\/p>\n<p>El PP, como partido tradicional al igual que el PSOE, <strong>depende excesivamente del voto de las personas mayores y es irrelevante como fuerza de cambio para los j\u00f3venes<\/strong>. Roza el 49% de intenci\u00f3n de voto en los mayores de 75 a\u00f1os, pero cae a un 26% entre los menores de 35. En consecuencia, el PP parece lejos de capitalizar las demandas juveniles, que prefieren al resto de opciones. <\/p>\n<p>Y m\u00e1s all\u00e1, en los siguientes tramos de edad, los de <strong>los adultos extreme\u00f1os de 35-54 a\u00f1os, que constituyen la tercera parte de los encuestados<\/strong>, los &#8216;populares&#8217; aparecen como potencial primer partido, pero es Vox quien emerge como segunda opci\u00f3n, disput\u00e1ndole ese lugar al PSOE.<\/p>\n<p>En cuanto a la distribuci\u00f3n del voto y simpat\u00eda por sexo, <strong>PP y PSOE tienen en com\u00fan un electorado m\u00e1s femenino<\/strong>. Entre los partidos alternativos a izquierda y derecha, en contraste con la coalici\u00f3n de Podemos e IU, que tiene preferencias equilibradas entre hombres y mujeres, <strong>Vox tiene un voto fuertemente masculinizado<\/strong> (22,4% de los hombres, solo el 7,3% de las mujeres).<\/p>\n<p>En suma, el grupo de hombres de derechas de 25 a 54 a\u00f1os es donde el PP tendr\u00eda que crecer electoralmente si quiere aspirar a la mayor\u00eda absoluta, conectando con sus inquietudes y preferencias. <\/p>\n<p>4. Falta de tracci\u00f3n entre la clase media productiva <\/p>\n<p>El PP se ha consolidado en los extremos en cuanto a la formaci\u00f3n: es, a la vez, la candidatura favorita de las elites educativas y las personas sin estudios, pero est\u00e1 perdiendo tracci\u00f3n entre la clase media productiva. <strong>Cae en los niveles formativos intermedios, vitales para una mayor\u00eda amplia<\/strong>: en la FP y la educaci\u00f3n media, Vox y el PSOE compiten de t\u00fa a t\u00fa con el PP. El partido de Guardiola no est\u00e1 logrando conectar con el trabajador t\u00e9cnico, el aut\u00f3nomo de oficio o el empleado cualificado, que buscan propuestas pol\u00edticas m\u00e1s all\u00e1 de la gesti\u00f3n tecnocr\u00e1tica.<\/p>\n<p>5. No despierta suficientes simpat\u00edas en las clases trabajadoras<\/p>\n<p><strong>El PP es claramente el partido de la clase alta y media-alta<\/strong>, donde cuenta con un 56% de voto y simpat\u00eda, seg\u00fan el CIS, y tiene una presencia muy fuerte entre quienes se perciben a s\u00ed mismos como de clase media-media (42%) y media-baja (29,8%), donde se encuentra m\u00e1s de la mitad de los encuestados en Extremadura. Sin embargo, <strong>se debilita entre los votantes de clase trabajadora<\/strong> (18,2%) <strong>y baja\/pobre<\/strong> (22,2%), donde compiten PSOE y Vox como opciones pol\u00edticas preferidas.<\/p>\n<p>6. Vox como el partido de la clase trabajadora<\/p>\n<p>M\u00e1s all\u00e1 del voto ideol\u00f3gico o de la renta, y como ya se hab\u00eda visto en otros estudios, <strong>Vox est\u00e1 logrando penetrar entre la clase trabajadora, en especial entre trabajadores cualificados<\/strong> (oficiales, operarios, artesanos, operadores de maquinaria) y ocupaciones militares y cuerpos policiales. Las aspiraciones pol\u00edticas de estos votantes no estar\u00edan siendo capitalizas por la izquierda, ni piensan en un cambio en la l\u00f3gica bipartidista, sino que est\u00e1n siendo atra\u00eddos por la derecha radical.<\/p>\n<p>En definitiva, en clave socioecon\u00f3mica, el bache para las expectativas electorales del PP son las clases trabajadoras, donde el partido no consigue desbancar al PSOE y, por la derecha, se le cuela Vox en varios segmentos.<\/p>\n<p>7. Los asuntos (y emociones) que mueven el voto<\/p>\n<p>En una comunidad en la que el 74,5% de los encuestados afirma que, a la hora de votar, lo m\u00e1s importante para ellos ser\u00e1n \u00ablos temas propios de Extremadura\u00bb, el escenario est\u00e1 dominado por <strong>dos preocupaciones principales: el paro<\/strong> (primer problema para el 19,2% de las personas encuestadas; Extremadura es la tercera comunidad con m\u00e1s paro, por detr\u00e1s de Andaluc\u00eda y Canarias) y <strong>las infraestructuras (tren, conectividad)<\/strong>, cuesti\u00f3n que enlaza con una sensaci\u00f3n de agravio y abandono institucional. Estos son <strong>problemas transversales, da igual el partido al que se vote<\/strong>, como se observa al cruzar esta pregunta con el recuerdo de voto en las \u00faltimas elecciones auton\u00f3micas, aunque el paro preocupa m\u00e1s a partir de los 45 a\u00f1os y las infraestructuras a los menores de esa edad.<\/p>\n<p>Pero, <strong>al mismo tiempo, no hay una \u00abagenda extreme\u00f1a \u00fanica\u00bb<\/strong>, sino diferentes grupos de intereses adicionales: la base de votantes del PP de Guardiola pone el acento en el desarrollo econ\u00f3mico y menos en lo asistencial; los votantes del PSOE se centran en la protecci\u00f3n social, sobre todo en la sanidad, y el empleo; a los de Vox les interesa la reindustrializaci\u00f3n y la cuesti\u00f3n identitaria vinculada a los valores y la inmigraci\u00f3n.<\/p>\n<p>Para conectar con el electorado que marcar\u00e1 en las urnas el resultado final, <strong>el candidato ganador deber\u00e1 hacer que su campa\u00f1a pulse la emoci\u00f3n adecuada<\/strong>. En este sentido, ser\u00e1 \u00fatil para los estrategas de los partidos echar un vistazo a los motivos que declaran en esta encuesta los extreme\u00f1os para votar en 2023: c\u00f3mo los del PP le dan un peso relevante al programa, la gesti\u00f3n y la credibilidad de su candidata; que a los de PSOE y Podemos les moviliza el contenido pol\u00edtico, pero no tanto como evitar que gane la derecha; y que el voto a Vox es muy ideol\u00f3gico e identitario, muy movilizado por ideas y propuestas y por evitar que gane la izquierda.<\/p>\n<p>A partir de ah\u00ed, y con sus propios sondeos y estudios internos, sacar\u00e1n sus conclusiones, que ejecutar\u00e1n los candidatos en las pr\u00f3ximas semanas de campa\u00f1a electoral para imponerse a cualquier pron\u00f3stico.<\/p>\n<p>Coda: un CIS menos discordante que en otras elecciones<\/p>\n<p>En otras ocasiones, incluidos los sondeos de las elecciones generales, la encuesta del CIS ha sido la \u00fanica en ir contra el pron\u00f3stico del mercado demosc\u00f3pico y atribuir al PSOE la victoria electoral. Pero, en este sondeo preelectoral para Extremadura, tanto la tendencia de la intenci\u00f3n directa de voto (declaraci\u00f3n espont\u00e1nea del entrevistado) como <strong>la estimaci\u00f3n electoral del CIS van <\/strong><strong><a href=\"https:\/\/www.rtve.es\/noticias\/20251119\/encuestas-elecciones-extremadura-2025\/16818850.shtml\" rel=\"nofollow noopener\" target=\"_blank\">en la l\u00ednea de los pocos sondeos publicados hasta la fecha<\/a><\/strong><strong>. <\/strong><\/p>\n<p>La instituci\u00f3n presidida por el exdirigente socialista Jos\u00e9 F\u00e9lix Tezanos atribuye porcentajes menores que los del promedio de encuestas de RTVE, con la<strong> excepci\u00f3n de Vox, para el que estima cinco puntos m\u00e1s que el resto de sondeos,<\/strong> <strong>y Unidas por Extremadura<\/strong> (coalici\u00f3n de Podemos e IU), a la que otorga 3,5 puntos m\u00e1s.<\/p>\n<p>Y, al contrario que en otras encuestas del CIS, el porcentaje de encuestados que afirma que vot\u00f3 al PSOE (35,5%) o al PP (34,5%) en las \u00faltimas elecciones auton\u00f3micas coincide con el dato real, sin haber un sesgo que sobreestime el voto a los socialistas.<\/p>\n","protected":false},"excerpt":{"rendered":"El PP ganar\u00e1 las elecciones en Extremadura del pr\u00f3ximo 21 de diciembre, seg\u00fan los sondeos publicados antes del&hellip;\n","protected":false},"author":2,"featured_media":263451,"comment_status":"","ping_status":"","sticky":false,"template":"","format":"standard","meta":{"footnotes":""},"categories":[8],"tags":[17,18,25,24,13,14,11,19,20,9,10,15,16,23,12,21,22],"class_list":{"0":"post-263450","1":"post","2":"type-post","3":"status-publish","4":"format-standard","5":"has-post-thumbnail","7":"category-espana","8":"tag-breaking-news","9":"tag-breakingnews","10":"tag-es","11":"tag-espana","12":"tag-featured-news","13":"tag-featurednews","14":"tag-headlines","15":"tag-latest-news","16":"tag-latestnews","17":"tag-news","18":"tag-noticias","19":"tag-noticias-destacadas","20":"tag-noticiasdestacadas","21":"tag-spain","22":"tag-titulares","23":"tag-ultimas-noticias","24":"tag-ultimasnoticias"},"share_on_mastodon":{"url":"https:\/\/pubeurope.com\/@es\/115638007534199731","error":""},"_links":{"self":[{"href":"https:\/\/www.europesays.com\/es\/wp-json\/wp\/v2\/posts\/263450","targetHints":{"allow":["GET"]}}],"collection":[{"href":"https:\/\/www.europesays.com\/es\/wp-json\/wp\/v2\/posts"}],"about":[{"href":"https:\/\/www.europesays.com\/es\/wp-json\/wp\/v2\/types\/post"}],"author":[{"embeddable":true,"href":"https:\/\/www.europesays.com\/es\/wp-json\/wp\/v2\/users\/2"}],"replies":[{"embeddable":true,"href":"https:\/\/www.europesays.com\/es\/wp-json\/wp\/v2\/comments?post=263450"}],"version-history":[{"count":0,"href":"https:\/\/www.europesays.com\/es\/wp-json\/wp\/v2\/posts\/263450\/revisions"}],"wp:featuredmedia":[{"embeddable":true,"href":"https:\/\/www.europesays.com\/es\/wp-json\/wp\/v2\/media\/263451"}],"wp:attachment":[{"href":"https:\/\/www.europesays.com\/es\/wp-json\/wp\/v2\/media?parent=263450"}],"wp:term":[{"taxonomy":"category","embeddable":true,"href":"https:\/\/www.europesays.com\/es\/wp-json\/wp\/v2\/categories?post=263450"},{"taxonomy":"post_tag","embeddable":true,"href":"https:\/\/www.europesays.com\/es\/wp-json\/wp\/v2\/tags?post=263450"}],"curies":[{"name":"wp","href":"https:\/\/api.w.org\/{rel}","templated":true}]}}