{"id":263452,"date":"2025-11-30T09:45:24","date_gmt":"2025-11-30T09:45:24","guid":{"rendered":"https:\/\/www.europesays.com\/es\/263452\/"},"modified":"2025-11-30T09:45:24","modified_gmt":"2025-11-30T09:45:24","slug":"exito-de-la-ii-feria-gastronomica-de-tapas-y-vinos-del-distrito-salud-la-salle","status":"publish","type":"post","link":"https:\/\/www.europesays.com\/es\/263452\/","title":{"rendered":"\u00c9xito de la II Feria Gastron\u00f3mica de Tapas y Vinos del Distrito Salud\u2013La Salle"},"content":{"rendered":"<p>La segunda edici\u00f3n de esta iniciativa, celebrada este s\u00e1bado en el parque de La Granja, cont\u00f3 con la participaci\u00f3n de 12 bodegas y m\u00e1s de 30 establecimientos.<\/p>\n<p>Notable afluencia de p\u00fablico en la II Feria Gastron\u00f3mica de Tapas y Vinos del distrito Salud\u2013La Salle, celebrada este s\u00e1bado en el parque La Granja de la capital tinerfe\u00f1a. As\u00ed lo ha comunicado el alcalde de Santa Cruz, Jos\u00e9 Manuel Berm\u00fadez, quien destac\u00f3 que \u201cesta jornada, orientada a la promoci\u00f3n de la gastronom\u00eda y la viticultura insular, ha sido, adem\u00e1s, un punto de encuentro entre ciudadan\u00eda, sector gastron\u00f3mico y actividad cultural\u201d, y a\u00f1adi\u00f3 \u201cesta iniciativa, impulsada por el Ayuntamiento de Santa Cruz, a trav\u00e9s de la Sociedad de Desarrollo y el distrito Salud-La Salle, se enmarcaba en el programa Disfruta en los Distritos\u201d. <\/p>\n<p>En este sentido, Berm\u00fadez destac\u00f3 que \u201ceste encuentro refuerza el compromiso municipal con la dinamizaci\u00f3n econ\u00f3mica de los distritos y la puesta en valor del producto local\u201d, y a\u00f1adi\u00f3 que \u201cla participaci\u00f3n de 12 bodegas de las seis denominaciones de origen de Tenerife y m\u00e1s de 30 establecimientos de restauraci\u00f3n del distrito tambi\u00e9n nos ha permitido poner en valor el talento gastron\u00f3mico y vitivin\u00edcola de la Isla, que es uno de nuestros mayores patrimonios y un claro elemento diferenciador de nuestra identidad\u201d. <\/p>\n<p>Por su parte, la consejera delegada de la Sociedad de Desarrollo, Carmen P\u00e9rez, explic\u00f3 que \u201ccada edici\u00f3n de esta feria supone un impulso real para el tejido empresarial del distrito, que encuentra aqu\u00ed un espacio para darse a conocer y fortalecer su actividad\u201d, y a\u00f1adi\u00f3 que \u201ces una herramienta estrat\u00e9gica para la dinamizaci\u00f3n econ\u00f3mica del distrito, porque genera actividad directa para nuestros establecimientos, aumenta el flujo de consumidores y fortalece la cadena de valor vinculada a la restauraci\u00f3n y al sector vitivin\u00edcola\u201d. <\/p>\n<p>Igualmente, P\u00e9rez subray\u00f3 que \u201cadem\u00e1s, hemos querido que la Feria de Tapas y Vinos del distrito Salud &#8211; La Salle fuera un lugar de disfrute para toda la familia, con diferentes acciones de dinamizaci\u00f3n, como photocall, fotomat\u00f3n y caricaturas en directo\u201d, y a\u00f1adi\u00f3 que \u201ctambi\u00e9n contamos con un amplio programa musical que hizo vibrar al numeroso p\u00fablico que se acerc\u00f3 hasta el parque La Granja y que incluy\u00f3 las actuaciones de la Orquesta La Sabrosa, Los V\u00e1ndalos, Melocos, DJ Kike y DJ Tay de Le\u00f3n\u201d.<\/p>\n<p>En este sentido, P\u00e9rez destac\u00f3 que \u201cel buen desarrollo de la jornada y la alta afluencia de p\u00fablico, evidencian la consolidaci\u00f3n de la Feria de Tapas y Vinos como una herramienta eficaz para la dinamizaci\u00f3n econ\u00f3mica y social del distrito Salud\u2013La Salle\u201d, y a\u00f1adi\u00f3 que \u201ccon esta jornada consolidamos este evento como un referente gastron\u00f3mico de nuestra ciudad y en la que tambi\u00e9n hemos contado con la colaboraci\u00f3n con Vinos de Tenerife\u201d. <\/p>\n<p>La concejala del distrito Salud-La Salle, Zaida Gonz\u00e1lez, asegur\u00f3 que \u201cla respuesta de los m\u00e1s de 30 establecimientos participantes confirma que esta segunda edici\u00f3n se ha convertido en una plataforma muy eficaz para impulsar el comercio y la restauraci\u00f3n del distrito, generando oportunidades reales para el sector y atrayendo a un p\u00fablico muy diverso\u201d. En esta l\u00ednea, destac\u00f3 que \u201cla feria no solo dinamiza la actividad econ\u00f3mica, sino que tambi\u00e9n fortalece el v\u00ednculo de los vecinos con su entorno, convirtiendo a Salud-La Salle en un espacio cada vez m\u00e1s vivo, atractivo y reconocido dentro de la ciudad\u201d.<\/p>\n<p>En la feria participaron 12 bodegas, representando a las seis denominaciones de origen de la isla. De esta manera, la D.O. Abona estuvo presente a trav\u00e9s de la Bodega Mencey de Chasna, Bodega Lagar de Chasna, Bodega Cumbres de Abona y Bodega Rever\u00f3n. La D.O. Islas Canarias particip\u00f3 a trav\u00e9s de Bodega Gallo &amp; Qu\u00edquere Wines y Bodega El Sitio. Por otra parte, la D.O. Valle de La Orotava estuvo presente con Bodega Atlante y Bodega La Haya, mientras que la D.O. Tacoronte-Acentejo estuvo representada por Bodega Linaje del Pago. La D.O. Valle de G\u00fc\u00edmar cont\u00f3 con Bodega Comarcal Valle de G\u00fc\u00edmar y Bodega La Vera.<\/p>\n<p>Los establecimientos ofrecieron tapas creativas y tradicionales con producto local y precios asequibles, para fomentar la participaci\u00f3n del p\u00fablico. As\u00ed, entre los negocios participantes se encontraban La Herradura, Garc\u00eda Bar, Ceviboom Cevicher\u00eda, La Gata Flora, Caff\u00e9 Caf\u00e9 Los Italianos, La T\u00edpica Argentina, Tajogaite by Enrique G\u00f3mez, El Pulpete, El Caldero, Am\u00e9rico Truck, Rademiz, Cafeter\u00eda Meij\u00f3n, Cafeter\u00eda Churrer\u00eda El Refugio, La Cocina de Mi Patio, La Kacharra, La Confronta, Mistura, Quick Veg, La Esquinita del Sabor, Arepera 3 de Mayo, 2 Cent\u00edgrados, \u00c1vila Tei, Cachitos RealFood, Antojitos Cocina, 7 Islas 7 Quesos y Mill\u00f3filos.<\/p>\n<p>La Sociedad de Desarrollo ejecuta \u2018Disfruta en los distritos\u2019, como una iniciativa estrat\u00e9gica e innovadora debido a su formulaci\u00f3n, as\u00ed como a su co-gesti\u00f3n participativa por los diferentes distritos que forman el municipio. Se trata de un proyecto basado en la gobernanza, la colaboraci\u00f3n interadministrativa e institucional, y pretende impulsar nuevos enfoques para el desarrollo econ\u00f3mico y comercial de Santa Cruz y est\u00e1 alineada con el Plan Director de Comercio (eje 4 Dinamizaci\u00f3n e impulso del consumo) y el Plan Estrat\u00e9gico de Turismo de la ciudad (eje 3 Producto y Marketing del destino).<\/p>\n","protected":false},"excerpt":{"rendered":"La segunda edici\u00f3n de esta iniciativa, celebrada este s\u00e1bado en el parque de La Granja, cont\u00f3 con la&hellip;\n","protected":false},"author":2,"featured_media":263453,"comment_status":"","ping_status":"","sticky":false,"template":"","format":"standard","meta":{"footnotes":""},"categories":[5],"tags":[17,18,25,24,13,14,11,19,20,9,10,15,16,23,12,21,22],"class_list":{"0":"post-263452","1":"post","2":"type-post","3":"status-publish","4":"format-standard","5":"has-post-thumbnail","7":"category-titulares","8":"tag-breaking-news","9":"tag-breakingnews","10":"tag-es","11":"tag-espana","12":"tag-featured-news","13":"tag-featurednews","14":"tag-headlines","15":"tag-latest-news","16":"tag-latestnews","17":"tag-news","18":"tag-noticias","19":"tag-noticias-destacadas","20":"tag-noticiasdestacadas","21":"tag-spain","22":"tag-titulares","23":"tag-ultimas-noticias","24":"tag-ultimasnoticias"},"share_on_mastodon":{"url":"https:\/\/pubeurope.com\/@es\/115638011373435724","error":""},"_links":{"self":[{"href":"https:\/\/www.europesays.com\/es\/wp-json\/wp\/v2\/posts\/263452","targetHints":{"allow":["GET"]}}],"collection":[{"href":"https:\/\/www.europesays.com\/es\/wp-json\/wp\/v2\/posts"}],"about":[{"href":"https:\/\/www.europesays.com\/es\/wp-json\/wp\/v2\/types\/post"}],"author":[{"embeddable":true,"href":"https:\/\/www.europesays.com\/es\/wp-json\/wp\/v2\/users\/2"}],"replies":[{"embeddable":true,"href":"https:\/\/www.europesays.com\/es\/wp-json\/wp\/v2\/comments?post=263452"}],"version-history":[{"count":0,"href":"https:\/\/www.europesays.com\/es\/wp-json\/wp\/v2\/posts\/263452\/revisions"}],"wp:featuredmedia":[{"embeddable":true,"href":"https:\/\/www.europesays.com\/es\/wp-json\/wp\/v2\/media\/263453"}],"wp:attachment":[{"href":"https:\/\/www.europesays.com\/es\/wp-json\/wp\/v2\/media?parent=263452"}],"wp:term":[{"taxonomy":"category","embeddable":true,"href":"https:\/\/www.europesays.com\/es\/wp-json\/wp\/v2\/categories?post=263452"},{"taxonomy":"post_tag","embeddable":true,"href":"https:\/\/www.europesays.com\/es\/wp-json\/wp\/v2\/tags?post=263452"}],"curies":[{"name":"wp","href":"https:\/\/api.w.org\/{rel}","templated":true}]}}