{"id":263454,"date":"2025-11-30T09:49:08","date_gmt":"2025-11-30T09:49:08","guid":{"rendered":"https:\/\/www.europesays.com\/es\/263454\/"},"modified":"2025-11-30T09:49:08","modified_gmt":"2025-11-30T09:49:08","slug":"david-puig-gana-en-australia-su-primer-torneo-del-circuito-europeo-y-releva-a-seve-deportes","status":"publish","type":"post","link":"https:\/\/www.europesays.com\/es\/263454\/","title":{"rendered":"David Puig gana en Australia su primer torneo del circuito europeo y releva a Seve | Deportes"},"content":{"rendered":"<p class=\"\">Llegar y ganar. El catal\u00e1n David Puig, de 23 a\u00f1os, ha conseguido este domingo en Brisbane la victoria en el BMW Australian PGA Championship, el primer torneo del circuito europeo que disputa en su carrera como miembro de pleno derecho y la primera cita del nuevo curso en el llamado DP World Tour. Puig se ha impuesto con 18 golpes bajo el par, dos de ventaja sobre el chino Wenyi Ding, para atar as\u00ed su tercer triunfo profesional despu\u00e9s de dos victorias en el circuito asi\u00e1tico, en 2023 en Singapur y en 2024 en Malasia. Y para convertirse en el segundo espa\u00f1ol que conquista este t\u00edtulo despu\u00e9s de <a href=\"https:\/\/elpais.com\/noticias\/severiano-ballesteros\/\" target=\"_blank\" rel=\"noreferrer nofollow noopener\" title=\"https:\/\/elpais.com\/noticias\/severiano-ballesteros\/\">Seve Ballesteros<\/a> en 1981.<\/p>\n<p class=\"\">Puig es jugador de LIV, la Liga saud\u00ed que no suele producir este perfil de golfista, el joven que progresa y mejora cada temporada. El catal\u00e1n ha apretado los dientes durante los \u00faltimos cursos para buscar fuera de la competici\u00f3n saud\u00ed los puntos de la clasificaci\u00f3n saud\u00ed que de momento no reparte LIV y que necesitaba para aspirar a citas mayores. As\u00ed <a href=\"https:\/\/elpais.com\/deportes\/juegos-olimpicos\/2024-08-01\/jon-rahm-y-david-puig-de-la-liga-saudi-al-golf-olimpico.html\" target=\"_blank\" rel=\"noreferrer nofollow noopener\" title=\"https:\/\/elpais.com\/deportes\/juegos-olimpicos\/2024-08-01\/jon-rahm-y-david-puig-de-la-liga-saudi-al-golf-olimpico.html\">se clasific\u00f3 por ejemplo para los pasados Juegos Ol\u00edmpicos de Par\u00eds junto a Jon Rahm<\/a> (con quien se entrena en Arizona) y as\u00ed se codea ahora para ganarse un nombre en el circuito europeo y abrir la puerta de los grandes con mayor frecuencia (ha disputado cinco). En la Liga saud\u00ed ha finalizado esta campa\u00f1a en d\u00e9cima posici\u00f3n en la clasificaci\u00f3n individual, su mejor resultado tras una progresi\u00f3n constante: 64\u00ba en 2022, 31\u00ba en 2023 y 26\u00ba en 2024.<\/p>\n<p class=\"\">\u201cEsto lo significa todo para m\u00ed. Ganar aqu\u00ed y poner mi nombre al lado del de Seve es un sue\u00f1o. Con esta victoria se me abren ciertas puertas que a lo mejor no ten\u00eda del todo previstas. No s\u00e9 muy bien a\u00fan qu\u00e9 torneos voy a a\u00f1adir a mi calendario, pero ahora s\u00e9 que puedo estar en los mejores\u201d, ha comentado Puig.<\/p>\n<p class=\"\"><a href=\"https:\/\/www.europeantour.com\/dpworld-tour\/bmw-australian-pga-championship-2026\/results?round=4\" target=\"_blank\" rel=\"noreferrer nofollow noopener\" title=\"https:\/\/www.europeantour.com\/dpworld-tour\/bmw-australian-pga-championship-2026\/results?round=4\"><b>Clasificaci\u00f3n final del BMW Australian PGA Championship.<\/b><\/a><\/p>\n","protected":false},"excerpt":{"rendered":"Llegar y ganar. El catal\u00e1n David Puig, de 23 a\u00f1os, ha conseguido este domingo en Brisbane la victoria&hellip;\n","protected":false},"author":2,"featured_media":263455,"comment_status":"","ping_status":"","sticky":false,"template":"","format":"standard","meta":{"footnotes":""},"categories":[275],"tags":[1540,7058,168,25,24,329,607,968,1960,23,167],"class_list":{"0":"post-263454","1":"post","2":"type-post","3":"status-publish","4":"format-standard","5":"has-post-thumbnail","7":"category-golf","8":"tag-competiciones","9":"tag-david-puig","10":"tag-deportes","11":"tag-es","12":"tag-espana","13":"tag-golf","14":"tag-golfistas","15":"tag-liv-golf","16":"tag-pga-tour","17":"tag-spain","18":"tag-sports"},"share_on_mastodon":{"url":"https:\/\/pubeurope.com\/@es\/115638027136578796","error":""},"_links":{"self":[{"href":"https:\/\/www.europesays.com\/es\/wp-json\/wp\/v2\/posts\/263454","targetHints":{"allow":["GET"]}}],"collection":[{"href":"https:\/\/www.europesays.com\/es\/wp-json\/wp\/v2\/posts"}],"about":[{"href":"https:\/\/www.europesays.com\/es\/wp-json\/wp\/v2\/types\/post"}],"author":[{"embeddable":true,"href":"https:\/\/www.europesays.com\/es\/wp-json\/wp\/v2\/users\/2"}],"replies":[{"embeddable":true,"href":"https:\/\/www.europesays.com\/es\/wp-json\/wp\/v2\/comments?post=263454"}],"version-history":[{"count":0,"href":"https:\/\/www.europesays.com\/es\/wp-json\/wp\/v2\/posts\/263454\/revisions"}],"wp:featuredmedia":[{"embeddable":true,"href":"https:\/\/www.europesays.com\/es\/wp-json\/wp\/v2\/media\/263455"}],"wp:attachment":[{"href":"https:\/\/www.europesays.com\/es\/wp-json\/wp\/v2\/media?parent=263454"}],"wp:term":[{"taxonomy":"category","embeddable":true,"href":"https:\/\/www.europesays.com\/es\/wp-json\/wp\/v2\/categories?post=263454"},{"taxonomy":"post_tag","embeddable":true,"href":"https:\/\/www.europesays.com\/es\/wp-json\/wp\/v2\/tags?post=263454"}],"curies":[{"name":"wp","href":"https:\/\/api.w.org\/{rel}","templated":true}]}}