{"id":263458,"date":"2025-11-30T09:54:08","date_gmt":"2025-11-30T09:54:08","guid":{"rendered":"https:\/\/www.europesays.com\/es\/263458\/"},"modified":"2025-11-30T09:54:08","modified_gmt":"2025-11-30T09:54:08","slug":"es-una-barbaridad-que-la-sociedad-intente-adoctrinar-a-lamine-yamal-con-18-anos","status":"publish","type":"post","link":"https:\/\/www.europesays.com\/es\/263458\/","title":{"rendered":"Es una barbaridad que la sociedad intente adoctrinar a Lamine Yamal con 18 a\u00f1os"},"content":{"rendered":"\n<p> Tras unos cuantos partidos recibiendo tundas del Barcelona, el Madrid gan\u00f3 por fin el \u00faltimo cl\u00e1sico, con un <a href=\"https:\/\/www.vanitatis.elconfidencial.com\/famosos\/2025-11-24\/lamine-yamal-juergas-mudanza-retrasos-proteccion-total_4253486\/\" target=\"_self\" rel=\"nofollow noopener\">Lamine Yamal<\/a> irreconocible por problemas f\u00edsicos. No obstante, si uno le pregunta a Yamal cu\u00e1l ha sido <strong>su derrota m\u00e1s dolorosa<\/strong>, quiz\u00e1 diga que una hace once a\u00f1os, cuando el Anguera le meti\u00f3 5-0 al Barcelona en la Liga de F\u00fatbol 7. Yamal ten\u00eda 7 a\u00f1os y hab\u00eda fichado hace poco por el equipo cul\u00e9. <\/p>\n<p> \u00abTiempo despu\u00e9s, Lamine dir\u00e1 que aquella fr\u00eda ma\u00f1ana en el distrito de Exaimple fue la peor derrota de su vida. Diez a\u00f1os despu\u00e9s del partido, los autores de los cinco goles se volver\u00e1n a reunir, convocados para un reportaje de El Peri\u00f3dico\u2026 Ya no juegan al f\u00fatbol y ahora admiran a aquel al que se enfrentaron. El art\u00edculo cuenta que \u00c1lex Mayral cursa grado superior en Direcci\u00f3n y Gesti\u00f3n de Hoteler\u00eda, Joan Bertran estudia ADE y entrena a un alev\u00edn del Anguera, Sandro Giancola estudia Farmacia, Guillem estudia Ciencias de Actividad F\u00edsica y Deporte, y Roger Casas cursa grado superior en Administraci\u00f3n y hace de \u00e1rbitro. Lamine tendr\u00e1 su revancha el 28 de abril de 2015, cuando se vuelva a cruzar con el Anguera. Esta vez, el <a href=\"https:\/\/www.elconfidencial.com\/deportes\/futbol\/2025-11-19\/fc-barcelona-pedir-lewandowski-no-marcar-goles-evitar-pagar-2-millones-bayern-munich_4250619\/\" target=\"_self\" rel=\"nofollow noopener\">Barcelona <\/a>gana 7-3 y \u00e9l anota dos goles. Pero no es suficiente para quitarles la primera posici\u00f3n. Su primer a\u00f1o lo acaba con 25 goles.<strong> Todos le felicitan<\/strong> y le dicen que el subcampeonato tiene m\u00e9rito, <strong>pero en su interior se queda con sabor a poco<\/strong>\u00ab. <\/p>\n<p> Lo cuenta el periodista argentino Pedro Molina en <a href=\"https:\/\/www.amazon.es\/Lamine-Yamal-Pedro-Molina-ebook\/dp\/B0G1C2636N\/ref=sr_1_1?tag=elconfi-21\" target=\"_blank\" rel=\"nofollow noopener\">Fen\u00f3meno Yamal<\/a>, esclarecedora biograf\u00eda sobre la formaci\u00f3n y eclosi\u00f3n de la \u00faltima gran estrella del f\u00fatbol espa\u00f1ol. La paradoja Yamal es que a medida que conquista el planeta f\u00fatbol, <strong>aumentan las cr\u00edticas hac\u00eda \u00e9l en Espa\u00f1a, pero no a su f\u00fatbol, sino a su forma de ser<\/strong>, en un equ\u00edvoco cultural que se enreda y enreda a medida que nos acercamos al Mundial, donde la Espa\u00f1a de Lamine, tras ganar la Eurocopa con desparpajo, parte entre las m\u00e1ximas favoritas. <\/p>\n<p> \u201cDefinir a un<a href=\"https:\/\/www.elconfidencial.com\/alma-corazon-vida\/2025-10-01\/800-euros-cenar-madre-lamine-yamal-1qrt_4219728\/\" target=\"_self\" rel=\"nofollow noopener\"> joven de 18 a\u00f1os<\/a> suena apresurado dentro y fuera del campo. En ambos terrenos, Lamine ha demostrado ser un fen\u00f3meno. Las contradicciones propias de la condici\u00f3n humana se potencian en un joven que acaba de convertirse en adulto y vive desde su adolescencia bajo los reflectores de la sociedad.<strong> Es el l\u00edder de una generaci\u00f3n enigm\u00e1tica<\/strong>, que da sus primeros pasos en un mundo ca\u00f3tico. Tambi\u00e9n es la esperanza de un club hist\u00f3rico y de una selecci\u00f3n que conf\u00eda en reescribir sus grandes \u00e9xitos. Tendr\u00e1 que superar incontables dificultades, pero, a fin de cuentas, se trata solo de f\u00fatbol\u201d, concluye Molina en el libro. <\/p>\n<p>               &#8216;Fen\u00f3meno Lamine Yamal&#8217; de Pedro Molina. (J. M. P.)             <\/p>\n<p> <strong>Pedro Molina<\/strong> (Buenos Aires, 1995) vive en Barcelona desde 2023. Actualmente, escribe para<a href=\"https:\/\/www.elconfidencial.com\/empresas\/2025-09-18\/el-jueves-national-geographic-asesor-reestructurar-deudas_4210995\/\" target=\"_self\" rel=\"nofollow noopener\"> National Geographic <\/a>y El Confidencial. Anteriormente, trabaj\u00f3 en la revista El Gr\u00e1fico, el diario La Naci\u00f3n y el canal de televisi\u00f3n <strong>ESPN<\/strong>. Hablamos con \u00e9l sobre los l\u00edmites futbol\u00edsticos de Yamal, sus incomprendidas aficiones y el cambio cultural en la Selecci\u00f3n espa\u00f1ola. <\/p>\n<p> <strong>PREGUNTA. Has estudiado toda la carrera de Yamal desde que ten\u00eda seis a\u00f1os. \u00bfSigues reconociendo a ese ni\u00f1o en su manera de jugar? \u00bfEn qu\u00e9 ha cambiado su f\u00fatbol?<\/strong> <\/p>\n<p> RESPUESTA. S\u00ed, absolutamente lo sigo reconociendo. Principalmente, para resolver situaciones complejas y que a la vista parezcan simples. Ten\u00eda una habilidad t\u00e9cnica impresionante, remataba desde lejos y entend\u00eda muy bien el juego. Tambi\u00e9n hay una evoluci\u00f3n l\u00f3gica. Los partidos que vi de su primer a\u00f1o como Prebenjam\u00edn ten\u00eda un talento indiscutible, pero parec\u00eda m\u00e1s un jugador de jugadas que por momentos estaba desconectado esperando que le llegara la pelota. Con el proceso de formaci\u00f3n se fue convirtiendo en un jugador mucho m\u00e1s de equipo. <\/p>\n<p> Su f\u00edsico tambi\u00e9n cambi\u00f3. Al comienzo era muy menudo y los entrenadores intentaban pedirle solo lo indispensable en defensa porque sino no soportaba los 90 minutos, seg\u00fan me contaron. De hecho, peg\u00f3 el estir\u00f3n despu\u00e9s de debutar en el primer equipo cuando creci\u00f3 diez cent\u00edmetros en menos de un a\u00f1o. Otro aspecto en el que es diferente era su facilidad con el gol. Lamine en f\u00fatbol base jug\u00f3 m\u00e1s partidos en campos de 7 que de 11 y marcaba goles con mayor facilidad. Creo que eso todav\u00eda no lo hemos visto en el primer equipo. <\/p>\n<p> <strong>P. Durante su carrera infantil y juvenil, cuentas que, como les pasa a los ni\u00f1os superdotados en clase, muchas veces se aburr\u00eda jugando, y hab\u00eda que ponerle nuevos retos para que no desconectara. \u00bfEs algo que, a otro nivel, le sigue pasando?<\/strong> <\/p>\n<p> R. Yo creer\u00eda que ya no se aburre, pero la b\u00fasqueda de retos es permanente. El caso m\u00e1s emblem\u00e1tico es el de Rabiot vs. <a href=\"https:\/\/www.elconfidencial.com\/mundo\/2025-10-07\/crisis-politica-francia-dimision-macron-1hms_4223394\/\" target=\"_self\" rel=\"nofollow noopener\">Francia <\/a>en la \u00faltima Eurocopa, pero tambi\u00e9n le pas\u00f3 al enfrentar a Mendy y a Nuno Mendes. Fuera de los partidos, el gran reto para Lamine era el Bal\u00f3n de Oro. Esto no lo s\u00e9, pero es posible que le haya afectado no ganarlo. Lo dif\u00edcil es que no se puede vivir pensando \u00fanicamente en los grandes partidos porque para llegar a instancias decisivas hay que ganarle a todos. Puede que todav\u00eda no tenga la mentalidad de Michael Jordan que dec\u00eda \u00abjuego cada partido porque siempre alguien puede estar vi\u00e9ndome por primera vez\u00bb. <\/p>\n<p> <strong>P. \u00bfPor qu\u00e9 el orgullo de barrio sigue sumiendo importante para \u00e9l?<\/strong> <\/p>\n<p> R. Creo que esto es algo que excede al f\u00fatbol y es parte de ser un ni\u00f1o de la tercera cultura. Sus padres son de dos pa\u00edses diferentes y \u00e9l es de otro, entonces su lugar de arraigo es Rocafonda. Cuando hablas con gente de all\u00ed te dicen que su orgullo es la multiculturalidad y realmente se ve. Es muy lindo y muy contradictorio a los discursos imperantes en esta \u00e9poca. Lamine de ni\u00f1o en <a href=\"https:\/\/www.elconfidencial.com\/television\/2024-09-19\/abuela-lamine-yamal-marcha-barrio-amenazas_3966135\/\" target=\"_self\" rel=\"nofollow noopener\">Rocafonda <\/a>era libre, muchos lo recuerdan de verlo andar con la pelota a todos lados y es habitual que en barrios as\u00ed, donde las casas son peque\u00f1as y la vida es mayormente en la calle, se genere un sentido de comunidad muy fuerte. <\/p>\n<p>               Foto: Getty\/Pedro Salado.             <\/p>\n<p> <strong>P. Se est\u00e1 hablando mucho sobre qu\u00e9 la vida privada de Lamine se ha descontrolado -fiestas con enanos, romances con divas de la m\u00fasica urbana- y eso afectar\u00eda su carrera porque, a\u00f1aden, su entorno familiar -visto como desestructurado- tampoco ayudar\u00eda. \u00bfExageraciones de los medios para hacer clicks o realidad?<\/strong> <\/p>\n<p> R. Creo que es parte del \u00abfen\u00f3meno\u00bb. Los medios magnifican y \u00e9l con su inconsciencia -dicha en el buen sentido- a veces alimenta el cotilleo. Lo mismo con el padre. A m\u00ed me da mucha pena que un chico de 18 a\u00f1os no pueda tener una novia o romper con ella porque todo ser\u00e1 interpretado como esc\u00e1ndalo. En eso creo que hay una gran exageraci\u00f3n, alimentada por los clics y por otros intereses. Cito a dos madridistas: <a href=\"https:\/\/www.elconfidencial.com\/deportes\/futbol\/2025-11-25\/cristiano-ronaldo-jugar-primer-partido-mundial-2026-sancionan-un-partido_4254559\/\" target=\"_self\" rel=\"nofollow noopener\">Cristiano <\/a>dijo &#8216;dejad al ni\u00f1o crecer tranquilo&#8217; y Mbapp\u00e9, lo mismo: &#8216;d\u00e9jenlo en paz&#8217;. No veo que el entorno pueda afectar a su carrera, pero s\u00ed creo que Lamine est\u00e1 aprendiendo sobre la marcha a vivir en el centro del mundo y hoy en d\u00eda eso es muy desgastante. <\/p>\n<p class=\"bodyObject bodyBlockquote\">\u00abA veces parece un bocazas, pero sus referencias hay que buscarlas en los cantantes de m\u00fasica urbana que adoran tener haters\u00bb<\/p>\n<p> <strong>P. \u00bfHay a veces incomprensi\u00f3n generacional hacia un chaval con gustos de la generaci\u00f3n Z? \u00bfYamal es un poco bocazas o los vaciles son parte de su encanto?<\/strong> <\/p>\n<p> R. Hay una incomprensi\u00f3n absoluta. Fue uno de los desaf\u00edos m\u00e1s interesantes del libro porque yo con 30 a\u00f1os tambi\u00e9n hay muchas cosas que no entend\u00eda de \u00e9l. A veces parece un bocazas porque estamos acostumbrados a personalidades m\u00e1s pol\u00edticamente correctas como Messi. Pero Lamine es 20 a\u00f1os menor y sus referencias hay que buscarlas en los cantantes de m\u00fasica urbana que adoran tener haters y que se alimentan del conflicto o en streamers con una personalidad m\u00e1s contestataria. Incluso lo que dijo antes del partido con el<a href=\"https:\/\/www.elconfidencial.com\/deportes\/futbol\/2025-11-29\/xabi-alonso-real-madrid-salvaje-oeste-paz-tiempo_4255996\/\" target=\"_self\" rel=\"nofollow noopener\"> Real Madrid<\/a> fue imprudente en los t\u00e9rminos de la comunicaci\u00f3n deportiva a la que estamos acostumbrados, pero fue absolutamente ingenuo en c\u00f3mo lo dice. <\/p>\n<p> Mientras escrib\u00eda el libro me encontr\u00e9 con un estudio cient\u00edfico de la American Psychological Association Estados Unidos que le ped\u00eda a personas de todo el mundo que definieran a qu\u00e9 consideraban cool. Las 6 caracter\u00edsticas m\u00e1s mencionadas fueron: extrovertido, hedonista, poderoso, aventurero, abierto y aut\u00f3nomo. Cuando lo vi dije, \u00a1esto es lo que quiere transmitir Lamine en sus redes! Lamine es un reflejo de estos tiempos. A m\u00ed no me parece particularmente encantador porque tengo otra personalidad, pero lo que me parece una absoluta barbaridad es que la sociedad intente adoctrinar a un chico de 18 a\u00f1os que es genuino, no tiene maldad y es un simple jugador de f\u00fatbol. <\/p>\n<p>               Foto: J. M. P.             <\/p>\n<p> <strong>P. Dentro de las cr\u00edticas recientes a Yamal, est\u00e1n las que vienen del universo Real Madrid -al fin y al cabo es el mejor jugador de tu mayor rival- que acabaron en bronca entre Carvajal y \u00e9l en el \u00faltimo Cl\u00e1sico. Estos enfrentamientos entre jugadores del Madrid y el Barca ya se vivieron en la \u00e9poca polarizada de Mourinho como entrenador merengue. \u00bfAl aficionado del Madrid le da igual que se incendie la selecci\u00f3n -d\u00f3nde no tiene muchos jugadores \u00faltimamente- porque lo primero siempre es su club?<\/strong> <\/p>\n<p> R. Me parece entendible que los aficionados del Madrid piten a Lamine y eso es parte del f\u00fatbol. Hace dos a\u00f1os con la camiseta de Espa\u00f1a todo el Bernab\u00e9u lo ovacion\u00f3 cuando jug\u00f3 contra Brasil. Lo de <a href=\"https:\/\/www.elconfidencial.com\/deportes\/futbol\/2025-10-27\/carvajal-real-madrid-lesion-meses-baja_4236515\/\" target=\"_self\" rel=\"nofollow noopener\">Carvajal <\/a>me parece de mal compa\u00f1ero, sobre todo con la edad que tiene. Desconozco qu\u00e9 opina el aficionado del Madrid sobre la selecci\u00f3n, pero si la bronca con Lamine se traduce en no apoyar a la propia selecci\u00f3n, por ejemplo, en la Copa del Mundo, me parece una bajeza tremenda. <\/p>\n<p> <strong>P. Siguiendo con los reparos a Yamal, \u00bfpuede haber trasfondo pol\u00edtico en alguno de ellos? Me refiero a la incomodidad de ciertos sectores sociales con la conversi\u00f3n de Espa\u00f1a en selecci\u00f3n multicultural, como ocurri\u00f3 en Francia cuando su selecci\u00f3n empez\u00f3 a ser m\u00e1s negra hace unas d\u00e9cadas.<\/strong> <\/p>\n<p> R. No tengo dudas de que el trasfondo pol\u00edtico influye, sobre todo por el lugar que ocupa la migraci\u00f3n en el debate p\u00fablico. Hay mucha gente que no quiere ver triunfar a una selecci\u00f3n con jugadores de ascendencia africana. Pobres de ellos que se perder\u00e1n del f\u00fatbol y porque no entienden que la identidad es din\u00e1mica. Si yo fuera espa\u00f1ol me dar\u00eda un orgullo inmenso tener un jugador como Lamine y pensar que si ese beb\u00e9 nac\u00eda en otro lado, posiblemente no hubiera tenido tantas oportunidades. Te puedo nombrar la asistencia de instituciones como <a href=\"https:\/\/www.vanitatis.elconfidencial.com\/estilo\/moda\/2025-10-02\/sara-carbonero-premios-unicef-look_4220516\/\" target=\"_self\" rel=\"nofollow noopener\">Unicef<\/a>, los beneficios sociales, la empat\u00eda de los vecinos migrantes de sus padres y la solidaridad del club La Torreta que lo recibi\u00f3 gratis. Estar en contra de eso me parece un sinsentido. De todas maneras, creo que los debates sobre la migraci\u00f3n no deben darse en torno a los deportistas y me parece contraproducente cuando los \u00e9xitos de Lamine son utilizados pol\u00edticamente. <\/p>\n","protected":false},"excerpt":{"rendered":"Tras unos cuantos partidos recibiendo tundas del Barcelona, el Madrid gan\u00f3 por fin el \u00faltimo cl\u00e1sico, con un&hellip;\n","protected":false},"author":2,"featured_media":263459,"comment_status":"","ping_status":"","sticky":false,"template":"","format":"standard","meta":{"footnotes":""},"categories":[268],"tags":[168,25,24,280,282,281,23,167],"class_list":{"0":"post-263458","1":"post","2":"type-post","3":"status-publish","4":"format-standard","5":"has-post-thumbnail","7":"category-futbol","8":"tag-deportes","9":"tag-es","10":"tag-espana","11":"tag-football","12":"tag-futbol","13":"tag-soccer","14":"tag-spain","15":"tag-sports"},"share_on_mastodon":{"url":"https:\/\/pubeurope.com\/@es\/115638046948946298","error":""},"_links":{"self":[{"href":"https:\/\/www.europesays.com\/es\/wp-json\/wp\/v2\/posts\/263458","targetHints":{"allow":["GET"]}}],"collection":[{"href":"https:\/\/www.europesays.com\/es\/wp-json\/wp\/v2\/posts"}],"about":[{"href":"https:\/\/www.europesays.com\/es\/wp-json\/wp\/v2\/types\/post"}],"author":[{"embeddable":true,"href":"https:\/\/www.europesays.com\/es\/wp-json\/wp\/v2\/users\/2"}],"replies":[{"embeddable":true,"href":"https:\/\/www.europesays.com\/es\/wp-json\/wp\/v2\/comments?post=263458"}],"version-history":[{"count":0,"href":"https:\/\/www.europesays.com\/es\/wp-json\/wp\/v2\/posts\/263458\/revisions"}],"wp:featuredmedia":[{"embeddable":true,"href":"https:\/\/www.europesays.com\/es\/wp-json\/wp\/v2\/media\/263459"}],"wp:attachment":[{"href":"https:\/\/www.europesays.com\/es\/wp-json\/wp\/v2\/media?parent=263458"}],"wp:term":[{"taxonomy":"category","embeddable":true,"href":"https:\/\/www.europesays.com\/es\/wp-json\/wp\/v2\/categories?post=263458"},{"taxonomy":"post_tag","embeddable":true,"href":"https:\/\/www.europesays.com\/es\/wp-json\/wp\/v2\/tags?post=263458"}],"curies":[{"name":"wp","href":"https:\/\/api.w.org\/{rel}","templated":true}]}}