{"id":263462,"date":"2025-11-30T09:56:11","date_gmt":"2025-11-30T09:56:11","guid":{"rendered":"https:\/\/www.europesays.com\/es\/263462\/"},"modified":"2025-11-30T09:56:11","modified_gmt":"2025-11-30T09:56:11","slug":"el-sanatorio-antituberculoso-una-singularidad-modernista-medio-escondida-en-collserola","status":"publish","type":"post","link":"https:\/\/www.europesays.com\/es\/263462\/","title":{"rendered":"El Sanatorio Antituberculoso, una singularidad modernista medio escondida en Collserola"},"content":{"rendered":"<p>El <strong>vecindario de Can Rectoret<\/strong> es un curioso laberinto de calles en zigzag con torres residenciales que se extiende sobre la ladera de Collserola que da al Vall\u00e8s. Formalmente, es parte del barrio oficial de <strong><a data-external=\"0\" data-intl-links-ca=\"https:\/\/www.elnacional.cat\/ca\/barcelona\/submari-insolit-caseta-nines-somni-altres-atractius-sarria-sant-gervasi_1341871_102.html\" data-intl-links-es=\"https:\/\/www.elnacional.cat\/es\/barcelona\/submarino-insolito-casita-munecas-ensueno-otros-atractivos-sarria-sant-gervasi_1341871_102.html\" href=\"https:\/\/www.elnacional.cat\/es\/barcelona\/submarino-insolito-casita-munecas-ensueno-otros-atractivos-sarria-sant-gervasi_1341871_102.html\" rel=\"follow nofollow noopener\" target=\"_self\" title=\"Un submar\u00ed ins\u00f2lit, una caseta de nines de somni i altres atractius de Sarri\u00e0-Sant Gervasi\">Vallvidrera, les Planes i el Tibidabo del districte de Sarri\u00e0-Sant Gervasi<\/a><\/strong> y se encuentra, por lo tanto, <strong>dentro del t\u00e9rmino municipal de Barcelona<\/strong>, pero no tiene nada que ver con la idea de trama urbana que se asocia a la capital de Catalunya. Se trata de un barrio de monta\u00f1a que cuenta con <strong>dos estaciones de Ferrocarrils de la Generalitat de Catalunya<\/strong> \u2014Baixador de Vallvidrera y<strong><a data-external=\"0\" data-intl-links-ca=\"https:\/\/www.elnacional.cat\/ca\/barcelona\/finalitza-restauracio-estacio-modernista-planes-fgc_1129425_102.html\" data-intl-links-es=\"https:\/\/www.elnacional.cat\/es\/barcelona\/finaliza-restauracion-estacion-modernista-planes-fgc_1129425_102.html\" href=\"https:\/\/www.elnacional.cat\/es\/barcelona\/finaliza-restauracion-estacion-modernista-planes-fgc_1129425_102.html\" rel=\"follow nofollow noopener\" target=\"_self\" title=\"Finalitza la restauraci\u00f3 de l\u2019estaci\u00f3 modernista de Les Planes d\u2019FGC\">\u00a0Les Planes<\/a><\/strong>\u2014 y que es raramente visitado por los barceloneses del otro lado de Collserola salvo por excursionistas de fin de semana.<\/p>\n<p>Con todo, en Can Rectoret se puede encontrar una de las<strong> singularidades modernistas que tanto asociamos a Barcelona<\/strong>, pero que, debido a su ubicaci\u00f3n, es bastante desconocida. Se trata del <strong>Sanatorio Antituberculoso,<\/strong> o m\u00e1s bien, de lo poco que queda de \u00e9l, ya que lo que deb\u00eda ser un complejo sanitario en plena naturaleza pensado para combatir una enfermedad mortal, la tuberculosis, qued\u00f3 en un proyecto edificado solo a medias y nunca utilizado plenamente. Como otros proyectos barceloneses de principios del siglo XX, <strong><a data-external=\"0\" data-intl-links-ca=\"https:\/\/www.elnacional.cat\/ca\/barcelona\/histories-park-guell-can-trias-somni-frustrat-antoni-gaudi-eusebi-guell_1245810_102.html\" data-intl-links-es=\"https:\/\/www.elnacional.cat\/es\/barcelona\/historias-park-guell-can-trias-sueno-frustrado-antoni-gaudi-eusebi-guell_1245810_102.html\" href=\"https:\/\/www.elnacional.cat\/es\/barcelona\/historias-park-guell-can-trias-sueno-frustrado-antoni-gaudi-eusebi-guell_1245810_102.html\" rel=\"follow nofollow noopener\" target=\"_self\" title=\"Hist\u00f2ries del Park G\u00fcell (I): Can Trias i el somni frustrat d\u2019Antoni Gaud\u00ed i Eusebi G\u00fcell\">como el Park G\u00fcell<\/a><\/strong> o la<strong><a data-external=\"0\" data-intl-links-ca=\"https:\/\/www.elnacional.cat\/ca\/barcelona\/castell-fals-antic-mental-grapat-aqueductes-altres-atractius-nou-barris_1298407_102.html\" data-intl-links-es=\"https:\/\/www.elnacional.cat\/es\/barcelona\/castillo-falso-antiguo-mental-manojo-punado-acueductos-otros-atractivos-nou-barris_1298407_102.html\" href=\"https:\/\/www.elnacional.cat\/es\/barcelona\/castillo-falso-antiguo-mental-manojo-punado-acueductos-otros-atractivos-nou-barris_1298407_102.html\" rel=\"follow nofollow noopener\" target=\"_self\" title=\"Un castell fals, l\u2019antic mental, un grapat d\u2019aq\u00fceductes i altres atractius de Nou Barris\"> ciudad jard\u00edn de Torre Bar\u00f3<\/a><\/strong>, el Sanatorio Antituberculoso es la historia de un fracaso. <strong>Un fracaso modernista, eso s\u00ed<\/strong>.<\/p>\n<p>Vamos por partes, a principios del siglo XX la tuberculosis es una enfermedad mortal que encuentra en nuevos centros alejados del bullicio urbano una posible soluci\u00f3n para el tratamiento de los pacientes. Es en este marco que <strong>el c\u00e9lebre doctor Salvador Andreu, promotor de la urbanizaci\u00f3n del Tibidabo<\/strong>, compr\u00f3 en nombre de la Sociedad Sanatorio del Tibidabo una finca en el\u00a0actual Can Rectoret con el fin de construir un Sanatorio Antituberculoso. El objetivo era edificar un<strong> amplio complejo con diversos edificios<\/strong> donde poder tratar la enfermedad a partir de los criterios modernos de aire puro, clima saludable y entorno higi\u00e9nico. Sin embargo, solo se levantaron un par de edificios, de los cuales solo se conserva uno, bastante singular, por su forma y por el uso al que estaba destinado, ya que <strong>lo \u00fanico que se conserva de todo el proyecto es\u2026 la lavander\u00eda<\/strong>.<\/p>\n<p>&#13;<br \/>\n&#13;<br \/>\n&#13;<br \/>\nEstado actual del edificio de la lavander\u00eda del Sanatorio Antituberculoso, con alguna de las c\u00fapulas de &#8216;trencad\u00eds&#8217; restaurada \/ Foto: Montse Giralt&#13;<\/p>\n<p>&#13;<br \/>\n&#13;<br \/>\n&#13;<br \/>\nAspecto del Sanatorio Antituberculoso por su parte posterior \/ Foto: Montse Giralt&#13;<\/p>\n<p>&#13;<br \/>\n&#13;<br \/>\n&#13;<br \/>\nEl acceso al edificio se hac\u00eda por la parte posterior, que es la que se encaraba con lo que deb\u00eda ser el resto del complejo hospitalario \/ Foto: Montse Giralt&#13;<\/p>\n<p>Efectivamente, en la calle J\u00fapiter, n\u00famero 7, entre casas aisladas y terrenos sin urbanizar, aparece de repente una<strong> extra\u00f1a construcci\u00f3n circular de obra vista<\/strong>, rematada con una gran c\u00fapula rodeada de ocho c\u00fapulas m\u00e1s. Es lo que queda de lo que deb\u00eda ser <strong>la lavander\u00eda del Sanatorio Antituberculoso<\/strong> y responde a un proyecto del arquitecto <strong>Joan Rubi\u00f3 i Bellver, disc\u00edpulo y colaborador de Antoni Gaud\u00ed<\/strong>. Obras de Rubi\u00f3 i Bellver en Barcelona son, por ejemplo, la <strong>Casa Golferichs<\/strong>, en la Gran Via; la <strong><a data-external=\"0\" data-intl-links-ca=\"https:\/\/www.elnacional.cat\/ca\/barcelona\/cinc-racons-escola-industrial-impressionen_741519_102.html\" data-intl-links-es=\"https:\/\/www.elnacional.cat\/es\/barcelona\/cinco-rincones-escola-industrial-impresionan_741519_102.html\" href=\"https:\/\/www.elnacional.cat\/es\/barcelona\/cinco-rincones-escola-industrial-impresionan_741519_102.html\" rel=\"follow nofollow noopener\" target=\"_self\" title=\"Cinco rincones de la Escola Industrial que impresionan\">Resid\u00e8ncia d\u2019Estudiants de l\u2019Escola Industrial<\/a><\/strong> y una de las construcciones m\u00e1s fotografiadas de la ciudad, el <strong>puente neog\u00f3tico de la calle del Bisbe.<\/strong><\/p>\n<p>Entre 1903 y 1905 Rubi\u00f3 i Bellver edific\u00f3 este singular edificio destinado a los <strong>servicios de lavander\u00eda, limpieza y desinfecci\u00f3n del complejo hospitalario.<\/strong> Para favorecer esta idea de higiene, el arquitecto formul\u00f3 un <strong>edificio redondo, abierto a los cuatro vientos que aseguraba la ventilaci\u00f3n<\/strong> gracias a su gran n\u00famero de ventanales. Su planta circular rodeada de torretas semicirculares es lo que m\u00e1s destaca de una construcci\u00f3n de ladrillo rojo marcada tambi\u00e9n por las <strong>cubiertas c\u00f3nicas revestidas de trencad\u00eds cer\u00e1mico blanco<\/strong>, un recurso habitual de la arquitectura modernista. Por la parte trasera del edificio se conservan los restos del puente que facilitaba el acceso a la planta superior. Todo ello, le da un aire de castillo surgido de la nada que incluso se ha podido visitar en alguna ocasi\u00f3n dentro del <strong><a data-external=\"0\" data-intl-links-ca=\"https:\/\/www.elnacional.cat\/ca\/barcelona\/vuit-espais-ocults-barcelona-podran-visitar-propers-dies_753195_102.html\" data-intl-links-es=\"https:\/\/www.elnacional.cat\/es\/barcelona\/ocho-espacios-ocultos-barcelona-visitar-proximos-dias_753195_102.html\" href=\"https:\/\/www.elnacional.cat\/es\/barcelona\/ocho-espacios-ocultos-barcelona-visitar-proximos-dias_753195_102.html\" rel=\"follow nofollow noopener\" target=\"_self\" title=\"Els vuit \u2018espais ocults\u2019 de Barcelona que es podran visitar els propers dies\">programa de espacios ocultos del festival de arquitectura Open House<\/a><\/strong>.<\/p>\n<p>Un proyecto inacabado<\/p>\n<p>Aunque el proyecto comenz\u00f3 con gran impulso, <strong>diversos problemas econ\u00f3micos lo convirtieron en inviable hasta que se desestim\u00f3 su finalizaci\u00f3n<\/strong> y lo poco que se hab\u00eda construido sufri\u00f3 los estragos de la Guerra Civil. Con el tiempo, los terrenos donde deb\u00eda ir la gran residencia para tuberculosos se parcelaron y vendieron y con el paso del tiempo fue creciendo el actual vecindario de Can Rectoret. De hecho, <strong>el espacio ocupado actualmente por el Casal de Barrio de Can Rectoret es donde deb\u00eda ir el edificio principal<\/strong>, es decir, el hospital para tuberculosos propiamente dicho, donde deb\u00eda haber espacio para un m\u00ednimo de un centenar de pacientes<\/p>\n<p>&#13;<br \/>\n&#13;<br \/>\n&#13;<br \/>\nEl proyecto del Sanatorio Antituberculoso preve\u00eda un gran complejo sanitario con un edificio principal que se situar\u00eda donde ahora est\u00e1 el Casal de Barrio. El edificio de la lavander\u00eda se identifica claramente en la parte inferior del proyecto \/ Foto: Archivo del Col\u00b7legi d&#8217;Arquitectes de Catalunya&#13;<\/p>\n<p>&#13;<br \/>\n&#13;<br \/>\n&#13;<br \/>\nFotograf\u00eda del puente de acceso a la planta superior datada poco despu\u00e9s de la construcci\u00f3n del edificio, en la primera d\u00e9cada del siglo XX \/ Foto: Digital Memory of Catalonia&#13;<\/p>\n<p>&#13;<br \/>\n&#13;<br \/>\n&#13;<br \/>\nInterior del edificio una vez culminada la construcci\u00f3n \/ Foto: Digital Memory of Catalonia&#13;<\/p>\n<p>&#13;<br \/>\n&#13;<br \/>\n&#13;<br \/>\nImagen reciente del interior, distribuida con ocasi\u00f3n de las visitas organizadas dentro del programa de espacios ocultos del festival de Arquitectura Open House \/ Foto: Open House&#13;<\/p>\n<p>En cuanto a <strong>la lavander\u00eda, de propiedad privada,<\/strong> a lo largo del tiempo ha habido algunos proyectos de rehabilitaci\u00f3n que, de momento, han permitido asegurar la estabilidad del edificio. Actualmente, <strong>en el edificio es visible maquinaria y carteler\u00eda que indican que se est\u00e1n efectuando obras<\/strong>, aunque, por lo que se ve del interior, se pueden ver tambi\u00e9n <strong>pintadas y una cierta degradaci\u00f3n.<\/strong> Hay que tener en cuenta que en diversos momentos de su existencia reciente este edificio ha sufrido diversas ocupaciones. <strong>Catalogado como Bien Cultural de Inter\u00e9s Local,<\/strong> la ficha del Cat\u00e1logo de Patrimonio indica que el edificio est\u00e1 en <strong>\u201cmuy mal estado de conservaci\u00f3n\u201d<\/strong> y reclama la \u201cnecesidad de protegerlo f\u00edsicamente contra la degradaci\u00f3n\u201d y\u00a0la \u201creposici\u00f3n de los elementos desaparecidos y documentados fotogr\u00e1ficamente\u201d, apuntando que una eventual restauraci\u00f3n \u201cdeber\u00e1 hacerse colocando elementos de carpinter\u00eda met\u00e1lica con gran porcentaje de vidrio para mantener al m\u00e1ximo las dimensiones de las aberturas existentes\u201d.<\/p>\n<p>Restauraci\u00f3n de los tejados<\/p>\n<p>De hecho, seg\u00fan inform\u00f3 Betev\u00e9 a principios de junio de este 2025,<strong> se trabaja en una rehabilitaci\u00f3n que prev\u00e9 restaurar toda la cubierta en un plazo de dos a\u00f1os,<\/strong> un trabajo complicado dado su mal estado y la necesidad de recuperar las cer\u00e1micas existentes e incorporar piezas nuevas donde han desaparecido. Tambi\u00e9n se est\u00e1n realizando tareas de refuerzo de la estructura y se han recolocado elementos de ladrillo que faltaban. Seg\u00fan la misma informaci\u00f3n, <strong>no est\u00e1 claro cu\u00e1l ser\u00e1 el uso futuro del edificio,<\/strong> que en todo caso, es de propiedad privada. Lo que s\u00ed est\u00e1 clara es la obligaci\u00f3n de conservarlo, ya que est\u00e1 catalogado. Y tambi\u00e9n queda clara <strong>la fascinaci\u00f3n que genera ver, por primera vez, esta joya modernista escondida en Collserola<\/strong>.<\/p>\n","protected":false},"excerpt":{"rendered":"El vecindario de Can Rectoret es un curioso laberinto de calles en zigzag con torres residenciales que se&hellip;\n","protected":false},"author":2,"featured_media":263463,"comment_status":"","ping_status":"","sticky":false,"template":"","format":"standard","meta":{"footnotes":""},"categories":[173],"tags":[229,233,231,230,232,234,146,147,25,24,23],"class_list":{"0":"post-263462","1":"post","2":"type-post","3":"status-publish","4":"format-standard","5":"has-post-thumbnail","7":"category-arte-y-diseno","8":"tag-arte","9":"tag-arte-y-diseno","10":"tag-arts","11":"tag-arts-and-design","12":"tag-design","13":"tag-diseno","14":"tag-entertainment","15":"tag-entretenimiento","16":"tag-es","17":"tag-espana","18":"tag-spain"},"share_on_mastodon":{"url":"https:\/\/pubeurope.com\/@es\/115638054611832296","error":""},"_links":{"self":[{"href":"https:\/\/www.europesays.com\/es\/wp-json\/wp\/v2\/posts\/263462","targetHints":{"allow":["GET"]}}],"collection":[{"href":"https:\/\/www.europesays.com\/es\/wp-json\/wp\/v2\/posts"}],"about":[{"href":"https:\/\/www.europesays.com\/es\/wp-json\/wp\/v2\/types\/post"}],"author":[{"embeddable":true,"href":"https:\/\/www.europesays.com\/es\/wp-json\/wp\/v2\/users\/2"}],"replies":[{"embeddable":true,"href":"https:\/\/www.europesays.com\/es\/wp-json\/wp\/v2\/comments?post=263462"}],"version-history":[{"count":0,"href":"https:\/\/www.europesays.com\/es\/wp-json\/wp\/v2\/posts\/263462\/revisions"}],"wp:featuredmedia":[{"embeddable":true,"href":"https:\/\/www.europesays.com\/es\/wp-json\/wp\/v2\/media\/263463"}],"wp:attachment":[{"href":"https:\/\/www.europesays.com\/es\/wp-json\/wp\/v2\/media?parent=263462"}],"wp:term":[{"taxonomy":"category","embeddable":true,"href":"https:\/\/www.europesays.com\/es\/wp-json\/wp\/v2\/categories?post=263462"},{"taxonomy":"post_tag","embeddable":true,"href":"https:\/\/www.europesays.com\/es\/wp-json\/wp\/v2\/tags?post=263462"}],"curies":[{"name":"wp","href":"https:\/\/api.w.org\/{rel}","templated":true}]}}