{"id":263468,"date":"2025-11-30T10:00:08","date_gmt":"2025-11-30T10:00:08","guid":{"rendered":"https:\/\/www.europesays.com\/es\/263468\/"},"modified":"2025-11-30T10:00:08","modified_gmt":"2025-11-30T10:00:08","slug":"la-increible-historia-de-rob-spence-el-director-de-cine-con-una-camara-en-lugar-de-ojo","status":"publish","type":"post","link":"https:\/\/www.europesays.com\/es\/263468\/","title":{"rendered":"La incre\u00edble historia de Rob Spence, el director de cine con una c\u00e1mara en lugar de ojo"},"content":{"rendered":"<p class=\"c-paragraph\">Su filmograf\u00eda, en realidad, es lo menos importante del director <b>Rob Spence<\/b>. \u00c9l mismo es su propia pel\u00edcula, una historia viva de transformaci\u00f3n y superaci\u00f3n. A los 12 a\u00f1os, mientras jugaba con una escopeta, <b>el arma se le dispar\u00f3 accidentalmente y<\/b> <b>el culatazo lo priv\u00f3 de la visi\u00f3n en su ojo derecho<\/b>. La mirada <a href=\"https:\/\/www.20minutos.es\/cinemania\/noticias\/director-pelicula-mejor-valorada-publico-lista-negra-hollywood_6235778_0.html\" rel=\"nofollow noopener\" target=\"_blank\">del ni\u00f1o que so\u00f1aba con ser director<\/a> de cine qued\u00f3, de esta manera, limitada hasta el extremo de que le resultaba dif\u00edcil trasladarse sin tropezar y caer al suelo. Lejos parec\u00eda quedar, entonces, el sue\u00f1o de ponerse tras una c\u00e1mara y capturar el mundo.\u00a0 \u00a0 \u00a0 \u00a0 \u00a0 \u00a0 \u00a0 \u00a0 \u00a0 \u00a0 \u00a0 \u00a0 \u00a0 \u00a0\u00a0<\/p>\n<p class=\"c-paragraph\">Con el paso de los a\u00f1os, su ceguera se agrav\u00f3 progresivamente y el ojo afectado comenz\u00f3 a infectarse de manera recurrente. Para entonces, Rob Spence ya ten\u00eda clara su vocaci\u00f3n por el cine y, cuando los m\u00e9dicos le recomendaron que se pusiera un ojo de cristal para resolver el problema, \u00e9l plante\u00f3 una alternativa audaz:<b> \u00bfY si en su lugar fuera una c\u00e1mara?\u00a0<\/b><\/p>\n<p class=\"c-paragraph\"><a href=\"https:\/\/www.20minutos.es\/cinemania\/noticias\/james-cameron-arnold-schwarzenegger-apunto-pistola-productor-terminator-rodaje-5534915\/\" rel=\"nofollow noopener\" target=\"_blank\">Los cyborgs<\/a> ya no eran, en ese momento, criaturas exclusivas de la ficci\u00f3n: personas como <b>Neil Harbisson<\/b>, nacido con una ceguera para los colores que le hac\u00eda percibir el mundo en blanco y negro y que hab\u00eda solventado el problema implantando una antena en su cr\u00e1neo, hab\u00edan sido reconocidas por el gobierno como ciborgs oficiales. \u00bfPor qu\u00e9 no pod\u00eda ser Rob Spence, entonces, <b>el primer cyborg cinematogr\u00e1fico<\/b>?<\/p>\n<p>La historia de Eyeborg<\/p>\n<p class=\"c-paragraph\">En 2008, sali\u00f3 de la f\u00e1brica el ojo de Rob Spence: un mecanismo diminuto y sofisticado equipado con un microtransmisor de radio frecuencia. De uso anal\u00f3gico, <b>la c\u00e1mara no est\u00e1 conectada directamente a su nervio \u00f3ptico, por lo que Spence no puede ver a trav\u00e9s de ella<\/b> en absoluto; pero s\u00ed puede grabar con precisi\u00f3n. Adem\u00e1s, tiene la capacidad de prescindir de su estrafalario ojo a voluntad, quit\u00e1ndoselo cuando lo desee. Cuando decide que es el momento de ponerlo en REC, la pr\u00f3tesis comienza a captar im\u00e1genes en tiempo real que van a parar directamente a un monitor inal\u00e1mbrico.<\/p>\n<p class=\"c-paragraph\">Su \u00f3pera prima fue, precisamente, un documental de corta duraci\u00f3n que inclu\u00eda testimonios impactantes de cyborgs reales, que ponen de manifiesto la realidad de un mundo en el que las fronteras entre el ser humano y la m\u00e1quina van, progresivamente, difumin\u00e1ndose. Rob Spence es la apoteosis del c\u00e9lebre y revolucionario largometraje de Dziga Vertov: The man with a movie camera.\u00a0\u00a0<\/p>\n","protected":false},"excerpt":{"rendered":"Su filmograf\u00eda, en realidad, es lo menos importante del director Rob Spence. \u00c9l mismo es su propia pel\u00edcula,&hellip;\n","protected":false},"author":2,"featured_media":263469,"comment_status":"","ping_status":"","sticky":false,"template":"","format":"standard","meta":{"footnotes":""},"categories":[169],"tags":[177,146,147,25,24,3220,176,175,267,23058,23],"class_list":{"0":"post-263468","1":"post","2":"type-post","3":"status-publish","4":"format-standard","5":"has-post-thumbnail","7":"category-cine","8":"tag-cine","9":"tag-entertainment","10":"tag-entretenimiento","11":"tag-es","12":"tag-espana","13":"tag-estrenos-de-cine","14":"tag-film","15":"tag-movies","16":"tag-planseo","17":"tag-robots","18":"tag-spain"},"share_on_mastodon":{"url":"https:\/\/pubeurope.com\/@es\/115638070540396527","error":""},"_links":{"self":[{"href":"https:\/\/www.europesays.com\/es\/wp-json\/wp\/v2\/posts\/263468","targetHints":{"allow":["GET"]}}],"collection":[{"href":"https:\/\/www.europesays.com\/es\/wp-json\/wp\/v2\/posts"}],"about":[{"href":"https:\/\/www.europesays.com\/es\/wp-json\/wp\/v2\/types\/post"}],"author":[{"embeddable":true,"href":"https:\/\/www.europesays.com\/es\/wp-json\/wp\/v2\/users\/2"}],"replies":[{"embeddable":true,"href":"https:\/\/www.europesays.com\/es\/wp-json\/wp\/v2\/comments?post=263468"}],"version-history":[{"count":0,"href":"https:\/\/www.europesays.com\/es\/wp-json\/wp\/v2\/posts\/263468\/revisions"}],"wp:featuredmedia":[{"embeddable":true,"href":"https:\/\/www.europesays.com\/es\/wp-json\/wp\/v2\/media\/263469"}],"wp:attachment":[{"href":"https:\/\/www.europesays.com\/es\/wp-json\/wp\/v2\/media?parent=263468"}],"wp:term":[{"taxonomy":"category","embeddable":true,"href":"https:\/\/www.europesays.com\/es\/wp-json\/wp\/v2\/categories?post=263468"},{"taxonomy":"post_tag","embeddable":true,"href":"https:\/\/www.europesays.com\/es\/wp-json\/wp\/v2\/tags?post=263468"}],"curies":[{"name":"wp","href":"https:\/\/api.w.org\/{rel}","templated":true}]}}