{"id":263472,"date":"2025-11-30T10:02:09","date_gmt":"2025-11-30T10:02:09","guid":{"rendered":"https:\/\/www.europesays.com\/es\/263472\/"},"modified":"2025-11-30T10:02:09","modified_gmt":"2025-11-30T10:02:09","slug":"los-medicos-de-familia-alertan-de-un-adelanto-de-la-epidemia-de-la-gripe-y-la-covid-19-servimedia-2","status":"publish","type":"post","link":"https:\/\/www.europesays.com\/es\/263472\/","title":{"rendered":"Los m\u00e9dicos de familia alertan de un adelanto de la epidemia de la gripe y la covid-19 &#8211; Servimedia"},"content":{"rendered":"<ol>\n<li><a href=\"https:\/\/news.google.com\/rss\/articles\/CBMipAFBVV95cUxNWWFlVWJhR3h3ZkdLdHVhbXZMNTJOcmQ5a0pqT0pWQU1haGVwdVZUVzJ6OWQxdXhpZFZaMzF0U2Z2azZUZzNmTVpyNHJSR3ptX0xYaG1vcjQ0MjZHX2ZCQVRwNG1fT2FFSWVHcTRQVEVaOEdpTkRocUJXVWJPdlFHU2RTVzhTS3VEUU9fcTZiUW83Q2w1ZWJGYjYzako3M2k0a3NjMw?oc=5\" target=\"_blank\" rel=\"nofollow noopener\">Los m\u00e9dicos de familia alertan de un adelanto de la epidemia de la gripe y la covid-19<\/a>&nbsp;&nbsp;Servimedia<\/li>\n<li><a href=\"https:\/\/news.google.com\/rss\/articles\/CBMinwFBVV95cUxOcWwzNjdaQkhJbW01bUx3T3FPbzdjZjVhLVEya3RwUF8zNjN3RTBTbGFyaWtpOW9BRnBhNk5uRGx2TUdDMTBSRjlnbEpNN2VJM25ZOGVLQjRRZ1RISGtFM0xLSnFHOU9sNTRDS0kzemlMNzFMNmg2TGUxYkhadkZJcDBBVnZuLXpHbXZ1TUNaNUpmWnhJVkVXaW5kbjBwcEk?oc=5\" target=\"_blank\" rel=\"nofollow noopener\">Gu\u00eda para esquivar la gripe K y otros virus que est\u00e1n enfermando a media Espa\u00f1a<\/a>&nbsp;&nbsp;El Confidencial<\/li>\n<li><a href=\"https:\/\/news.google.com\/rss\/articles\/CBMiogFBVV95cUxOV3V2bjJoY0tUOWpkblJNYkRud1ZwT0RtcnNVOW91d29fRlNTOWFWODB1RUxNS3VleUlzelB5T2JqVVJ2VTdrVkJ6eEdCSHdlNXBJa08xaFNwQ0cwSlZEX1JFbGJWLWc2OUdYT2FSNG1QZ0JUZFJZMHNZY2EzSk5EdmpKOFJMbTdtd0xPUkJXeVpxVVY1S2JDNXRKeW1rbFFvUHc?oc=5\" target=\"_blank\" rel=\"nofollow noopener\">La semFYC advierte de un adelanto de la epidemia de gripe y COVID-19 y de la posible circulaci\u00f3n del subclado K del virus gripal H3N2<\/a>&nbsp;&nbsp;semFYC<\/li>\n<li><a href=\"https:\/\/news.google.com\/rss\/articles\/CBMivAFBVV95cUxNTXF0c1VHV0NkZWduOWEwbV9GZmxRTFhoaEh5Q0dOSmpVSnJQQ0s0eHlWSlBXZkFPelpfZGxiREZHMEU1U3lZN2VxSmFYeDNBQ1NIWThPRE5VYWVsbGwtRFR6d20yNXpVSFVlbEQ4Q2xqbmNsdzVtajVtaVRRaTdKdDctNHBjSkRyNXFVdDUwMXRiM2dyVXhwV1FVV0NoZmhXSzY3S192WUlmLWpBYUlMQlM3WkRXY3ZrYjZRUNIBvAFBVV95cUxOZ3BabGVJSFRRTTBPWEh4cGFWSVdzWVpfZjd3Y3F5NEFCWGx3Z2dDUDNtM0FmZ2lIOFpRXzd2TVlYVHBMWkIzZW1jZFF5YzB1cW54QmIxWmpnb1I5Y3AweTAtV2ZOYTFmMVR0TUd4ZVBKVXluSVdDamFGTjNCQ1U5RmZRWENZckE3Vk9WcXBYQXlDaXhLME5sWVR5WlFHZDZMRFcyUW1uaVN5UEk2ZngzQWNicTF0bzFXUTZfSg?oc=5\" target=\"_blank\" rel=\"nofollow noopener\">La variante K de la gripe dispara los contagios: \u00abEn mi casa la han cogido todos. Mi madre, mi tio, mis<\/a>&nbsp;&nbsp;LaSexta<\/li>\n<li><a href=\"https:\/\/news.google.com\/rss\/articles\/CBMijgFBVV95cUxNcDFYUG9TeWFRWGo5cURJS3NtWWJLb194UW1SSy1lUnVuYTlzOVh3NGhMNkJXaHJ5ZjN1cWFXMVNoNWNOcVRuV2R1MnladHdLbFFtdWFCVjVMTnRMU0loRERoN1BRVGhoLUZNVlplT1RTZmNVdEM2N2NmZUt4SS1hTklvQWhaVnNXRWZ4YnR3?oc=5\" target=\"_blank\" rel=\"nofollow noopener\">Alerta por el virus de la gripe A(H3N2) que esquiva la vacuna: Espa\u00f1a en epidemia<\/a>&nbsp;&nbsp;El Mundo<\/li>\n<\/ol>\n","protected":false},"excerpt":{"rendered":"Los m\u00e9dicos de familia alertan de un adelanto de la epidemia de la gripe y la covid-19&nbsp;&nbsp;Servimedia Gu\u00eda&hellip;\n","protected":false},"author":2,"featured_media":263473,"comment_status":"","ping_status":"","sticky":false,"template":"","format":"standard","meta":{"footnotes":""},"categories":[92],"tags":[2272,21303,25,24,7749,165,64535,166,56458,492,23],"class_list":{"0":"post-263472","1":"post","2":"type-post","3":"status-publish","4":"format-standard","5":"has-post-thumbnail","7":"category-salud","8":"tag-covid-19","9":"tag-epidemia","10":"tag-es","11":"tag-espana","12":"tag-gripe","13":"tag-health","14":"tag-medico-de-familia","15":"tag-salud","16":"tag-semfyc","17":"tag-sociedad","18":"tag-spain"},"share_on_mastodon":{"url":"https:\/\/pubeurope.com\/@es\/115638078325836086","error":""},"_links":{"self":[{"href":"https:\/\/www.europesays.com\/es\/wp-json\/wp\/v2\/posts\/263472","targetHints":{"allow":["GET"]}}],"collection":[{"href":"https:\/\/www.europesays.com\/es\/wp-json\/wp\/v2\/posts"}],"about":[{"href":"https:\/\/www.europesays.com\/es\/wp-json\/wp\/v2\/types\/post"}],"author":[{"embeddable":true,"href":"https:\/\/www.europesays.com\/es\/wp-json\/wp\/v2\/users\/2"}],"replies":[{"embeddable":true,"href":"https:\/\/www.europesays.com\/es\/wp-json\/wp\/v2\/comments?post=263472"}],"version-history":[{"count":0,"href":"https:\/\/www.europesays.com\/es\/wp-json\/wp\/v2\/posts\/263472\/revisions"}],"wp:featuredmedia":[{"embeddable":true,"href":"https:\/\/www.europesays.com\/es\/wp-json\/wp\/v2\/media\/263473"}],"wp:attachment":[{"href":"https:\/\/www.europesays.com\/es\/wp-json\/wp\/v2\/media?parent=263472"}],"wp:term":[{"taxonomy":"category","embeddable":true,"href":"https:\/\/www.europesays.com\/es\/wp-json\/wp\/v2\/categories?post=263472"},{"taxonomy":"post_tag","embeddable":true,"href":"https:\/\/www.europesays.com\/es\/wp-json\/wp\/v2\/tags?post=263472"}],"curies":[{"name":"wp","href":"https:\/\/api.w.org\/{rel}","templated":true}]}}