{"id":263474,"date":"2025-11-30T10:03:10","date_gmt":"2025-11-30T10:03:10","guid":{"rendered":"https:\/\/www.europesays.com\/es\/263474\/"},"modified":"2025-11-30T10:03:10","modified_gmt":"2025-11-30T10:03:10","slug":"la-ministra-sira-rego-firma-el-libro-de-honor-de-la-ciudad","status":"publish","type":"post","link":"https:\/\/www.europesays.com\/es\/263474\/","title":{"rendered":"La ministra Sira Rego firma el Libro de Honor de la ciudad"},"content":{"rendered":"<p>                        <strong>La ministra de Juventud e Infancia, Sira Rego, ha realizado este fin de semana una visita institucional al Ayuntamiento de Sagunto, donde ha sido recibida por miembros de la Corporaci\u00f3n Municipal<\/strong><\/p>\n<p data-start=\"2375\" data-end=\"2805\">Tras el saludo protocolario, la ministra ha firmado en el Libro de Honor de la ciudad, un gesto con el que ha dejado constancia de su paso por la capital del Camp de Morvedre y de la colaboraci\u00f3n institucional en materia de juventud.<\/p>\n<p data-start=\"2807\" data-end=\"3261\">A continuaci\u00f3n, Rego ha mantenido una reuni\u00f3n de trabajo con la alcaldesa por delegaci\u00f3n, Maria Jose Carrera, el concejal de Juventud e Infancia, Roberto Rovira, as\u00ed como con personal t\u00e9cnico municipal y el director de su gabinete. Durante el encuentro se han abordado las pol\u00edticas locales dirigidas a la infancia y la juventud, as\u00ed como los programas que el Ayuntamiento desarrolla en estos \u00e1mbitos y las posibles v\u00edas de cooperaci\u00f3n con el Ministerio.<\/p>\n<p data-start=\"2807\" data-end=\"3261\"><img fetchpriority=\"high\" decoding=\"async\" class=\"size-medium wp-image-393872 aligncenter\" src=\"https:\/\/www.europesays.com\/es\/wp-content\/uploads\/2025\/11\/IMG_4178_m-600x400.jpg\" alt=\"\" width=\"600\" height=\"400\"  \/><\/p>\n<p><strong>Rego entreg\u00f3 el premio Talento Joven en la gala del Splash centrada en el 50 aniversario del regreso de la democracia<\/strong><\/p>\n<p data-start=\"3263\" data-end=\"3778\">Tras la recepci\u00f3n oficial, la ministra se ha desplazado hasta la Nave de Efectos y Repuestos de Puerto de Sagunto para visitar el <a href=\"https:\/\/aytosagunto.es\/es\/agenda\/2025-11-26-xii-edicion-del-festival-del-comic-de-la-comunidad-valenciana-splash\/\" rel=\"nofollow noopener\" target=\"_blank\">Festival del C\u00f3mic de la Comunidad Valenciana, Splash<\/a>, una de las citas culturales mas relevantes del municipio. En la XII edici\u00f3n del certamen, dedicada a la conmemoraci\u00f3n del 50 aniversario del regreso de la democracia, Rego ha sido la encargada de entregar el premio en la categor\u00eda Talento Joven, un reconocimiento destinado a creadoras y creadores emergentes del \u00e1mbito del c\u00f3mic.<\/p>\n<p data-start=\"3780\" data-end=\"3998\">La presencia de la ministra ha puesto en valor la proyecci\u00f3n del festival y su vinculo con la juventud creadora, reforzando la apuesta cultural de Sagunto y el compromiso institucional con el impulso del talento joven.<\/p>\n","protected":false},"excerpt":{"rendered":"La ministra de Juventud e Infancia, Sira Rego, ha realizado este fin de semana una visita institucional al&hellip;\n","protected":false},"author":2,"featured_media":263475,"comment_status":"","ping_status":"","sticky":false,"template":"","format":"standard","meta":{"footnotes":""},"categories":[91],"tags":[146,147,25,24,65511,10381,28772,23],"class_list":{"0":"post-263474","1":"post","2":"type-post","3":"status-publish","4":"format-standard","5":"has-post-thumbnail","7":"category-entretenimiento","8":"tag-entertainment","9":"tag-entretenimiento","10":"tag-es","11":"tag-espana","12":"tag-festival-splash","13":"tag-sagunto","14":"tag-sira-rego","15":"tag-spain"},"share_on_mastodon":{"url":"https:\/\/pubeurope.com\/@es\/115638082865749635","error":""},"_links":{"self":[{"href":"https:\/\/www.europesays.com\/es\/wp-json\/wp\/v2\/posts\/263474","targetHints":{"allow":["GET"]}}],"collection":[{"href":"https:\/\/www.europesays.com\/es\/wp-json\/wp\/v2\/posts"}],"about":[{"href":"https:\/\/www.europesays.com\/es\/wp-json\/wp\/v2\/types\/post"}],"author":[{"embeddable":true,"href":"https:\/\/www.europesays.com\/es\/wp-json\/wp\/v2\/users\/2"}],"replies":[{"embeddable":true,"href":"https:\/\/www.europesays.com\/es\/wp-json\/wp\/v2\/comments?post=263474"}],"version-history":[{"count":0,"href":"https:\/\/www.europesays.com\/es\/wp-json\/wp\/v2\/posts\/263474\/revisions"}],"wp:featuredmedia":[{"embeddable":true,"href":"https:\/\/www.europesays.com\/es\/wp-json\/wp\/v2\/media\/263475"}],"wp:attachment":[{"href":"https:\/\/www.europesays.com\/es\/wp-json\/wp\/v2\/media?parent=263474"}],"wp:term":[{"taxonomy":"category","embeddable":true,"href":"https:\/\/www.europesays.com\/es\/wp-json\/wp\/v2\/categories?post=263474"},{"taxonomy":"post_tag","embeddable":true,"href":"https:\/\/www.europesays.com\/es\/wp-json\/wp\/v2\/tags?post=263474"}],"curies":[{"name":"wp","href":"https:\/\/api.w.org\/{rel}","templated":true}]}}