{"id":263476,"date":"2025-11-30T10:04:12","date_gmt":"2025-11-30T10:04:12","guid":{"rendered":"https:\/\/www.europesays.com\/es\/263476\/"},"modified":"2025-11-30T10:04:12","modified_gmt":"2025-11-30T10:04:12","slug":"alerta-por-apagon-electrico-en-todo-el-mundo-la-nasa-advirtio-por-fenomeno-sorpresivo-se-esta-despertando","status":"publish","type":"post","link":"https:\/\/www.europesays.com\/es\/263476\/","title":{"rendered":"Alerta por apag\u00f3n el\u00e9ctrico en todo el mundo| La NASA advirti\u00f3 por fen\u00f3meno sorpresivo: \u201cSe est\u00e1 despertando\u201d"},"content":{"rendered":"<p class=\"article-body__paragraph\">El temor a un <b>apag\u00f3n el\u00e9ctrico<\/b> que deje a grandes partes del mundo sin energ\u00eda es muy real. Ahora, un estudio de la <b>NASA<\/b> alienta esa posibilidad por un aumento <a href=\"https:\/\/www.cronista.com\/colombia\/curiosidades\/el-descubrimiento-del-siglo-cientificos-descubren-que-el-origen-de-la-luna-no-fue-accidental-y-se-reescribe-la-historia-del-universo\/\" target=\"_blank\" rel=\"noreferrer nofollow noopener\" title=\"https:\/\/www.cronista.com\/colombia\/curiosidades\/el-descubrimiento-del-siglo-cientificos-descubren-que-el-origen-de-la-luna-no-fue-accidental-y-se-reescribe-la-historia-del-universo\/\">inesperado<\/a> de la <b>actividad solar<\/b>.<\/p>\n<p class=\"article-body__paragraph\">Los <b>estudios<\/b> presentados indican que una tendencia a la baja se ha revertido: el <b>Sol<\/b> est\u00e1 cada vez m\u00e1s activo. El <a href=\"https:\/\/www.cronista.com\/colombia\/actualidad-co\/que-pasaria-si-el-cometa-3i-atlas-impacta-sobre-la-tierra-segun-chatgpt\/\" target=\"_blank\" rel=\"nofollow noopener\">fen\u00f3meno<\/a> tiene chances de derivar en tormentas solares que afecten a nuestro planeta.<\/p>\n<p>Est\u00e1 confirmado: la actividad solar est\u00e1 creciendo<\/p>\n<p class=\"article-body__paragraph\">En un hecho inesperado, estudios indican que <b>el Sol se ha vuelto cada vez m\u00e1s activo en los \u00faltimos 17 a\u00f1os<\/b>. Esto se contrapone a la tendencia descendente que hab\u00eda llevado a los <a href=\"https:\/\/www.cronista.com\/colombia\/curiosidades\/mezclar-vinagre-con-agua-oxigenada-por-que-recomiendan-hacer-esta-mezcla-milagrosa-y-para-que-sirve-9834\/?mrfhud=true\" target=\"_blank\" rel=\"nofollow noopener\">cient\u00edficos<\/a> a preguntarse si se encaminaba hacia un nuevo \u201cgran m\u00ednimo\u201d como dos siglos atr\u00e1s.<\/p>\n<p><img alt=\"Un estudio demuestra que la actividad solar se encuentra en aumento (Fuente: archivo).\" class=\"global-image\" decoding=\"async\"  src=\"https:\/\/www.europesays.com\/es\/wp-content\/uploads\/2025\/11\/683a1ad891915jpg-4IRUO7QGHZHJLCPLJXKOXU5YIQ.jpg\"  fetchpriority=\"low\" loading=\"lazy\"\/>Un estudio demuestra que la actividad solar se encuentra en aumento (Fuente: archivo).<\/p>\n<p class=\"article-body__paragraph\">A partir de la d\u00e9cada de 1980, la <a href=\"http:\/\/cronista.com\/colombia\/actualidad-co\/apagon-electrico-en-todo-el-mundo-esta-sera-la-fecha-del-proximo-corte-de-luz-segun-la-inteligencia-artificial\/\" target=\"_blank\" rel=\"nofollow noopener\">actividad solar<\/a> comenz\u00f3 a disminuir en general, y cada ciclo de manchas solares de 11 a\u00f1os subsiguiente presentaba menos manchas solares, menos erupciones y menos eyecciones de masa coronal.<b> La actividad solar alcanz\u00f3 su punto m\u00e1s bajo en 2008<\/b>.<\/p>\n<p class=\"article-body__paragraph\">\u201cTodo apuntaba a que el Sol entrar\u00eda en una fase prolongada de baja actividad\u201d, declar\u00f3 <b>Jamies Jasinski<\/b>, del Laboratorio de Propulsi\u00f3n a Chorro de la <a href=\"https:\/\/www.cronista.com\/colombia\/curiosidades\/es-el-fin-a-partir-de-este-dia-la-tierra-se-quedara-sin-oxigeno-y-empezara-una-nueva-e-irreversible-crisis-mundial\/\" target=\"_blank\" rel=\"nofollow noopener\"><b>NASA<\/b><\/a> que revel\u00f3: \u201cFue una sorpresa ver que esa tendencia se revert\u00eda.<b> El Sol est\u00e1 despertando lentamente<\/b>\u201c.<\/p>\n<p>La NASA prev\u00e9 un aumento de tormentas solares<\/p>\n<p class=\"article-body__paragraph\">Jasinski dirige una investigaci\u00f3n que recopila datos del viento solar, una corriente de part\u00edculas cargadas que se irradia desde <a href=\"https:\/\/www.cronista.com\/colombia\/curiosidades\/el-descubrimiento-de-todos-los-siglos-confirman-que-hay-en-el-interior-del-sol-y-se-reescribe-la-historia-del-sistema-solar\/\" target=\"_blank\" rel=\"nofollow noopener\">el Sol<\/a>. El estudio mostr\u00f3 que, desde 2008, <b>la velocidad del viento solar ha aumentado un 6%<\/b>, la densidad del viento solar un 26%, la temperatura del viento solar un 29% y la intensidad del campo magn\u00e9tico interplanetario transportado por el viento solar ha aumentado aproximadamente un 31%.<\/p>\n<p><img alt=\"Las tormentas solares pueden causar apagones el\u00e9ctricos y en las comunicaciones (Fuente: archivo).\" class=\"global-image\" decoding=\"async\"  src=\"https:\/\/www.europesays.com\/es\/wp-content\/uploads\/2025\/11\/68375615c5f0bjpg-YG3WFJTBSJDNNBEVQL4GV5P2MU.jpg\"  fetchpriority=\"low\" loading=\"lazy\"\/>Las tormentas solares pueden causar apagones el\u00e9ctricos y en las comunicaciones (Fuente: archivo).Fuente: ShutterstockDrop of Light<\/p>\n<p class=\"article-body__paragraph\">Con el aumento de la actividad solar <b>se producen m\u00e1s tormentas geomagn\u00e9ticas<\/b> que generan auroras en el cielo terrestre; el aumento de las eyecciones de masa coronal y las erupciones de radiaci\u00f3n supone un mayor peligro para los sat\u00e9lites, las estaciones espaciales, los astronautas y hasta las <b>redes el\u00e9ctricas y de comunicaciones<\/b> en la <b>Tierra<\/b>.<\/p>\n","protected":false},"excerpt":{"rendered":"El temor a un apag\u00f3n el\u00e9ctrico que deje a grandes partes del mundo sin energ\u00eda es muy real.&hellip;\n","protected":false},"author":2,"featured_media":263477,"comment_status":"","ping_status":"","sticky":false,"template":"","format":"standard","meta":{"footnotes":""},"categories":[81],"tags":[5288,119,123,124,1803,25,24,642,117,121,122,2829,23,118,120],"class_list":{"0":"post-263476","1":"post","2":"type-post","3":"status-publish","4":"format-standard","5":"has-post-thumbnail","7":"category-ciencia-y-tecnologia","8":"tag-apagon","9":"tag-ciencia","10":"tag-ciencia-y-tecnologia","11":"tag-cienciaytecnologia","12":"tag-colombia","13":"tag-es","14":"tag-espana","15":"tag-nasa","16":"tag-science","17":"tag-science-and-technology","18":"tag-scienceandtechnology","19":"tag-sol","20":"tag-spain","21":"tag-technology","22":"tag-tecnologia"},"share_on_mastodon":{"url":"https:\/\/pubeurope.com\/@es\/115638086595782391","error":""},"_links":{"self":[{"href":"https:\/\/www.europesays.com\/es\/wp-json\/wp\/v2\/posts\/263476","targetHints":{"allow":["GET"]}}],"collection":[{"href":"https:\/\/www.europesays.com\/es\/wp-json\/wp\/v2\/posts"}],"about":[{"href":"https:\/\/www.europesays.com\/es\/wp-json\/wp\/v2\/types\/post"}],"author":[{"embeddable":true,"href":"https:\/\/www.europesays.com\/es\/wp-json\/wp\/v2\/users\/2"}],"replies":[{"embeddable":true,"href":"https:\/\/www.europesays.com\/es\/wp-json\/wp\/v2\/comments?post=263476"}],"version-history":[{"count":0,"href":"https:\/\/www.europesays.com\/es\/wp-json\/wp\/v2\/posts\/263476\/revisions"}],"wp:featuredmedia":[{"embeddable":true,"href":"https:\/\/www.europesays.com\/es\/wp-json\/wp\/v2\/media\/263477"}],"wp:attachment":[{"href":"https:\/\/www.europesays.com\/es\/wp-json\/wp\/v2\/media?parent=263476"}],"wp:term":[{"taxonomy":"category","embeddable":true,"href":"https:\/\/www.europesays.com\/es\/wp-json\/wp\/v2\/categories?post=263476"},{"taxonomy":"post_tag","embeddable":true,"href":"https:\/\/www.europesays.com\/es\/wp-json\/wp\/v2\/tags?post=263476"}],"curies":[{"name":"wp","href":"https:\/\/api.w.org\/{rel}","templated":true}]}}