{"id":263478,"date":"2025-11-30T10:05:18","date_gmt":"2025-11-30T10:05:18","guid":{"rendered":"https:\/\/www.europesays.com\/es\/263478\/"},"modified":"2025-11-30T10:05:18","modified_gmt":"2025-11-30T10:05:18","slug":"tiene-1-000-metros-cuadrados-siete-banos-y-jardin","status":"publish","type":"post","link":"https:\/\/www.europesays.com\/es\/263478\/","title":{"rendered":"tiene 1.000 metros cuadrados, siete\u00a0ba\u00f1os\u00a0y\u00a0jard\u00edn"},"content":{"rendered":"<p>29\/11\/2025<br \/>\n<br \/><strong><br \/>\nActualizado 30\/11\/2025 a las 08:52h.<br \/>\n<\/strong><\/p>\n<p class=\"voc-p\" style=\"\">Uno de los programas de televisi\u00f3n m\u00e1s emblem\u00e1ticos de <a href=\"https:\/\/www.abc.es\/recreo\/bertin-osborne-indica-alimentos-eliminado-dieta-adelgazar-20251007100349-nt.html\" title=\"www.abc.es\" data-voc-vtm-id=\"in-text-traffic\" data-mrf-link=\"www.abc.es\" rel=\"nofollow noopener\" target=\"_blank\">Bert\u00edn Osborne<\/a> es <strong>&#8216;Mi casa es la tuya&#8217;<\/strong>. En este espacio, el presentador ha abierto las puertas de su hogar para recibir a algunos de los famosos m\u00e1s importantes de nuestro pa\u00eds. <\/p>\n<p class=\"voc-p\" style=\"\"><strong>Antonio <\/strong> &#8230; <strong>Banderas<\/strong>, <a href=\"https:\/\/www.abc.es\/recreo\/carlos-herrera-alarmado-pobreza-espana-tras-siete-20251127125927-nt.html\" title=\"www.abc.es\" data-voc-vtm-id=\"in-text-traffic\" data-mrf-link=\"www.abc.es\" rel=\"nofollow noopener\" target=\"_blank\">Carlos Herrera<\/a>, <a href=\"https:\/\/www.abc.es\/recreo\/rafa-nadal-corta-dice-piensan-sobre-vinicius-20251125111944-nt.html\" title=\"www.abc.es\" data-voc-vtm-id=\"in-text-traffic\" data-mrf-link=\"www.abc.es\" rel=\"nofollow noopener\" target=\"_blank\">Rafa Nadal<\/a>, <strong>Isabel D\u00edaz Ayuso<\/strong> e, incluso, <a href=\"https:\/\/www.abc.es\/play\/television\/noticias\/vicente-valles-deja-evidencia-pedro-sanchez-dice-20251128184055-nt.html\" title=\"www.abc.es\" data-voc-vtm-id=\"in-text-traffic\" data-mrf-link=\"www.abc.es\" rel=\"nofollow noopener\" target=\"_blank\">Pedro S\u00e1nchez<\/a> han visitado al cantante y han tenido con \u00e9l una de las charlas m\u00e1s \u00edntimas de sus carreras. Lo cierto es que este <strong>inmueble<\/strong> ha sido <strong>testigo de innumerables confesiones<\/strong>, relatos personales y momentos que han marcado un antes y un despu\u00e9s en las vidas de quienes lo han pisado. <\/p>\n<p class=\"voc-p\" style=\"\">Ahora, <strong>la gran mansi\u00f3n est\u00e1 a la venta por casi 4,5 millones de euros<\/strong>. Cualquier ciudadano que disponga de esta cantidad puede comprarla y habitar en esta <a href=\"https:\/\/www.abc.es\/economia\/lujosa-casa-prefabricada-triunfa-diseno-moderno-precio-20251126060000-nt.html\" title=\"www.abc.es\" data-voc-vtm-id=\"in-text-traffic\" data-mrf-link=\"www.abc.es\" rel=\"nofollow noopener\" target=\"_blank\">casa de lujo<\/a>. <\/p>\n<p>\n1.000 metros cuadrados, siete ba\u00f1os, jard\u00edn y piscina\n<\/p>\n<p class=\"voc-p\" style=\"\">La mansi\u00f3n donde Bert\u00edn Osborne rod\u00f3 &#8216;Mi casa es la tuya&#8217; durante varios a\u00f1os est\u00e1 a la venta. En concreto, la espectacular vivienda tiene un precio de <strong>4,48 millones de euros<\/strong>, <a href=\"https:\/\/www.idealista.com\/news\/deco\/casas-de-famosos\/2025\/11\/28\/874254-vuelve-al-mercado-por-4-5-millones-la-mansion-donde-bertin-osborne-presentaba-mi\" title=\"www.idealista.com\" data-voc-vtm-id=\"in-text-traffic\" data-mrf-link=\"www.idealista.com\" rel=\"nofollow noopener\" target=\"_blank\">seg\u00fan detalla el portal Idealista<\/a>. <\/p>\n<p class=\"voc-p\" style=\"\">El inmueble, que se ubica en la <a href=\"https:\/\/www.abc.es\/espana\/madrid\/abci-rebelion-vecinal-urbanizacion-lujo-florida-201511152234_noticia.html\" title=\"www.abc.es\" data-voc-vtm-id=\"in-text-traffic\" data-mrf-link=\"www.abc.es\" rel=\"nofollow noopener\" target=\"_blank\">exclusiva urbanizaci\u00f3n de La Florida<\/a>, en el <strong>distrito Moncloa-Aravaca de Madrid<\/strong>, se extiende sobre una <strong>parcela de 2.500 metros cuadrados<\/strong>, de los cuales casi 1.000 corresponden a superficie habitable. <\/p>\n<p><img decoding=\"async\" loading=\"lazy\" src=\"https:\/\/www.europesays.com\/es\/wp-content\/uploads\/2025\/11\/casa-bertin-montaje-kNkG--760x427@diario_abc.jpg\" class=\"voc-img\" width=\"760\" height=\"427\" alt=\"Im\u00e1genes de las distintas estancias de la mansi\u00f3n donde Bert\u00edn Osborne grab\u00f3 'Mi casa es la tuya'\" data-voc-vtm-id=\"in-text-traffic\"\/><\/p>\n<p>Im\u00e1genes de las distintas estancias de la mansi\u00f3n donde Bert\u00edn Osborne grab\u00f3 &#8216;Mi casa es la tuya&#8217;<\/p>\n<p>Idealista<\/p>\n<p class=\"voc-p\" style=\"\">El chal\u00e9 est\u00e1 dividido en <strong>dos plantas m\u00e1s el s\u00f3tano<\/strong> y cuenta con una espaciosa cocina, un <strong>sal\u00f3n de 138 metros cuadrados<\/strong> con grande ventanales, seis habitaciones y siete ba\u00f1os.<\/p>\n<ul class=\"oc-d-c-list__list\">\n<li class=\"voc-d-c-list__item\">\n<p class=\"voc-d-c-list__paragraph\">Impactante hall de entrada con techo a doble altura marca el tono de la vivienda: amplitud, luz y una conexi\u00f3n visual que anticipa la grandeza del conjunto.<\/p>\n<\/li>\n<li class=\"voc-d-c-list__item\">\n<p class=\"voc-d-c-list__paragraph\">El sal\u00f3n principal, de 138 metros cuadrados, se organiza en varios ambientes que fluyen de manera natural, generando una sensaci\u00f3n de continuidad sin perder la calidez. Las grandes cristaleras abren el espacio al jard\u00edn y a un porche cubierto, creando una fusi\u00f3n perfecta entre interior y exterior.<\/p>\n<\/li>\n<li class=\"voc-d-c-list__item\">\n<p class=\"voc-d-c-list__paragraph\">Comedor independiente, con capacidad para m\u00e1s de doce comensales, tambi\u00e9n con vistas despejadas al jard\u00edn.<\/p>\n<\/li>\n<li class=\"voc-d-c-list__item\">\n<p class=\"voc-d-c-list__paragraph\">Acogedor despacho, ba\u00f1ado en luz natural, un espacio ideal para trabajar o leer con tranquilidad.<\/p>\n<\/li>\n<li class=\"voc-d-c-list__item\">\n<p class=\"voc-d-c-list__paragraph\">Ampl\u00edsima cocina, completamente equipada, con isla central, zona de office y salida directa al porche y la terraza.<\/p>\n<\/li>\n<li class=\"voc-d-c-list__item\">\n<p class=\"voc-d-c-list__paragraph\">Completa esta planta un aseo de invitados.<\/p>\n<\/li>\n<\/ul>\n<ul class=\"oc-d-c-list__list\">\n<li class=\"voc-d-c-list__item\">\n<p class=\"voc-d-c-list__paragraph\">Imponente master suite de 44 metros cuadrados, con ba\u00f1o completo, aseo con ducha y ba\u00f1era, y dos vestidores independientes.<\/p>\n<\/li>\n<li class=\"voc-d-c-list__item\">\n<p class=\"voc-d-c-list__paragraph\">Tres amplios dormitorios dobles, todos con ba\u00f1o en suite.<\/p>\n<\/li>\n<li class=\"voc-d-c-list__item\">\n<p class=\"voc-d-c-list__paragraph\">&#8216;Family room&#8217; que separa de forma natural la suite principal de los dormitorios infantiles, creando una zona com\u00fan perfecta para el d\u00eda a d\u00eda.<\/p>\n<\/li>\n<li class=\"voc-d-c-list__item\">\n<p class=\"voc-d-c-list__paragraph\">Toda la planta se abre a una terraza de 147 metros cuadrados que rodea la vivienda, ampliando las vistas y la luminosidad de las estancias.<\/p>\n<\/li>\n<\/ul>\n<ul class=\"oc-d-c-list__list\">\n<li class=\"voc-d-c-list__item\">\n<p class=\"voc-d-c-list__paragraph\">Gran &#8216;family room&#8217; en dos ambientes, ideal para zona de cine, juegos o gimnasio.<\/p>\n<\/li>\n<li class=\"voc-d-c-list__item\">\n<p class=\"voc-d-c-list__paragraph\">Dormitorio de invitados con ba\u00f1o en suite y salida a un patio privado ofrece total independencia.<\/p>\n<\/li>\n<li class=\"voc-d-c-list__item\">\n<p class=\"voc-d-c-list__paragraph\">Lavander\u00eda, de gran tama\u00f1o que incluye zona de planchado y despensa.<\/p>\n<\/li>\n<li class=\"voc-d-c-list__item\">\n<p class=\"voc-d-c-list__paragraph\">Dormitorio de servicio doble con ba\u00f1o en suite.<\/p>\n<\/li>\n<li class=\"voc-d-c-list__item\">\n<p class=\"voc-d-c-list__paragraph\">Garaje con capacidad para seis coches, con amplio espacio adicional para bicicletas, motos o material deportivo.<\/p>\n<\/li>\n<\/ul>\n<p><img decoding=\"async\" loading=\"lazy\" src=\"https:\/\/www.europesays.com\/es\/wp-content\/uploads\/2025\/11\/casa-bertin3-kNkG--760x427@diario_abc.jpg\" class=\"voc-img\" width=\"760\" height=\"427\" alt=\"Parte de la terraza y el jard\u00edn de la mansi\u00f3n donde Bert\u00edn Osborne grab\u00f3 'Mi casa es la tuya'\" data-voc-vtm-id=\"in-text-traffic\"\/><\/p>\n<p>Parte de la terraza y el jard\u00edn de la mansi\u00f3n donde Bert\u00edn Osborne grab\u00f3 &#8216;Mi casa es la tuya&#8217;<\/p>\n<p>Idealista<\/p>\n<p class=\"voc-p\" style=\"\">Idealista indica que <strong>lo mejor de esta casa se encuentra en el exterior<\/strong>. \u00abUn jard\u00edn que rodea la vivienda, formando una prolongaci\u00f3n natural de los interiores: porches cubiertos, terrazas y zonas verdes que se combinan para crear distintos ambientes donde disfrutar al aire libre todo el a\u00f1o\u00bb, detalla el portal. Tambi\u00e9n es aqu\u00ed donde est\u00e1 instalada la <strong>piscina<\/strong> y un acogedor espacio para descansar y tomar el sol durante el verano.<\/p>\n<p>\nArt\u00edculo solo para suscriptores\n<\/p>\n<p>Reportar un error<\/p>\n","protected":false},"excerpt":{"rendered":"29\/11\/2025 Actualizado 30\/11\/2025 a las 08:52h. Uno de los programas de televisi\u00f3n m\u00e1s emblem\u00e1ticos de Bert\u00edn Osborne es&hellip;\n","protected":false},"author":2,"featured_media":263479,"comment_status":"","ping_status":"","sticky":false,"template":"","format":"standard","meta":{"footnotes":""},"categories":[80],"tags":[13535,65513,25177,82,385,34094,95,94,25,24,1557,18337,15174,21030,915,4724,25178,2145,5150,5294,23,65512,2913],"class_list":{"0":"post-263478","1":"post","2":"type-post","3":"status-publish","4":"format-standard","5":"has-post-thumbnail","7":"category-economia","8":"tag-13535","9":"tag-banos","10":"tag-bertin","11":"tag-business","12":"tag-casa","13":"tag-cuadrados","14":"tag-economia","15":"tag-economy","16":"tag-es","17":"tag-espana","18":"tag-euros","19":"tag-grabo","20":"tag-jardin","21":"tag-mansion","22":"tag-metros","23":"tag-millones","24":"tag-osborne","25":"tag-programa","26":"tag-sale","27":"tag-siete","28":"tag-spain","29":"tag-tuya","30":"tag-venta"},"share_on_mastodon":{"url":"https:\/\/pubeurope.com\/@es\/115638090443552444","error":""},"_links":{"self":[{"href":"https:\/\/www.europesays.com\/es\/wp-json\/wp\/v2\/posts\/263478","targetHints":{"allow":["GET"]}}],"collection":[{"href":"https:\/\/www.europesays.com\/es\/wp-json\/wp\/v2\/posts"}],"about":[{"href":"https:\/\/www.europesays.com\/es\/wp-json\/wp\/v2\/types\/post"}],"author":[{"embeddable":true,"href":"https:\/\/www.europesays.com\/es\/wp-json\/wp\/v2\/users\/2"}],"replies":[{"embeddable":true,"href":"https:\/\/www.europesays.com\/es\/wp-json\/wp\/v2\/comments?post=263478"}],"version-history":[{"count":0,"href":"https:\/\/www.europesays.com\/es\/wp-json\/wp\/v2\/posts\/263478\/revisions"}],"wp:featuredmedia":[{"embeddable":true,"href":"https:\/\/www.europesays.com\/es\/wp-json\/wp\/v2\/media\/263479"}],"wp:attachment":[{"href":"https:\/\/www.europesays.com\/es\/wp-json\/wp\/v2\/media?parent=263478"}],"wp:term":[{"taxonomy":"category","embeddable":true,"href":"https:\/\/www.europesays.com\/es\/wp-json\/wp\/v2\/categories?post=263478"},{"taxonomy":"post_tag","embeddable":true,"href":"https:\/\/www.europesays.com\/es\/wp-json\/wp\/v2\/tags?post=263478"}],"curies":[{"name":"wp","href":"https:\/\/api.w.org\/{rel}","templated":true}]}}