{"id":263480,"date":"2025-11-30T10:06:12","date_gmt":"2025-11-30T10:06:12","guid":{"rendered":"https:\/\/www.europesays.com\/es\/263480\/"},"modified":"2025-11-30T10:06:12","modified_gmt":"2025-11-30T10:06:12","slug":"un-fosil-de-pie-de-34-millones-de-anos-confirma-la-existencia-de-una-nueva-especie-de-hominido","status":"publish","type":"post","link":"https:\/\/www.europesays.com\/es\/263480\/","title":{"rendered":"Un f\u00f3sil de pie de 3,4 millones de a\u00f1os confirma la existencia de una nueva especie de hom\u00ednido"},"content":{"rendered":"<p><img alt=\"El f\u00f3sil de pie hallado\" class=\"global-image\" decoding=\"async\" fetchpriority=\"high\" height=\"1080\" loading=\"eager\" src=\"https:\/\/www.europesays.com\/es\/wp-content\/uploads\/2025\/11\/XMXP6BRI2FAJNGBE2ER2S6PKTI.jpg\" width=\"1920\"\/>El f\u00f3sil de pie hallado en Etiop\u00eda confirma la existencia de Australopithecus deyiremeda, una nueva especie de hom\u00ednido (foto: Universidad Estatal de Arizona)<\/p>\n<p class=\"paragraph\">Un enigma que perdur\u00f3 m\u00e1s de una d\u00e9cada ha sido finalmente resuelto por la ciencia: <b>los<\/b> <a href=\"https:\/\/www.infobae.com\/historia\/2025\/03\/17\/arqueologos-hallan-fosiles-en-espana-que-podrian-pertenecer-a-una-especie-humana-desconocida\/\" target=\"_blank\" rel=\"noreferrer nofollow noopener\" title=\"https:\/\/www.infobae.com\/historia\/2025\/03\/17\/arqueologos-hallan-fosiles-en-espana-que-podrian-pertenecer-a-una-especie-humana-desconocida\/\"><b>restos \u00f3seos<\/b><\/a> <b>de un pie encontrados hace 16 a\u00f1os en Etiop\u00eda pertenecen a<\/b> <b>una especie diferente a la c\u00e9lebre Lucy<\/b>, y sugieren que el \u00e1rbol geneal\u00f3gico de la humanidad es <b>m\u00e1s intrincado de lo que se cre\u00eda<\/b>. <\/p>\n<p class=\"paragraph\">En ese contexto, un equipo de investigadores ha confirmado que el famoso <b>\u201cpie de Burtele\u201d<\/b> corresponde a <a href=\"https:\/\/www.infobae.com\/tag\/australopithecus-afarensis\/\" target=\"_blank\" rel=\"noreferrer nofollow noopener\" title=\"https:\/\/www.infobae.com\/tag\/australopithecus-afarensis\/\"><b>Australopithecus<\/b><\/a><b> <\/b><b>deyiremeda<\/b>, un antiguo y enigm\u00e1tico pariente de Lucy, lo que reaviva el <b>debate sobre el verdadero ancestro de los seres humanos<\/b>.<\/p>\n<p class=\"paragraph\">La historia comenz\u00f3 en el yacimiento de Woranso-Mille, en la regi\u00f3n de <b>Afar, Etiop\u00eda<\/b>, donde un equipo de paleoantrop\u00f3logos dirigido por <b>Yohannes Haile-Selassie<\/b> descubri\u00f3 ocho huesos fosilizados de un pie humanoide. <\/p>\n<p class=\"paragraph\">El hallazgo despert\u00f3 una pregunta que mantuvo en vilo a la comunidad cient\u00edfica: \u00bfa qu\u00e9 especie pertenec\u00eda ese pie? La respuesta, aunque tard\u00f3 16 a\u00f1os en llegar, ha sorprendido y fascinado al mundo acad\u00e9mico.<\/p>\n<p class=\"paragraph\">A primera vista, la estructura del \u201cpie de Burtele\u201d presentaba una \u201capariencia humana\u201d, pero con claras peculiaridades. El dedo gordo, oponible y m\u00e1s parecido al de los simios arbor\u00edcolas que al de los hom\u00ednidos b\u00edpedos como Lucy, permit\u00eda a su due\u00f1o <b>agarrarse a las ramas de los \u00e1rboles<\/b>. <\/p>\n<p class=\"paragraph\">\u201cNo es habitual en nuestro campo nombrar una especie bas\u00e1ndonos en elementos postcraneales, por lo que esper\u00e1bamos encontrar algo por encima del cuello que estuviera claramente asociado con el pie\u201d, explic\u00f3 Haile-Selassie en declaraciones recogidas por National Geographic.<\/p>\n<p class=\"paragraph\">Durante a\u00f1os, la ausencia de un cr\u00e1neo, mand\u00edbula o dientes dificult\u00f3 la identificaci\u00f3n exacta del f\u00f3sil. Sin embargo, nuevos hallazgos han despejado el panorama: dientes fosilizados y fragmentos de mand\u00edbula encontrados junto al pie, datados entre hace 3,5 y 3,3 millones de a\u00f1os, han permitido corroborar que tanto el pie como los dientes pertenec\u00edan a la misma especie: <b>A. deyiremeda<\/b>.<\/p>\n<p><img alt=\"El an\u00e1lisis del pie de\" class=\"global-image\" decoding=\"async\" fetchpriority=\"low\" height=\"1080\" loading=\"lazy\" src=\"https:\/\/www.europesays.com\/es\/wp-content\/uploads\/2025\/11\/SZXBF53GQJGTPER2WWE5OTSLZQ.jpg\" width=\"1920\"\/>El an\u00e1lisis del pie de Burtele revela una combinaci\u00f3n \u00fanica de rasgos primitivos y modernos en la evoluci\u00f3n humana (foto: Universidad Estatal de Arizona)<\/p>\n<p class=\"paragraph\">El verdadero alcance del descubrimiento reside en que <b>Lucy (<\/b><b>Australopithecus afarensis<\/b><b>)<\/b> y <b>A. deyiremeda<\/b> caminaron por el mismo territorio y en la misma \u00e9poca. \u201cLa idea misma de encontrar espec\u00edmenes como el pie de Burtele indica que hab\u00eda muchas maneras de caminar sobre dos piernas en el suelo; no habr\u00eda una sola hasta mucho m\u00e1s tarde\u201d, enfatiz\u00f3 Haile-Selassie. <\/p>\n<p class=\"paragraph\">Esta convivencia sugiere un<b> relato evolutivo m\u00e1s<\/b> <b>complejo y diverso<\/b>, donde varias formas de hom\u00ednidos interactuaban y posiblemente compet\u00edan en las sabanas africanas.<\/p>\n<p class=\"paragraph\">Las diferencias anat\u00f3micas y ecol\u00f3gicas entre ambas especies explican c\u00f3mo pudieron compartir el h\u00e1bitat <b>sin competir directamente por los recursos<\/b>. Lucy y sus cong\u00e9neres se desplazaban principalmente por las llanuras, consumiendo una dieta mixta de frutos, hojas, pastos tropicales y juncos. En contraste, A. deyiremeda habitaba zonas m\u00e1s boscosas y obten\u00eda la mayor\u00eda de su alimento de los \u00e1rboles y arbustos.<\/p>\n<p class=\"paragraph\">Uno de los rasgos m\u00e1s sorprendentes del pie de Burtele es la combinaci\u00f3n de caracter\u00edsticas primitivas y modernas. El dedo gordo oponible se\u00f1ala que A. deyiremeda manten\u00eda un <b>v\u00ednculo estrecho con la vida arbor\u00edcola<\/b>, mientras que los dem\u00e1s dedos y la arquitectura general del pie indican que pod\u00eda caminar erguido sobre dos piernas en tierra firme. Eso s\u00ed, el impulso para caminar proven\u00eda principalmente de su segundo dedo, un mecanismo de bipedestaci\u00f3n diferente al de Lucy.<\/p>\n<p class=\"paragraph\">Esta pluralidad de formas para desplazarse muestra que la <b>bipedestaci\u00f3n humana temprana se manifest\u00f3 en diversas maneras<\/b>. El hallazgo obliga a replantear la noci\u00f3n de una evoluci\u00f3n lineal y ofrece nuevas pistas sobre el modo de vida de los primeros hom\u00ednidos.<\/p>\n<p><img alt=\"El descubrimiento plantea que la\" class=\"global-image\" decoding=\"async\" fetchpriority=\"low\" height=\"1080\" loading=\"lazy\" src=\"https:\/\/www.europesays.com\/es\/wp-content\/uploads\/2025\/11\/TSXKBJJ3CFDELATQDB5MYKM2UU.jpg\" width=\"1920\"\/>El descubrimiento plantea que la evoluci\u00f3n de la marcha erguida fue m\u00e1s diversa y compleja de lo que se cre\u00eda (foto: Universidad Estatal de Arizona)<\/p>\n<p class=\"paragraph\">La confirmaci\u00f3n de que el pie de Burtele pertenece a Australopithecus deyiremeda supone uno de los avances m\u00e1s relevantes de la paleoantropolog\u00eda reciente. Con 13 fragmentos adicionales de mand\u00edbula y dientes, todos datados en la misma capa geol\u00f3gica, los investigadores afirman que la relaci\u00f3n entre los restos es incuestionable.<\/p>\n<p class=\"paragraph\">No obstante, la identificaci\u00f3n de deyiremeda abre nuevas preguntas en el debate cient\u00edfico. Algunos expertos consideran que la conexi\u00f3n entre el pie y los dientes sigue siendo circunstancial y proponen que deyiremeda podr\u00eda representar un <b>eslab\u00f3n intermedio<\/b> entre Australopithecus anamensis y A. afarensis. \u201cLas caracter\u00edsticas dentales atribuidas a \u2018deyiremeda\u2019 muestran similitudes tanto con \u2018A. anamensis\u2019 como con \u2018A. afarensis\u2019\u201d, explic\u00f3 <b>Leslea Hlusko<\/b>, del Centro Nacional de Investigaci\u00f3n sobre la Evoluci\u00f3n Humana de Burgos.<\/p>\n<p class=\"paragraph\">\u00bfEs entonces <b>deyiremeda<\/b> una especie independiente o una variante dentro del g\u00e9nero Australopithecus? Por ahora, el consenso es que la evoluci\u00f3n humana no puede representarse como una simple l\u00ednea, sino que recuerda m\u00e1s a una <b>red ramificada con m\u00faltiples trayectorias<\/b> y especies conviviendo y adapt\u00e1ndose a distintos nichos ecol\u00f3gicos.<\/p>\n<p class=\"paragraph\">En medio del debate, una certeza asoma: \u201c<b>El panorama de la evoluci\u00f3n humana dista mucho de estar completo<\/b>. El debate sigue abierto\u201d, confirmaron los autores de este trabajo en la publicaci\u00f3n de la revista Nature.<\/p>\n<p class=\"paragraph\">Este hallazgo no solo reaviva el inter\u00e9s por nuestros or\u00edgenes, sino que tambi\u00e9n revela que a\u00fan hay piezas esenciales del rompecabezas evolutivo por descubrir. <\/p>\n","protected":false},"excerpt":{"rendered":"El f\u00f3sil de pie hallado en Etiop\u00eda confirma la existencia de Australopithecus deyiremeda, una nueva especie de hom\u00ednido&hellip;\n","protected":false},"author":2,"featured_media":263481,"comment_status":"","ping_status":"","sticky":false,"template":"","format":"standard","meta":{"footnotes":""},"categories":[42],"tags":[17,18,13,14,11,61,62,63,64,19,20,9,10,15,16,12,21,22,65,66,67],"class_list":{"0":"post-263480","1":"post","2":"type-post","3":"status-publish","4":"format-standard","5":"has-post-thumbnail","7":"category-internacional","8":"tag-breaking-news","9":"tag-breakingnews","10":"tag-featured-news","11":"tag-featurednews","12":"tag-headlines","13":"tag-internacional","14":"tag-international","15":"tag-international-news","16":"tag-internationalnews","17":"tag-latest-news","18":"tag-latestnews","19":"tag-news","20":"tag-noticias","21":"tag-noticias-destacadas","22":"tag-noticiasdestacadas","23":"tag-titulares","24":"tag-ultimas-noticias","25":"tag-ultimasnoticias","26":"tag-world","27":"tag-world-news","28":"tag-worldnews"},"share_on_mastodon":{"url":"https:\/\/pubeurope.com\/@es\/115638094314907253","error":""},"_links":{"self":[{"href":"https:\/\/www.europesays.com\/es\/wp-json\/wp\/v2\/posts\/263480","targetHints":{"allow":["GET"]}}],"collection":[{"href":"https:\/\/www.europesays.com\/es\/wp-json\/wp\/v2\/posts"}],"about":[{"href":"https:\/\/www.europesays.com\/es\/wp-json\/wp\/v2\/types\/post"}],"author":[{"embeddable":true,"href":"https:\/\/www.europesays.com\/es\/wp-json\/wp\/v2\/users\/2"}],"replies":[{"embeddable":true,"href":"https:\/\/www.europesays.com\/es\/wp-json\/wp\/v2\/comments?post=263480"}],"version-history":[{"count":0,"href":"https:\/\/www.europesays.com\/es\/wp-json\/wp\/v2\/posts\/263480\/revisions"}],"wp:featuredmedia":[{"embeddable":true,"href":"https:\/\/www.europesays.com\/es\/wp-json\/wp\/v2\/media\/263481"}],"wp:attachment":[{"href":"https:\/\/www.europesays.com\/es\/wp-json\/wp\/v2\/media?parent=263480"}],"wp:term":[{"taxonomy":"category","embeddable":true,"href":"https:\/\/www.europesays.com\/es\/wp-json\/wp\/v2\/categories?post=263480"},{"taxonomy":"post_tag","embeddable":true,"href":"https:\/\/www.europesays.com\/es\/wp-json\/wp\/v2\/tags?post=263480"}],"curies":[{"name":"wp","href":"https:\/\/api.w.org\/{rel}","templated":true}]}}