{"id":263484,"date":"2025-11-30T10:08:22","date_gmt":"2025-11-30T10:08:22","guid":{"rendered":"https:\/\/www.europesays.com\/es\/263484\/"},"modified":"2025-11-30T10:08:22","modified_gmt":"2025-11-30T10:08:22","slug":"el-festival-de-tiricolonia-alcanza-su-xii-edicion-con-el-apoyo-de-la-diputacion-de-cordoba","status":"publish","type":"post","link":"https:\/\/www.europesays.com\/es\/263484\/","title":{"rendered":"El Festival de \u2018Tiricolonia\u2019 alcanza su XII edici\u00f3n con el apoyo de la Diputaci\u00f3n de C\u00f3rdoba"},"content":{"rendered":"<p>El Palacio de la Merced, sede de la Diputaci\u00f3n de C\u00f3rdoba, ha acogido la presentaci\u00f3n del Festival Internacional de T\u00edteres y Artes Esc\u00e9nicas en la Colonia de Fuente Palmera \u2018Titiricolonia\u2019, iniciativa que alcanza su XII edici\u00f3n y que se desarrollar\u00e1 los d\u00edas 5, 6 y 7 de diciembre.<\/p>\n<p>En relaci\u00f3n con esta propuesta, el delegado de Cultura de la instituci\u00f3n provincial, Gabriel Duque, ha se\u00f1alado que \u201cnos encontramos ante una propuesta que incluye un programa de actividades dise\u00f1ado para disfrutar en familia, con el teatro y los t\u00edteres como protagonistas\u201d.<\/p>\n<p>Duque ha hecho hincapi\u00e9 en \u201cel compromiso de la Diputaci\u00f3n a esta iniciativa que alcanza su XII edici\u00f3n, un programa que llenar\u00e1 las calles y espacios culturales de Fuente Palmera de magia y creatividad\u201d.<\/p>\n<p>Del mismo modo, y coincidiendo con \u2018Titiricolonia\u2019, el 6 de diciembre volver\u00e1 a celebrarse el Concurso de Pintura R\u00e1pida de este municipio, una actividad que invita a sacar el caballete y plasmar el rinc\u00f3n favorito de La Colonia. Los interesados en participar en esta propuesta ya pueden inscribirse a trav\u00e9s de la Delegaci\u00f3n de Cultura del Ayuntamiento.<\/p>\n<p>El programa de la XII edici\u00f3n del Festival Internacional de T\u00edteres y Artes Esc\u00e9nicas de Fuente Palmera dar\u00e1 comienzo el viernes 5 de diciembre con la puesta en escena de \u2018Navidad Rock\u2019, a cargo de la compa\u00f1\u00eda Tr\u00e9bol Teatro; para continuar el d\u00eda 6 de diciembre con \u2018El Sr. Scrooge, cuento de Navidad\u2019, por parte de \u00c1ngeles de Trapo. La \u00faltima de las propuestas teatrales llegar\u00e1 el domingo 7 de diciembre de la mano de la compa\u00f1\u00eda Atelana Teatro y su versi\u00f3n de la obra \u2018Pap\u00e1 quiero ser\u2026.\u2019.<\/p>\n","protected":false},"excerpt":{"rendered":"El Palacio de la Merced, sede de la Diputaci\u00f3n de C\u00f3rdoba, ha acogido la presentaci\u00f3n del Festival Internacional&hellip;\n","protected":false},"author":2,"featured_media":263485,"comment_status":"","ping_status":"","sticky":false,"template":"","format":"standard","meta":{"footnotes":""},"categories":[5],"tags":[17,18,25,24,13,14,11,19,20,9,10,15,16,23,12,21,22],"class_list":{"0":"post-263484","1":"post","2":"type-post","3":"status-publish","4":"format-standard","5":"has-post-thumbnail","7":"category-titulares","8":"tag-breaking-news","9":"tag-breakingnews","10":"tag-es","11":"tag-espana","12":"tag-featured-news","13":"tag-featurednews","14":"tag-headlines","15":"tag-latest-news","16":"tag-latestnews","17":"tag-news","18":"tag-noticias","19":"tag-noticias-destacadas","20":"tag-noticiasdestacadas","21":"tag-spain","22":"tag-titulares","23":"tag-ultimas-noticias","24":"tag-ultimasnoticias"},"share_on_mastodon":{"url":"https:\/\/pubeurope.com\/@es\/115638101733032242","error":""},"_links":{"self":[{"href":"https:\/\/www.europesays.com\/es\/wp-json\/wp\/v2\/posts\/263484","targetHints":{"allow":["GET"]}}],"collection":[{"href":"https:\/\/www.europesays.com\/es\/wp-json\/wp\/v2\/posts"}],"about":[{"href":"https:\/\/www.europesays.com\/es\/wp-json\/wp\/v2\/types\/post"}],"author":[{"embeddable":true,"href":"https:\/\/www.europesays.com\/es\/wp-json\/wp\/v2\/users\/2"}],"replies":[{"embeddable":true,"href":"https:\/\/www.europesays.com\/es\/wp-json\/wp\/v2\/comments?post=263484"}],"version-history":[{"count":0,"href":"https:\/\/www.europesays.com\/es\/wp-json\/wp\/v2\/posts\/263484\/revisions"}],"wp:featuredmedia":[{"embeddable":true,"href":"https:\/\/www.europesays.com\/es\/wp-json\/wp\/v2\/media\/263485"}],"wp:attachment":[{"href":"https:\/\/www.europesays.com\/es\/wp-json\/wp\/v2\/media?parent=263484"}],"wp:term":[{"taxonomy":"category","embeddable":true,"href":"https:\/\/www.europesays.com\/es\/wp-json\/wp\/v2\/categories?post=263484"},{"taxonomy":"post_tag","embeddable":true,"href":"https:\/\/www.europesays.com\/es\/wp-json\/wp\/v2\/tags?post=263484"}],"curies":[{"name":"wp","href":"https:\/\/api.w.org\/{rel}","templated":true}]}}