{"id":263488,"date":"2025-11-30T10:17:09","date_gmt":"2025-11-30T10:17:09","guid":{"rendered":"https:\/\/www.europesays.com\/es\/263488\/"},"modified":"2025-11-30T10:17:09","modified_gmt":"2025-11-30T10:17:09","slug":"el-gran-regreso-de-mendy","status":"publish","type":"post","link":"https:\/\/www.europesays.com\/es\/263488\/","title":{"rendered":"El gran regreso de Mendy"},"content":{"rendered":"<p>La titularidad de <strong>Ferland Mendy<\/strong> en <a href=\"https:\/\/okdiario.com\/diariomadridista\/real-madrid\/olympiacos-real-madrid-mbappe-deshace-cama-582516\" rel=\"nofollow noopener\" target=\"_blank\"><strong>Atenas<\/strong><\/a> fue una de las grandes sorpresas de aquel encuentro. Incluso, se puede decir que de la temporada. <a href=\"https:\/\/okdiario.com\/diariomadridista\/real-madrid\/xabi-alonso-responde-laporta-son-mensajes-populista-parroquia-583155\" rel=\"nofollow noopener\" target=\"_blank\"><strong>Xabi Alonso<\/strong><\/a> apost\u00f3 por \u00e9l como titular en un encuentro tremendamente importante, donde se jugaba parte de su futuro como entrenador del <strong>Real Madrid<\/strong>, por un jugador que llevaba justamente siete meses sin vestirse de corto. Arriesgado, cuanto menos. Pero el galo sali\u00f3, form\u00f3 en el lateral izquierdo y pareci\u00f3 que el tiempo no hab\u00eda pasado.<\/p>\n<p>\u00abMe dej\u00f3 muy buen sabor de boca. Hasta el otro d\u00eda era el primer partido que jug\u00e1bamos con <strong>Ferland.<\/strong> Le hab\u00eda visto mucho, sab\u00eda de sus cualidades. Tras una larga lesi\u00f3n no sab\u00edamos en qu\u00e9 punto iba a estar compitiendo, y lo hizo muy bien. Tuvo que jugar los 90 minutos por las circunstancias de las lesiones y eso denota la competitividad que tiene. Es un gran defensor, te da mucha estabilidad y seguridad. Para \u00e9l, volver despu\u00e9s de lesionarse en la final de Copa, es muy buena noticia\u00bb, aseguraba <strong>Xabi Alonso<\/strong> en la previa del encuentro contra el Girona.<\/p>\n<p>La realidad es que <strong>Mendy<\/strong> cuaj\u00f3 un gran encuentro. Estuvo muy bien en defensa, como siempre, y permiti\u00f3 a <strong>Vinicius<\/strong> sentirse m\u00e1s libre a la hora de subir la banda izquierda sin la necesidad de tener que ayudar al lateral. El franc\u00e9s, si algo tiene, es que se basta y se sobra solo para deshacerse de los rivales. Adem\u00e1s, sorprendi\u00f3 que aguant\u00f3 los 90 minutos a pesar de su largu\u00edsima inactividad.<\/p>\n<p><strong>Mendy<\/strong> demostr\u00f3 contra el <strong>Olympiacos<\/strong> que puede tener un papel muy importante en este <strong>Real Madrid<\/strong>. Es posible que contra el Girona no sea titular, puesto que <strong>Xabi<\/strong> debe ir gestionando cuidadosamente la carga de minutos, pero lo que parece seguro es que, de respetarle el f\u00edsico, ser\u00e1 un titular muy importante a lo largo de la temporada.<\/p>\n<p>Un largo calvario<\/p>\n<p><strong>Mendy<\/strong> no jugaba un partido con el <strong>Real Madrid<\/strong> desde el pasado 26 de abril, cuando fue titular en la final de la <strong>Copa del Rey<\/strong> que se celebr\u00f3 en Sevilla. <strong>Ancelotti,<\/strong> llevando la contraria a <strong>Pintus,<\/strong> decidi\u00f3 poner de inicio al franc\u00e9s, que a los 11 minutos se rompi\u00f3 para estar m\u00e1s de medio a\u00f1o apartado de los terrenos de juego. 214 d\u00edas despu\u00e9s, volvi\u00f3 a formar de inicio en el lateral izquierdo de la defensa madridista. De hecho, junto a <strong>Lunin,<\/strong> debutar\u00e1 en la presente temporada en Atenas.<\/p>\n<p><strong>Mendy<\/strong> disput\u00f3 aquella final de <strong>Copa<\/strong> tras regresar de la en\u00e9sima lesi\u00f3n muscular y sin apenas ritmo, posiblemente forzando. Tras lesionarse el 12 de marzo, en la vuelta de los octavos de final de la <strong>Champions<\/strong> ante el <strong>Atl\u00e9tico de Madrid<\/strong>, el franc\u00e9s se hab\u00eda perdido seis partidos de <strong>Liga<\/strong> y reapareci\u00f3 en la final frente al <strong>Barcelona,<\/strong> donde, a los once minutos, sufri\u00f3 una rotura del tend\u00f3n proximal del recto anterior del cu\u00e1driceps derecho.<\/p>\n<p>La c\u00fapula madridista exigi\u00f3 explicaciones y la tensi\u00f3n entre <strong>Antonio Pintus<\/strong> y el cuerpo t\u00e9cnico de <strong>Carlo Ancelotti<\/strong> fue m\u00e1xima tras aquel episodio. El preparador f\u00edsico italiano no fue consultado sobre la idoneidad de la titularidad del lateral.<\/p>\n","protected":false},"excerpt":{"rendered":"La titularidad de Ferland Mendy en Atenas fue una de las grandes sorpresas de aquel encuentro. Incluso, se&hellip;\n","protected":false},"author":2,"featured_media":263489,"comment_status":"","ping_status":"","sticky":false,"template":"","format":"standard","meta":{"footnotes":""},"categories":[268],"tags":[168,25,24,280,282,281,23,167],"class_list":{"0":"post-263488","1":"post","2":"type-post","3":"status-publish","4":"format-standard","5":"has-post-thumbnail","7":"category-futbol","8":"tag-deportes","9":"tag-es","10":"tag-espana","11":"tag-football","12":"tag-futbol","13":"tag-soccer","14":"tag-spain","15":"tag-sports"},"share_on_mastodon":{"url":"https:\/\/pubeurope.com\/@es\/115638137386571321","error":""},"_links":{"self":[{"href":"https:\/\/www.europesays.com\/es\/wp-json\/wp\/v2\/posts\/263488","targetHints":{"allow":["GET"]}}],"collection":[{"href":"https:\/\/www.europesays.com\/es\/wp-json\/wp\/v2\/posts"}],"about":[{"href":"https:\/\/www.europesays.com\/es\/wp-json\/wp\/v2\/types\/post"}],"author":[{"embeddable":true,"href":"https:\/\/www.europesays.com\/es\/wp-json\/wp\/v2\/users\/2"}],"replies":[{"embeddable":true,"href":"https:\/\/www.europesays.com\/es\/wp-json\/wp\/v2\/comments?post=263488"}],"version-history":[{"count":0,"href":"https:\/\/www.europesays.com\/es\/wp-json\/wp\/v2\/posts\/263488\/revisions"}],"wp:featuredmedia":[{"embeddable":true,"href":"https:\/\/www.europesays.com\/es\/wp-json\/wp\/v2\/media\/263489"}],"wp:attachment":[{"href":"https:\/\/www.europesays.com\/es\/wp-json\/wp\/v2\/media?parent=263488"}],"wp:term":[{"taxonomy":"category","embeddable":true,"href":"https:\/\/www.europesays.com\/es\/wp-json\/wp\/v2\/categories?post=263488"},{"taxonomy":"post_tag","embeddable":true,"href":"https:\/\/www.europesays.com\/es\/wp-json\/wp\/v2\/tags?post=263488"}],"curies":[{"name":"wp","href":"https:\/\/api.w.org\/{rel}","templated":true}]}}