{"id":263492,"date":"2025-11-30T10:19:17","date_gmt":"2025-11-30T10:19:17","guid":{"rendered":"https:\/\/www.europesays.com\/es\/263492\/"},"modified":"2025-11-30T10:19:17","modified_gmt":"2025-11-30T10:19:17","slug":"la-herencia-abrazada-por-el-salitre","status":"publish","type":"post","link":"https:\/\/www.europesays.com\/es\/263492\/","title":{"rendered":"La herencia abrazada por el salitre"},"content":{"rendered":"<p>En apenas un kil\u00f3metro de costa rocosa en La Caleta de Interi\u00e1n, en Los Silos, un grupo de mujeres del lugar mantiene viva la tradici\u00f3n ancestral de aprovechar la sal marina para uso dom\u00e9stico e incluso para canjearla o venderla, tras recogerla de los charcos formados por la acci\u00f3n de la lava y el mar. Un oficio que ha pasado de generaci\u00f3n en generaci\u00f3n, siempre con una mujer a la cabeza en las familias recolectoras, y que perdura gracias a ellas. Un saber en su esencia y su traspaso.<\/p>\n<p>El Ayuntamiento de Los Silos quer\u00eda destacar la figura de estas mujeres que llevaban toda la vida -y lo siguen haciendo- dedic\u00e1ndose a esta agricultura del mar que hasta ahora no hab\u00eda sido reconocida en el municipio.<\/p>\n<p>Para conseguirlo, eligi\u00f3 al escultor Julio Nieto, un artista cuyas creaciones generan asombro y detienen la indiferencia porque conectan con el p\u00fablico, pues en ellas se plasma lo m\u00e1s importante, que \u00e9l se divierte y disfruta durante su creaci\u00f3n.<\/p>\n<p>Como casi siempre lo hace, Nieto opt\u00f3 por una mirada diferente y se centr\u00f3 en la idea de herencia.<\/p>\n<p>Concibi\u00f3 la obra como un homenaje al legado que pasa de padres y madres a hijos e hijas, que impiden que esta tradici\u00f3n se disipe en el olvido.<\/p>\n<p>As\u00ed, Herencia de sal fue el t\u00edtulo elegido para su obra que desde ayer vigila la costa del municipio, justo frente al lugar donde las mujeres realizan su recolecci\u00f3n, principalmente durante los meses de verano.<\/p>\n<p>El movimiento, una caracter\u00edstica de todas sus creaciones, tambi\u00e9n se plasma en esta escultura, en la que la figura de una ni\u00f1a irrumpe en el espacio e interact\u00faa con el p\u00fablico al que le ofrece un pu\u00f1ado de sal con una de sus manos, incitando a quien la est\u00e1 mirando a hacer el gesto de recogerla para evitar que se derrame. Su gesto invita a la complicidad, a la necesidad urgente de tomarla, para evitar que se escurra. \u201cEs una escenograf\u00eda viva, que te incita a formar parte de la escena, a recoger la herencia y sellar el momento en una foto\u201d, sostiene.<\/p>\n<p><strong>Largo proceso<\/strong><\/p>\n<p>Su construcci\u00f3n no ha estado exenta de complejidad debido a que es una pieza realizada en bronce, un material que lleva un proceso largo de trabajo -en este caso concreto le dedic\u00f3 casi siete meses- ya que hay que modelarlo, fundirlo, cincelarlo y encajar todos los trozos.<\/p>\n<p>Sin embargo, los momentos de diversi\u00f3n fueron para Nieto la sal de su trabajo. Con un af\u00e1n por encontrar la verdadera esencia, el escultor se traslad\u00f3 hasta la costa silense, tom\u00f3 un molde de las rocas donde se concentra la sal y lo imprimi\u00f3 como parte de la tela del vestido de la ni\u00f1a. \u201cQuer\u00eda que los materiales se fundieran\u201d explica, \u201cque se entendiera que no es solo la hija de la salinera, sino la propia roca la que te ofrece su coraz\u00f3n mineral\u201d, explica el artista.<\/p>\n<p>El complemento perfecto de la obra es el lugar donde se encuentra la escultura, destinada a ser abrazada por el salitre que danza en el aire; la sal, elemento omnipresente de La Caleta de Interi\u00e1n, la ir\u00e1 vistiendo poco a poco.<\/p>\n<p>La idea es que con el paso de los a\u00f1os, las zonas del vestido que simulan las rocas, se cubran con la misma sal que las madres han cosechado desde tiempos remotos en ese sitio de la costa y la ni\u00f1a se llene de la misma sal que evit\u00f3 dejar caer. Una escultura en la que se refleja que la verdadera herencia no es lo que se guarda, sino aquello que, con una mano generosa, se comparte y se ofrece al futuro.<\/p>\n","protected":false},"excerpt":{"rendered":"En apenas un kil\u00f3metro de costa rocosa en La Caleta de Interi\u00e1n, en Los Silos, un grupo de&hellip;\n","protected":false},"author":2,"featured_media":263493,"comment_status":"","ping_status":"","sticky":false,"template":"","format":"standard","meta":{"footnotes":""},"categories":[173],"tags":[229,233,231,230,232,234,146,147,25,24,23],"class_list":{"0":"post-263492","1":"post","2":"type-post","3":"status-publish","4":"format-standard","5":"has-post-thumbnail","7":"category-arte-y-diseno","8":"tag-arte","9":"tag-arte-y-diseno","10":"tag-arts","11":"tag-arts-and-design","12":"tag-design","13":"tag-diseno","14":"tag-entertainment","15":"tag-entretenimiento","16":"tag-es","17":"tag-espana","18":"tag-spain"},"share_on_mastodon":{"url":"https:\/\/pubeurope.com\/@es\/115638145087387249","error":""},"_links":{"self":[{"href":"https:\/\/www.europesays.com\/es\/wp-json\/wp\/v2\/posts\/263492","targetHints":{"allow":["GET"]}}],"collection":[{"href":"https:\/\/www.europesays.com\/es\/wp-json\/wp\/v2\/posts"}],"about":[{"href":"https:\/\/www.europesays.com\/es\/wp-json\/wp\/v2\/types\/post"}],"author":[{"embeddable":true,"href":"https:\/\/www.europesays.com\/es\/wp-json\/wp\/v2\/users\/2"}],"replies":[{"embeddable":true,"href":"https:\/\/www.europesays.com\/es\/wp-json\/wp\/v2\/comments?post=263492"}],"version-history":[{"count":0,"href":"https:\/\/www.europesays.com\/es\/wp-json\/wp\/v2\/posts\/263492\/revisions"}],"wp:featuredmedia":[{"embeddable":true,"href":"https:\/\/www.europesays.com\/es\/wp-json\/wp\/v2\/media\/263493"}],"wp:attachment":[{"href":"https:\/\/www.europesays.com\/es\/wp-json\/wp\/v2\/media?parent=263492"}],"wp:term":[{"taxonomy":"category","embeddable":true,"href":"https:\/\/www.europesays.com\/es\/wp-json\/wp\/v2\/categories?post=263492"},{"taxonomy":"post_tag","embeddable":true,"href":"https:\/\/www.europesays.com\/es\/wp-json\/wp\/v2\/tags?post=263492"}],"curies":[{"name":"wp","href":"https:\/\/api.w.org\/{rel}","templated":true}]}}