{"id":263494,"date":"2025-11-30T10:21:10","date_gmt":"2025-11-30T10:21:10","guid":{"rendered":"https:\/\/www.europesays.com\/es\/263494\/"},"modified":"2025-11-30T10:21:10","modified_gmt":"2025-11-30T10:21:10","slug":"las-mejores-series-que-no-hay-que-perderse-en-diciembre","status":"publish","type":"post","link":"https:\/\/www.europesays.com\/es\/263494\/","title":{"rendered":"Las mejores series que no hay que perderse en diciembre"},"content":{"rendered":"<p data-gtm-element-container=\"modulo-texto-link\" class=\"paragraph\">Diciembre no llega con series que hayan generado mucha expectaci\u00f3n, pero s\u00ed con varias propuestas interesantes. Adem\u00e1s, este mes tendremos tres nuevos episodios de Stranger Things (Netflix, viernes 26) que preparar\u00e1n el camino hacia el gran episodio final del 1 de enero; el regreso de la quinta temporada de Emily in Paris (Netflix, jueves 18) y el estreno de <a href=\"https:\/\/www.lavanguardia.com\/television\/programacion-tv\/lasexta\" target=\"_blank\" rel=\"noopener noreferrer nofollow\">la sexta<\/a> temporada de Todas las criaturas grandes y peque\u00f1as (Filmin, martes 2).<\/p>\n<p data-gtm-element-container=\"modulo-texto-link\" class=\"paragraph\"><strong>Terra Alta<\/strong><\/p>\n<p data-gtm-element-container=\"modulo-texto-link\" class=\"paragraph\">Jueves 4. Movistar Plus+. Estreno<\/p>\n<p data-gtm-element-container=\"modulo-texto-link\" class=\"paragraph\">Adaptaci\u00f3n de la novela ganadora del Premio Planeta 2019 de Javier Cercas. Es un thriller polic\u00edaco ambientado en la comarca tarraconense de Terra Alta, un lugar de belleza salvaje y cicatrices a\u00fan abiertas de la Guerra Civil. La serie sigue a un agente de los Mossos d\u2019Esquadra (Miguel Bernardeau) cuya turbulenta historia personal resurge al investigar el brutal asesinato de los patriarcas de la familia m\u00e1s poderosa de la zona.<\/p>\n<p data-gtm-element-container=\"modulo-texto-link\" class=\"paragraph\"><strong>The Iris Affair<\/strong><\/p>\n<p data-gtm-element-container=\"modulo-texto-link\" class=\"paragraph\">Viernes 6. SkyShowtime. Estreno<\/p>\n<p data-gtm-element-container=\"modulo-texto-link\" class=\"paragraph\">La brillante y enigm\u00e1tica Iris Nixon (Niamh Algar) resuelve varios rompecabezas online que la llevan a Florencia, donde conoce al empresario Cameron Beck (Tom Hollander). \u00c9l le ofrece ayudar a desbloquear una pieza de tecnolog\u00eda ultrasecreta y ella acepta movida por la curiosidad. Pero al descubrir su potencial peligroso, Iris roba el diario con la secuencia de activaci\u00f3n y desaparece, desatando una persecuci\u00f3n por toda Italia.<\/p>\n<p data-gtm-element-container=\"modulo-texto-link\" class=\"paragraph\"><strong>The Gold<\/strong><\/p>\n<p data-gtm-element-container=\"modulo-texto-link\" class=\"paragraph\">Martes 9. Filmin. Estreno<\/p>\n<p data-gtm-element-container=\"modulo-texto-link\" class=\"paragraph\">Miniserie sobre el mayor atraco armado de la historia del Reino Unido. En 1983, seis hombres robaron 6.800 lingotes de oro, adem\u00e1s de diamantes y efectivo, del dep\u00f3sito de Brink\u2019s-Mat, un bot\u00edn valorado en 26 millones de libras. Mientras intentan blanquearlo, un equipo de detectives sigue su rastro, destapando traiciones, codicia y secretos que cambiar\u00e1n sus vidas. Con Hugh Bonneville, Tom Cullen, Jack Lowden y Dominic Cooper.<\/p>\n<p data-gtm-element-container=\"modulo-texto-link\" class=\"paragraph\"><strong>Reykjav\u00edk Fusion<\/strong><\/p>\n<p data-gtm-element-container=\"modulo-texto-link\" class=\"paragraph\">Mi\u00e9rcoles 10. AMC+. Estreno<\/p>\n<p data-gtm-element-container=\"modulo-texto-link\" class=\"paragraph\">Serie islandesa que mezcla alta cocina y crimen organizado en Reikiavik. J\u00f3nas (\u00d3lafur Darri \u00d3lafsson), un chef de prestigio reci\u00e9n salido de prisi\u00f3n, intenta reconstruir su vida y recuperar a su familia. Rechazado por la sociedad, acepta dinero il\u00edcito de un excompa\u00f1ero de celda para abrir un restaurante, pero \u00e9l y su enigm\u00e1tica mano derecha lo atan al tr\u00e1fico de drogas y a un entramado criminal del que ser\u00e1 dif\u00edcil escapar.<\/p>\n<p data-gtm-element-container=\"modulo-texto-link\" class=\"paragraph\"><strong>All her fault (Su peor pesadilla)<\/strong><\/p>\n<p data-gtm-element-container=\"modulo-texto-link\" class=\"paragraph\">Lunes 15. SkyShowtime. Estreno<\/p>\n<p data-gtm-element-container=\"modulo-texto-link\" class=\"paragraph\">Adaptaci\u00f3n de la novela de Andrea Mara que comienza con una situaci\u00f3n aterradora: Marissa Irvine (Sarah Snook) acude a recoger a su hijo Milo, pero una desconocida abre la puerta y afirma no saber nada de \u00e9l. As\u00ed arranca la peor pesadilla de una madre y una investigaci\u00f3n que destapa secretos ocultos en una comunidad aparentemente tranquila. Completan el reparto Dakota Fanning, Jake Lacy y Michael Pe\u00f1a.<\/p>\n<p data-gtm-element-container=\"modulo-texto-link\" class=\"paragraph\"><strong>Ciudad de sombras<\/strong><\/p>\n<p data-gtm-element-container=\"modulo-texto-link\" class=\"paragraph\">Viernes 12. Netflix. Estreno<\/p>\n<p data-gtm-element-container=\"modulo-texto-link\" class=\"paragraph\">\u00daltimo trabajo para la peque\u00f1a pantalla de Ver\u00f3nica Echegui, fallecida el 24 de agosto. Adaptaci\u00f3n de la primera novela de Aro S\u00e1inz de la Maza, autor de la tetralog\u00eda de Milo Malart. Un cuerpo quemado aparece en la fachada de La Pedrera-Casa Mil\u00e0. El inspector Milo Malart (Isak F\u00e9rriz), suspendido por indisciplina, regresa a la actividad para, con la ayuda de la subinspectora Rebeca Garrido (Echegui), descubrir al autor del crimen.<\/p>\n<p data-gtm-element-container=\"modulo-texto-link\" class=\"paragraph\"><strong>Fallout<\/strong><\/p>\n<p data-gtm-element-container=\"modulo-texto-link\" class=\"paragraph\">Mi\u00e9rcoles 17. Prime Video. Temporada 2<\/p>\n<p data-gtm-element-container=\"modulo-texto-link\" class=\"paragraph\">La serie basada en la famosa saga de videojuegos regresa con su segunda temporada. En un mundo postapocal\u00edptico, los habitantes de los refugios nucleares deben volver a la superficie doscientos a\u00f1os despu\u00e9s y enfrentarse a un p\u00e1ramo violento. La nueva entrega retoma el final de la primera y sigue la historia desde el p\u00e1ramo del Mojave hasta la ciudad de New Vegas.<\/p>\n<p data-gtm-element-container=\"modulo-texto-link\" class=\"paragraph\"><strong>El dentista<\/strong><\/p>\n<p data-gtm-element-container=\"modulo-texto-link\" class=\"paragraph\">Jueves 18. Movistar Plus+. Estreno<\/p>\n<p data-gtm-element-container=\"modulo-texto-link\" class=\"paragraph\">El primer dentista forense de M\u00e9xico, Nolasco Black, ayuda a la polic\u00eda a investigar una serie de asesinatos de mujeres en Veracruz: una prostituta, una enfermera con heterocrom\u00eda, una curandera y una equilibrista ciega. Usando odontolog\u00eda forense, deber\u00e1 enfrentarse a John Williams, alias Jack el Destripador, en un juego de ingenio donde est\u00e1n en juego vidas inocentes. Protagonizan Demi\u00e1n Bichir y Alberto Ammann.<\/p>\n","protected":false},"excerpt":{"rendered":"Diciembre no llega con series que hayan generado mucha expectaci\u00f3n, pero s\u00ed con varias propuestas interesantes. Adem\u00e1s, este&hellip;\n","protected":false},"author":2,"featured_media":263495,"comment_status":"","ping_status":"","sticky":false,"template":"","format":"standard","meta":{"footnotes":""},"categories":[171],"tags":[146,147,25,24,23,214],"class_list":{"0":"post-263494","1":"post","2":"type-post","3":"status-publish","4":"format-standard","5":"has-post-thumbnail","7":"category-tv","8":"tag-entertainment","9":"tag-entretenimiento","10":"tag-es","11":"tag-espana","12":"tag-spain","13":"tag-tv"},"share_on_mastodon":{"url":"https:\/\/pubeurope.com\/@es\/115638153135141676","error":""},"_links":{"self":[{"href":"https:\/\/www.europesays.com\/es\/wp-json\/wp\/v2\/posts\/263494","targetHints":{"allow":["GET"]}}],"collection":[{"href":"https:\/\/www.europesays.com\/es\/wp-json\/wp\/v2\/posts"}],"about":[{"href":"https:\/\/www.europesays.com\/es\/wp-json\/wp\/v2\/types\/post"}],"author":[{"embeddable":true,"href":"https:\/\/www.europesays.com\/es\/wp-json\/wp\/v2\/users\/2"}],"replies":[{"embeddable":true,"href":"https:\/\/www.europesays.com\/es\/wp-json\/wp\/v2\/comments?post=263494"}],"version-history":[{"count":0,"href":"https:\/\/www.europesays.com\/es\/wp-json\/wp\/v2\/posts\/263494\/revisions"}],"wp:featuredmedia":[{"embeddable":true,"href":"https:\/\/www.europesays.com\/es\/wp-json\/wp\/v2\/media\/263495"}],"wp:attachment":[{"href":"https:\/\/www.europesays.com\/es\/wp-json\/wp\/v2\/media?parent=263494"}],"wp:term":[{"taxonomy":"category","embeddable":true,"href":"https:\/\/www.europesays.com\/es\/wp-json\/wp\/v2\/categories?post=263494"},{"taxonomy":"post_tag","embeddable":true,"href":"https:\/\/www.europesays.com\/es\/wp-json\/wp\/v2\/tags?post=263494"}],"curies":[{"name":"wp","href":"https:\/\/api.w.org\/{rel}","templated":true}]}}