{"id":263508,"date":"2025-11-30T10:29:11","date_gmt":"2025-11-30T10:29:11","guid":{"rendered":"https:\/\/www.europesays.com\/es\/263508\/"},"modified":"2025-11-30T10:29:11","modified_gmt":"2025-11-30T10:29:11","slug":"la-violacion-de-ucrania-la-opinion-de-juan-rodriguez-garat-sobre-el-conflicto","status":"publish","type":"post","link":"https:\/\/www.europesays.com\/es\/263508\/","title":{"rendered":"La violaci\u00f3n de Ucrania | La opini\u00f3n de Juan Rodr\u00edguez Garat sobre el conflicto."},"content":{"rendered":"<p class=\"c-paragraph\">A estas alturas del siglo, hace falta estar muy ciego para no darse cuenta de que <a href=\"https:\/\/www.20minutos.es\/tags\/personas\/putin.html\" title=\"Putin\" rel=\"nofollow noopener\" target=\"_blank\">Vladimir Putin<\/a> quiere <a href=\"https:\/\/www.20minutos.es\/tags\/lugares\/ucrania.html\" title=\"Ucrania\" rel=\"nofollow noopener\" target=\"_blank\">Ucrania<\/a>. Podemos discutir si el sue\u00f1o imperial es del dictador o de la propia <a href=\"https:\/\/www.20minutos.es\/tags\/lugares\/rusia.html\" title=\"Rusia\" rel=\"nofollow noopener\" target=\"_blank\">Rusia<\/a>; si la prefiere de un solo bocado o se resignar\u00e1 a devorarla en sesiones sucesivas; si la v\u00edctima de hoy saciar\u00eda su inmensa hambre de poder o solo ser\u00eda la primera oveja en ser devorada. Pero lo que parece claro es que, si es por \u00e9l, <b>no habr\u00e1 paz en Europa hasta que eso ocurra.<\/b><\/p>\n<p class=\"c-paragraph\">Para conseguir su objetivo, Putin reparte amenazas y halagos. Pero no lo hace de manera arbitraria. Los halagos son para el presidente de los EEUU y las amenazas para Europa. Cree el dictador, bien asesorado por el falso mediador<b> Steve Witkoff<\/b> \u2014quiz\u00e1 el mejor representante del influyente rusoplanismo norteamericano que vot\u00f3 en masa a Donald Trump\u2014 que as\u00ed tiene m\u00e1s posibilidades de aislar a Ucrania de los aliados que necesita para resistir.<\/p>\n<p class=\"c-paragraph\">A mi parecer, no se equivoca. El tal\u00f3n de Aquiles de los EEUU est\u00e1 en su l\u00edder, un pol\u00edtico sin valores que tiene tanta hambre de poder como Putin y, bajo la presi\u00f3n de las instituciones democr\u00e1ticas norteamericanas, mucha m\u00e1s prisa por alcanzarlo. Pero el eslab\u00f3n d\u00e9bil de la cadena europea est\u00e1 en sus pueblos,<b> desesperanzados por sus fracasos del presente<\/b> y desunidos por sus guerras del pasado.<\/p>\n<p class=\"c-paragraph\">La mayor\u00eda de los europeos perciben con claridad las intenciones de Putin. Podemos ver m\u00e1s lejos o m\u00e1s cerca las orejas del lobo, pero todos sabemos que el animal est\u00e1 ah\u00ed fuera, tratando de morder. Podr\u00eda decirse, por lo tanto, que el dictador ha perdido la batalla por el relato: no es un liberador, sino un criminal. Sin embargo, <b>a\u00fan le quedan dos bazas importantes por jugar en nuestras mentes.<\/b> La primera es la confianza en su victoria, igualmente \u00fatil si es real o simulada. Putin insiste cada vez que puede en que una guerra larga le favorece y, a pesar de que los precedentes hist\u00f3ricos \u2014Vietnam, Afganist\u00e1n o Siria\u2014 no le acompa\u00f1an, ha conseguido convencer a casi todos de que tiene raz\u00f3n<\/p>\n<p class=\"c-paragraph\">La segunda, a mi juicio m\u00e1s grave, es la anestesia colectiva que, entre Putin y Trump, se nos inyecta cada d\u00eda en dosis cada vez mayores. Bajo sus efectos, hay cosas que empiezan a parecer normales cuando no lo son. Ni el plan de paz de 28 puntos, seguramente redactado por Witkoff, ni la alternativa negociada posteriormente por Marco Rubio con Zelenski y los l\u00edderes europeos, van a ser aceptados por Putin.<b> \u00c9l quiere mucho m\u00e1s <\/b>y cree firmemente que, dentro de algunas semanas o, como mucho, meses, Trump se lo va a ofrecer. Pero el argumento empleado por el presidente de los EEUU para defender su mediaci\u00f3n \u2014esa hipot\u00e9tica promesa del dictador de que si se le da lo que ilegalmente quiere ocupar no conquistar\u00e1 m\u00e1s\u2014 deber\u00eda ser ofensivo para la ciudadan\u00eda.<\/p>\n<p class=\"c-paragraph\">Si se me permite la comparaci\u00f3n, Trump juega aqu\u00ed el papel del vecino que, harto de soportar los gritos de una mujer agredida en un callej\u00f3n, acude a la escena\u2026 pero no para ayudar a la v\u00edctima, sino para sujetarla a cambio de que el violador le prometa hacerlo solo una vez m\u00e1s. Un papel, en verdad, poco airado, aunque ya se encargar\u00e1 el rusoplanismo militante de hac\u00e9rselo perdonar insistiendo en que fue culpa de ella, <b>que llevaba la falda muy corta.<\/b><\/p>\n<p class=\"c-paragraph\">Ya no hace mucha falta desenmascarar a Putin. <b>Pero todav\u00eda es necesario hacerlo con Trump<\/b> y con esa parte del alma norteamericana que ve en el dictador ruso \u2014esp\u00eda de la KGB, comunista mientras le convino, criminal pol\u00edtico y de guerra, seguramente ateo, infiel en su matrimonio y divorciado\u2014 un baluarte de los valores cristianos que se est\u00e1n perdiendo en Occidente. Tenemos que desenmascararlos por nuestra seguridad y por la de una Europa que, como los grandes imperios del pasado, se empeque\u00f1ece con cada bocado a sus fronteras naturales\u2026 pero tambi\u00e9n por un poco de humanidad, ese sentimiento que anta\u00f1o nos enorgullec\u00eda y contra el que hoy Putin y Trump nos quieren anestesiar.<\/p>\n","protected":false},"excerpt":{"rendered":"A estas alturas del siglo, hace falta estar muy ciego para no darse cuenta de que Vladimir Putin&hellip;\n","protected":false},"author":2,"featured_media":263509,"comment_status":"","ping_status":"","sticky":false,"template":"","format":"standard","meta":{"footnotes":""},"categories":[42],"tags":[17,18,13,14,11,61,62,63,64,19,20,9,10,15,16,12,7081,21,22,3033,65,66,67],"class_list":{"0":"post-263508","1":"post","2":"type-post","3":"status-publish","4":"format-standard","5":"has-post-thumbnail","7":"category-internacional","8":"tag-breaking-news","9":"tag-breakingnews","10":"tag-featured-news","11":"tag-featurednews","12":"tag-headlines","13":"tag-internacional","14":"tag-international","15":"tag-international-news","16":"tag-internationalnews","17":"tag-latest-news","18":"tag-latestnews","19":"tag-news","20":"tag-noticias","21":"tag-noticias-destacadas","22":"tag-noticiasdestacadas","23":"tag-titulares","24":"tag-ucrania","25":"tag-ultimas-noticias","26":"tag-ultimasnoticias","27":"tag-violacion","28":"tag-world","29":"tag-world-news","30":"tag-worldnews"},"share_on_mastodon":{"url":"https:\/\/pubeurope.com\/@es\/115638184768540738","error":""},"_links":{"self":[{"href":"https:\/\/www.europesays.com\/es\/wp-json\/wp\/v2\/posts\/263508","targetHints":{"allow":["GET"]}}],"collection":[{"href":"https:\/\/www.europesays.com\/es\/wp-json\/wp\/v2\/posts"}],"about":[{"href":"https:\/\/www.europesays.com\/es\/wp-json\/wp\/v2\/types\/post"}],"author":[{"embeddable":true,"href":"https:\/\/www.europesays.com\/es\/wp-json\/wp\/v2\/users\/2"}],"replies":[{"embeddable":true,"href":"https:\/\/www.europesays.com\/es\/wp-json\/wp\/v2\/comments?post=263508"}],"version-history":[{"count":0,"href":"https:\/\/www.europesays.com\/es\/wp-json\/wp\/v2\/posts\/263508\/revisions"}],"wp:featuredmedia":[{"embeddable":true,"href":"https:\/\/www.europesays.com\/es\/wp-json\/wp\/v2\/media\/263509"}],"wp:attachment":[{"href":"https:\/\/www.europesays.com\/es\/wp-json\/wp\/v2\/media?parent=263508"}],"wp:term":[{"taxonomy":"category","embeddable":true,"href":"https:\/\/www.europesays.com\/es\/wp-json\/wp\/v2\/categories?post=263508"},{"taxonomy":"post_tag","embeddable":true,"href":"https:\/\/www.europesays.com\/es\/wp-json\/wp\/v2\/tags?post=263508"}],"curies":[{"name":"wp","href":"https:\/\/api.w.org\/{rel}","templated":true}]}}