{"id":263510,"date":"2025-11-30T10:30:13","date_gmt":"2025-11-30T10:30:13","guid":{"rendered":"https:\/\/www.europesays.com\/es\/263510\/"},"modified":"2025-11-30T10:30:13","modified_gmt":"2025-11-30T10:30:13","slug":"taiwan-mexico-y-japon-prohiben-importar-carne-de-cerdo-espanol-por-la-peste-porcina-africana","status":"publish","type":"post","link":"https:\/\/www.europesays.com\/es\/263510\/","title":{"rendered":"Taiw\u00e1n, M\u00e9xico y Jap\u00f3n proh\u00edben importar carne de cerdo espa\u00f1ol por la peste porcina africana"},"content":{"rendered":"\n<p> <strong>Taiw\u00e1n<\/strong> ha suspendido la importaci\u00f3n de <a href=\"https:\/\/www.elconfidencial.com\/economia\/2025-09-05\/china-cerdo-espanol-aranceles-20-amenazan-carnicas_4203182\/\" target=\"_self\" rel=\"nofollow noopener\">carne y derivados porcinos procedentes de Espa\u00f1a<\/a> tras confirmarse varios casos de <strong>peste porcina africana<\/strong> (<strong>PPA<\/strong>) en <strong>jabal\u00edes encontrados muertos<\/strong> en la <strong>sierra de Collserola<\/strong>, cerca de <strong>Barcelona<\/strong>, el <strong>primer foco detectado<\/strong> en el pa\u00eds desde 1994. <\/p>\n<p> El <a href=\"https:\/\/www.elconfidencial.com\/espana\/2025-11-29\/rueda-de-prensa-tras-la-deteccion-de-dos-casos-de-peste-porcina-africana-en-animales-silvestres_4257161\/\" target=\"_self\" rel=\"nofollow noopener\">Centro de Operaciones de Emergencia para la PPA<\/a> de la isla comunic\u00f3 que, con aplicaci\u00f3n inmediata, <strong>queda prohibida la entrada por mar y por aire de cualquier producto de cerdo<\/strong>, tanto fresco como procesado, seg\u00fan recogi\u00f3 la <strong>agencia CNA<\/strong>. <\/p>\n<p> Todos los art\u00edculos interceptados en frontera ser\u00e1n <strong>incautados y posteriormente devueltos<\/strong> a origen o destruidos. <a href=\"https:\/\/www.elconfidencial.com\/espana\/2025-06-12\/cerdos-castilla-la-mancha-porcino-espana_4147332\/\" target=\"_self\" rel=\"nofollow noopener\">Espa\u00f1a se incorpora adem\u00e1s a la lista taiwanesa de \u00e1reas afectadas<\/a>, lo que conlleva un <strong>refuerzo de los controles en los puntos de cuarentena fronterizos<\/strong>. <\/p>\n<p> Las autoridades subrayaron que, aunque no hay vuelos directos entre <strong>Espa\u00f1a<\/strong> y Taiw\u00e1n, existe la posibilidad de <a href=\"https:\/\/www.elconfidencial.com\/empresas\/2025-11-29\/lobby-cerdo-iberico-sello-calidad-animales-portugal_4256482\/\" target=\"_self\" rel=\"nofollow noopener\">env\u00edos postales, un canal que mantiene vigente el riesgo de introducci\u00f3n del virus<\/a>. <\/p>\n<p>              <img decoding=\"async\" class=\"inTextNews__img\" alt=\"Foto: Foto de archivo. (Ministerio de Agricultura)\" src=\"https:\/\/www.europesays.com\/es\/wp-content\/uploads\/2025\/11\/f.elconfidencial.com\/original\/24b\/269\/fc0\/24b269fc0c3f0b54e522c8f619fe66ac.jpg\"  \/>     <\/p>\n<p>TE PUEDE INTERESAR<\/p>\n<p>      <a class=\"inTextNews__title\" href=\"https:\/\/www.elconfidencial.com\/salud\/2025-11-28\/peste-porcina-africana-barcelona_4256807\/\" onclick=\"window.ECCO.emit(&#039;amplitude&#039;, { dataEventName: &#039;click_related_article_module&#039;, data: { related_article_url: &#039;https:\/\/www.elconfidencial.com\/salud\/2025-11-28\/peste-porcina-africana-barcelona_4256807\/&#039;, related_article_author: &#039;Laura Camacho&#039;, related_article_section: &#039;salud&#039; } })\" rel=\"nofollow noopener\" target=\"_blank\"> Detectan dos casos positivos de peste porcina africana en jabal\u00edes muertos en Catalu\u00f1a <\/a>   <\/p>\n<p>    El Confidencial   <\/p>\n<p> <strong>Espa\u00f1a figura entre los mayores proveedores<\/strong> de porcino del <strong>mercado taiwan\u00e9s<\/strong>: export\u00f3 25.452 toneladas en 2023, 16.019 en 2024 y 17.384 en lo que va de 2025, situ\u00e1ndose solo por detr\u00e1s de <strong>Canad\u00e1<\/strong>. <\/p>\n<p> El foco detectado llev\u00f3 a la <a href=\"https:\/\/www.elconfidencial.com\/salud\/2025-11-28\/peste-porcina-africana-barcelona_4256807\/\" target=\"_self\" rel=\"nofollow noopener\">Generalitat de Catalu\u00f1a<\/a> a <strong>activar esta semana el plan de contingencia<\/strong> tras la confirmaci\u00f3n de dos <strong>jabal\u00edes infectados<\/strong> inicialmente, a los que se sumaron otros cuatro casos. <\/p>\n<p>              <img decoding=\"async\" class=\"inTextNews__img\" alt=\"Foto: peste-porcina-africana-jabalis-barcelona-1tna-1tps\" src=\"https:\/\/www.europesays.com\/es\/wp-content\/uploads\/2025\/11\/f.elconfidencial.com\/original\/65f\/ed6\/20e\/65fed620e53671889beadcb897d5e646.jpg\"  \/>     <\/p>\n<p>TE PUEDE INTERESAR<\/p>\n<p>      <a class=\"inTextNews__title\" href=\"https:\/\/www.elconfidencial.com\/espana\/2025-11-29\/peste-porcina-africana-jabalis-barcelona-1tna-1tps_4257124\/\" onclick=\"window.ECCO.emit(&#039;amplitude&#039;, { dataEventName: &#039;click_related_article_module&#039;, data: { related_article_url: &#039;https:\/\/www.elconfidencial.com\/espana\/2025-11-29\/peste-porcina-africana-jabalis-barcelona-1tna-1tps_4257124\/&#039;, related_article_author: &#039;Laura Prieto&#039;, related_article_section: &#039;espana&#039; } })\" rel=\"nofollow noopener\" target=\"_blank\"> Planas confirma que \u00abun tercio de las exportaciones est\u00e1n bloqueadas\u00bb tras la detecci\u00f3n de peste porcina africana <\/a>   <\/p>\n<p>    Europa Press   <\/p>\n<p> Se ha delimitado un <a href=\"https:\/\/www.alimente.elconfidencial.com\/bienestar\/2025-04-07\/fiebre-aftosa-alerta-brotes-europa-enfermedad-animales_4103722\/\" target=\"_self\" rel=\"nofollow noopener\">per\u00edmetro de infecci\u00f3n de seis kil\u00f3metros y una zona de vigilancia de veinte<\/a>, aplicando <strong>restricciones de acceso<\/strong>, <strong>limitaciones a las actividades al aire libre<\/strong> y <strong>controles a los movimientos de ganado<\/strong> en 76 municipios. <\/p>\n<p> La PPA no es transmisible a humanos, pero resulta <strong>altamente contagiosa entre jabal\u00edes y cerdos dom\u00e9sticos<\/strong> y puede generar <strong>cuantiosas p\u00e9rdidas econ\u00f3micas<\/strong>. <\/p>\n<p> Jap\u00f3n y M\u00e9xico han sido los primeros en cerrar sus exportaciones con Espa\u00f1a, mientras que EEUU, Reino Unido o Corea del Sur limitar\u00e1n sus restricciones a<strong> la zona afectada por el foco.<\/strong> <\/p>\n<p> <strong>Taiw\u00e1n<\/strong> ha suspendido la importaci\u00f3n de <a href=\"https:\/\/www.elconfidencial.com\/economia\/2025-09-05\/china-cerdo-espanol-aranceles-20-amenazan-carnicas_4203182\/\" target=\"_self\" rel=\"nofollow noopener\">carne y derivados porcinos procedentes de Espa\u00f1a<\/a> tras confirmarse varios casos de <strong>peste porcina africana<\/strong> (<strong>PPA<\/strong>) en <strong>jabal\u00edes encontrados muertos<\/strong> en la <strong>sierra de Collserola<\/strong>, cerca de <strong>Barcelona<\/strong>, el <strong>primer foco detectado<\/strong> en el pa\u00eds desde 1994. <\/p>\n","protected":false},"excerpt":{"rendered":"Taiw\u00e1n ha suspendido la importaci\u00f3n de carne y derivados porcinos procedentes de Espa\u00f1a tras confirmarse varios casos de&hellip;\n","protected":false},"author":2,"featured_media":263511,"comment_status":"","ping_status":"","sticky":false,"template":"","format":"standard","meta":{"footnotes":""},"categories":[8],"tags":[17,18,25,24,13,14,11,19,20,9,10,15,16,23,12,21,22],"class_list":{"0":"post-263510","1":"post","2":"type-post","3":"status-publish","4":"format-standard","5":"has-post-thumbnail","7":"category-espana","8":"tag-breaking-news","9":"tag-breakingnews","10":"tag-es","11":"tag-espana","12":"tag-featured-news","13":"tag-featurednews","14":"tag-headlines","15":"tag-latest-news","16":"tag-latestnews","17":"tag-news","18":"tag-noticias","19":"tag-noticias-destacadas","20":"tag-noticiasdestacadas","21":"tag-spain","22":"tag-titulares","23":"tag-ultimas-noticias","24":"tag-ultimasnoticias"},"share_on_mastodon":{"url":"https:\/\/pubeurope.com\/@es\/115638188726591560","error":""},"_links":{"self":[{"href":"https:\/\/www.europesays.com\/es\/wp-json\/wp\/v2\/posts\/263510","targetHints":{"allow":["GET"]}}],"collection":[{"href":"https:\/\/www.europesays.com\/es\/wp-json\/wp\/v2\/posts"}],"about":[{"href":"https:\/\/www.europesays.com\/es\/wp-json\/wp\/v2\/types\/post"}],"author":[{"embeddable":true,"href":"https:\/\/www.europesays.com\/es\/wp-json\/wp\/v2\/users\/2"}],"replies":[{"embeddable":true,"href":"https:\/\/www.europesays.com\/es\/wp-json\/wp\/v2\/comments?post=263510"}],"version-history":[{"count":0,"href":"https:\/\/www.europesays.com\/es\/wp-json\/wp\/v2\/posts\/263510\/revisions"}],"wp:featuredmedia":[{"embeddable":true,"href":"https:\/\/www.europesays.com\/es\/wp-json\/wp\/v2\/media\/263511"}],"wp:attachment":[{"href":"https:\/\/www.europesays.com\/es\/wp-json\/wp\/v2\/media?parent=263510"}],"wp:term":[{"taxonomy":"category","embeddable":true,"href":"https:\/\/www.europesays.com\/es\/wp-json\/wp\/v2\/categories?post=263510"},{"taxonomy":"post_tag","embeddable":true,"href":"https:\/\/www.europesays.com\/es\/wp-json\/wp\/v2\/tags?post=263510"}],"curies":[{"name":"wp","href":"https:\/\/api.w.org\/{rel}","templated":true}]}}