{"id":263514,"date":"2025-11-30T10:39:10","date_gmt":"2025-11-30T10:39:10","guid":{"rendered":"https:\/\/www.europesays.com\/es\/263514\/"},"modified":"2025-11-30T10:39:10","modified_gmt":"2025-11-30T10:39:10","slug":"las-palabras-de-ruben-burgos-sobre-la-salida-de-alina-iagupova","status":"publish","type":"post","link":"https:\/\/www.europesays.com\/es\/263514\/","title":{"rendered":"Las palabras de Rub\u00e9n Burgos sobre la salida de Alina Iagupova &#8211;"},"content":{"rendered":"<p>El t\u00e9cnico de Valencia Basket habla sobre la rescisi\u00f3n de contrato de la ucraniana tras sus casi dos a\u00f1os en el club.<\/p>\n<p>Rub\u00e9n Burgos atendi\u00f3 a los micr\u00f3fonos de<a href=\"https:\/\/www.ivoox.com\/podcast-podcast-radio-marca-valencia_sq_f71.117657_46.html\" rel=\"nofollow noopener\" target=\"_blank\"> Radio Marca Valencia<\/a> para tratar diferentes temas de actualidad, entre los que se encuentra la salida de Alina Iagupova. La jugadora ucraniana dijo esta semana adi\u00f3s tras casi dos a\u00f1os en el club taronja, un periodo en el que levant\u00f3 cuatro t\u00edtulos. Estas fueron las palabras del t\u00e9cnico sobre su marcha, las razones de este desenlace y la situaci\u00f3n de la plantilla.<\/p>\n<p>Las palabras de Rub\u00e9n Burgos sobre Alina Iagupova<\/p>\n<p>\u00abFue una noticia de \u00faltima hora de la noche del mi\u00e9rcoles. Desde el club, tras el partido y con buen criterio, ya que lo primero son los encuentros y el equipo, se me informa de la situaci\u00f3n y decisiones tomadas en consenso con el club, los representantes de Alina y la jugadora. Nos adaptaremos a la situaci\u00f3n como equipo. Yo estoy muy agradecido a Alina por su trabajo estas dos temporadas. Creo que ha ayudado mucho a los \u00e9xitos conseguidos, cuatro t\u00edtulos. Es una pena que no haya podido tener continuidad en el trabajo ni alcanzar el nivel de forma para sentirse c\u00f3moda ella y que el rendimiento del equipo se beneficiara de eso. Quiero pensar que es la mejor decisi\u00f3n por ambas partes. Le deseo lo mejor a una buena persona y grand\u00edsima jugadora.<\/p>\n<p>La \u00faltima semana no entren\u00f3 con el equipo por problemas estomacales, este es el motivo por el que no estuvo en el partido ni en los dos entrenamientos de esta semana. <\/p>\n<p>Todo el mundo disfruta con el juego de Iagupova. Cuando ha estado presente y a su nivel, ha sido una jugadora important\u00edsima. Vi\u00e9ndola feliz y a su nivel, claro que todos habr\u00edamos tenido ganas de tenerla a nuestro lado. Ahora las circunstancias no iban en esa direcci\u00f3n. Esperemos que ALina encuentre un sitio para desarrollarse y alcanzar su potencial, nosotras buscaremos soluciones entre todas, deberemos dar un pasito adelante. Estamos trabajando para completar el roster.<\/p>\n<p>Desde lo que yo te puedo decir como entrenador, Alina ha tenido bastantes problemas f\u00edsicos, de salud, de continuidad y de trabajo. Esto no le ha permitido trabajar con el ritmo necesario para alcanzar su nivel de juego. Ya desde pretemporada vimos que le costaba, tratamos de ayudarla. No ha podido tener continuidad. La clave es poder tener un buen d\u00eda a d\u00eda a nivel individual y de grupo, y Alina no ha conseguido tenerlo. Es una pena que no hayamos alcanzado ese rendimiento que otras veces s\u00ed ha aportado\u00bb.<\/p>\n<p class=\"has-text-align-right\">Foto: FEB<\/p>\n<p>\t\t\t\t\t\t<a href=\"https:\/\/www.gigantes.com\/tienda\/hemeroteca\/especial-40-aniversario-gigantes-del-basket-no-1-562-noviembre-2025\/\" target=\"_blank\" rel=\"noopener nofollow\"><br \/>\n\t\t\t\t\t\t\t<img decoding=\"async\" src=\"https:\/\/www.europesays.com\/es\/wp-content\/uploads\/2025\/11\/cropped-40.jpg\" alt=\"cropped-40.jpg\"\/><br \/>\n\t\t\t\t\t\t<\/a><\/p>\n<p class=\"magazine-meta\">\n\t\t\t\t\t\t\t\t\t\t\t\t\t\t\t\t\t1562<br \/>\n\t\t\t\t\t\t\t\t\t\t\t\t\t\t\t\t\t\t\t\t\t\t\t\t\t |<br \/>\n\t\t\t\t\t\t\t\t\t\t\t\t\t\t\t\t\t\t\t\t\t\t\t\t\tNoviembre 2025\n\t\t\t\t\t\t\t\t\t\t\t\t\t\t\t<\/p>\n<p class=\"magazine-description\">Testigos del baloncesto. Cumplimos 40 a\u00f1os. Una edici\u00f3n diferente, llena de curiosidades, opiniones, gui\u00f1os, historia y cari\u00f1o. Cuatro d\u00e9cadas fusionando basket y papel.<\/p>\n<p>\t\t\t\t\t<a href=\"https:\/\/www.gigantes.com\/tienda\/hemeroteca\/especial-40-aniversario-gigantes-del-basket-no-1-562-noviembre-2025\/\" class=\"btn-primary\" target=\"_blank\" rel=\"noopener nofollow\">Comprar<\/a><\/p>\n","protected":false},"excerpt":{"rendered":"El t\u00e9cnico de Valencia Basket habla sobre la rescisi\u00f3n de contrato de la ucraniana tras sus casi dos&hellip;\n","protected":false},"author":2,"featured_media":263515,"comment_status":"","ping_status":"","sticky":false,"template":"","format":"standard","meta":{"footnotes":""},"categories":[269],"tags":[299,298,168,25,24,40492,23,167],"class_list":{"0":"post-263514","1":"post","2":"type-post","3":"status-publish","4":"format-standard","5":"has-post-thumbnail","7":"category-baloncesto","8":"tag-baloncesto","9":"tag-basketball","10":"tag-deportes","11":"tag-es","12":"tag-espana","13":"tag-liga-femenina-endesa","14":"tag-spain","15":"tag-sports"},"share_on_mastodon":{"url":"https:\/\/pubeurope.com\/@es\/115638224089516400","error":""},"_links":{"self":[{"href":"https:\/\/www.europesays.com\/es\/wp-json\/wp\/v2\/posts\/263514","targetHints":{"allow":["GET"]}}],"collection":[{"href":"https:\/\/www.europesays.com\/es\/wp-json\/wp\/v2\/posts"}],"about":[{"href":"https:\/\/www.europesays.com\/es\/wp-json\/wp\/v2\/types\/post"}],"author":[{"embeddable":true,"href":"https:\/\/www.europesays.com\/es\/wp-json\/wp\/v2\/users\/2"}],"replies":[{"embeddable":true,"href":"https:\/\/www.europesays.com\/es\/wp-json\/wp\/v2\/comments?post=263514"}],"version-history":[{"count":0,"href":"https:\/\/www.europesays.com\/es\/wp-json\/wp\/v2\/posts\/263514\/revisions"}],"wp:featuredmedia":[{"embeddable":true,"href":"https:\/\/www.europesays.com\/es\/wp-json\/wp\/v2\/media\/263515"}],"wp:attachment":[{"href":"https:\/\/www.europesays.com\/es\/wp-json\/wp\/v2\/media?parent=263514"}],"wp:term":[{"taxonomy":"category","embeddable":true,"href":"https:\/\/www.europesays.com\/es\/wp-json\/wp\/v2\/categories?post=263514"},{"taxonomy":"post_tag","embeddable":true,"href":"https:\/\/www.europesays.com\/es\/wp-json\/wp\/v2\/tags?post=263514"}],"curies":[{"name":"wp","href":"https:\/\/api.w.org\/{rel}","templated":true}]}}