{"id":263516,"date":"2025-11-30T10:40:11","date_gmt":"2025-11-30T10:40:11","guid":{"rendered":"https:\/\/www.europesays.com\/es\/263516\/"},"modified":"2025-11-30T10:40:11","modified_gmt":"2025-11-30T10:40:11","slug":"flamengo-deja-a-vitor-roque-sin-copa-libertadores","status":"publish","type":"post","link":"https:\/\/www.europesays.com\/es\/263516\/","title":{"rendered":"Flamengo deja a Vitor Roque sin Copa Libertadores"},"content":{"rendered":"<p data-gtm-element-container=\"modulo-texto-link\" class=\"paragraph\"><strong>Flamengo<\/strong> derrot\u00f3 al<strong> Palmeiras de Vitor Roque<\/strong> (0-1) en el Municipal de Lima y conquist\u00f3 su cuarta Copa Libertadores convirti\u00e9ndose en el equipo brasile\u00f1o m\u00e1s laureado de la competici\u00f3n tras los t\u00edtulos logrados en 1981, 2019 y 2022.\u00a0<\/p>\n<p data-gtm-element-container=\"modulo-texto-link\" class=\"paragraph\">Todo un \u00e9xito para<strong> Filipe Luis, <\/strong>que debut\u00f3 como entrenador en septiembre de 2024 y con  \u2018Fla\u2019 tambi\u00e9n ha ganado Copa y Supercopa de Brasil y Campeonato Paulista. Adem\u00e1s, est\u00e1 a un triunfo de conquistar Brasileirao.\u00a0<\/p>\n<p>Sa\u00fal \u00d1\u00edguez emula a Pablo Mar\u00ed<\/p>\n<p data-gtm-element-container=\"modulo-texto-link\" class=\"paragraph\">Filipe Luis tiene a dos ex jugadores, como \u00e9l, del <strong>Atl\u00e9tico Madrid<\/strong>: <strong>Samu Lino, <\/strong>ayer titular, y <strong>Sa\u00fal \u00d1\u00edguez<\/strong>, que aunque no jug\u00f3 es el segundo espa\u00f1ol en ganar la Libertadores tras<strong> Pablo Mar\u00ed<\/strong>  tambi\u00e9n con Flamengo en 2019.<\/p>\n<p data-gtm-element-container=\"modulo-texto-link\" class=\"paragraph\">Flamengo empez\u00f3 la final asumiendo m\u00e1s protagonismo con el bal\u00f3n y al cuarto de hora tuvo dos ocasiones seguidas de <strong>Bruno Henrique y Samu Lino, <\/strong>cuyos disparos no encontraron porter\u00eda.<\/p>\n<p>Vitor Roque, referencia de Palmeiras<\/p>\n<p data-gtm-element-container=\"modulo-texto-link\" class=\"paragraph\">Palmeiras, que aspiraba tambi\u00e9n a su cuarta Libertadores, no llegaba al ataque pero fue ajustando su defensa y dificult\u00f3 ya mucho el juego de Flamengo a la vez que el juego se endureci\u00f3.<\/p>\n<p data-gtm-element-container=\"modulo-texto-link\" class=\"paragraph\"><strong>Vitor Roque,<\/strong> que conect\u00f3 un cabezazo picado que se le fue por encima del larguero (21\u2019), estuvo bien vigilado, pero acab\u00f3 la primera parte entrando m\u00e1s en juego aprovechando los env\u00edos en largo que le llegaron.<\/p>\n<p><strong>Palmeiras:<\/strong>\u00a0Carlos Miguel; Fuchs, Gustavo G\u00f3mez, Murilo (Ram\u00f3n Sosa, 78\u2019); Khellven (Giay, 78\u2019), Allan (Felipe Anderson, 72\u2019)  (Mauricio, 87\u2019), Andreas Pereira, Raphael Veiga (Facundo Torres, 72\u2019), Piquerez; Jos\u00e9 Manuel L\u00f3pez, Vitor Roque<br \/>\u200b<br \/><strong>\u200bFlamengo:<\/strong>\u00a0Rossi; Varela, Danilo, Leo Pereira,  Alex Sandro; Pulgar, Jorginho; Carrascal, De Arrascaeta (Luiz Ara\u00fajo, 80\u2019),  Samu Lino (Everton Cebolinha, 68\u2019); Bruno Henrique (Juninho, 84\u2019)<br \/>\u200b<br \/><strong>\u200bGol:<\/strong> 0-1, Danilo (67\u2019)<\/p>\n<p><strong>\u00c1rbitro:<\/strong> Dar\u00edo Herrera (Argentina). Amarillas a Veiga (13\u2019), De Arrascaeta (26\u2019), Pulgar (30\u2019), Jorginho (38\u2019), Piquerez (56\u2019), Murilo (67\u2019), Mauricio(91\u2019)<\/p>\n<p><strong>Estadio: <\/strong>Monumental de Lima<\/p>\n<p>\n                ver ficha partido\n            <\/p>\n<p data-gtm-element-container=\"modulo-texto-link\" class=\"paragraph\">La segunda mitad fue mucho m\u00e1s abierta, con llegadas a ambas porter\u00edas. De inicio Palmeiras enlaz\u00f3 una jugada en ataque con varios pases como no hab\u00eda hecho antes, aunque un grave error en el pase del central<strong> Murilo<\/strong> propici\u00f3 una clara ocasi\u00f3n de Flamengo.<\/p>\n<p>                <img loading=\"lazy\" decoding=\"async\" data-full-src=\"https:\/\/www.mundodeportivo.com\/uploads\/2025\/11\/30\/692be01b3aced.jpeg\" alt=\"Horizontal\" width=\"449\" height=\"299\" src=\"https:\/\/www.europesays.com\/es\/wp-content\/uploads\/2025\/11\/692be01b3aced.jpeg\" class=\"lazy\"\/><\/p>\n<p class=\"caption-title \">Flamengo celebra su cuarta Libertadores<\/p>\n<p>                    Buda Mendes \/ Getty<\/p>\n<p data-gtm-element-container=\"modulo-texto-link\" class=\"paragraph\"><strong>Gustavo G\u00f3mez\u00a0 la frustr\u00f3<\/strong> interceptando providencialmente el remate <strong>Giorgian De Arrascaeta.<\/strong>\u00a0<\/p>\n<blockquote class=\"twitter-tweet\" data-lang=\"es\"><p>\n<a href=\"https:\/\/twitter.com\/MovistarFutbol\/status\/1994901302594158808\" rel=\"nofollow noopener\" target=\"_blank\">\n<\/p><\/blockquote>\n<p data-gtm-element-container=\"modulo-texto-link\" class=\"paragraph\">No hubo acierto de cara a porter\u00eda hasta el golazo de <strong>Danilo<\/strong> (67\u2019). A sus 34 a\u00f1os, el ex central de <strong>Real Madrid y Manchester City<\/strong>, entre otros, se elev\u00f3 con un potente salto en un c\u00f3rner que bot\u00f3 De Arrascaeta y conect\u00f3 un inapelable cabezazo.<\/p>\n<p>    Lee tambi\u00e9n<\/p>\n<p data-gtm-element-container=\"modulo-texto-link\" class=\"paragraph\">Palmeiras reaccion\u00f3 con car\u00e1cter y apret\u00f3 encerrando a su rival, que se defendi\u00f3 bien y solo concedi\u00f3 un remate cruzado de Murilo que se fue fuera, aunque, en el minuto 87,<strong> Vitor Roque tuvo una clar\u00edsima ocasi\u00f3n <\/strong>cuando envi\u00f3 a las nubes un remate a bocajarro a boca de gol. Al final incluso<strong> Everton Cebolinha<\/strong> acarici\u00f3 el 0-2 con un lanzamiento de falta que <strong>Carlos Miguel <\/strong>desvi\u00f3 al poste.<\/p>\n<p><script async src=\"https:\/\/platform.twitter.com\/widgets.js\" charset=\"utf-8\"><\/script><\/p>\n","protected":false},"excerpt":{"rendered":"Flamengo derrot\u00f3 al Palmeiras de Vitor Roque (0-1) en el Municipal de Lima y conquist\u00f3 su cuarta Copa&hellip;\n","protected":false},"author":2,"featured_media":263517,"comment_status":"","ping_status":"","sticky":false,"template":"","format":"standard","meta":{"footnotes":""},"categories":[268],"tags":[168,25,24,280,282,281,23,167],"class_list":{"0":"post-263516","1":"post","2":"type-post","3":"status-publish","4":"format-standard","5":"has-post-thumbnail","7":"category-futbol","8":"tag-deportes","9":"tag-es","10":"tag-espana","11":"tag-football","12":"tag-futbol","13":"tag-soccer","14":"tag-spain","15":"tag-sports"},"share_on_mastodon":{"url":"https:\/\/pubeurope.com\/@es\/115638228106912705","error":""},"_links":{"self":[{"href":"https:\/\/www.europesays.com\/es\/wp-json\/wp\/v2\/posts\/263516","targetHints":{"allow":["GET"]}}],"collection":[{"href":"https:\/\/www.europesays.com\/es\/wp-json\/wp\/v2\/posts"}],"about":[{"href":"https:\/\/www.europesays.com\/es\/wp-json\/wp\/v2\/types\/post"}],"author":[{"embeddable":true,"href":"https:\/\/www.europesays.com\/es\/wp-json\/wp\/v2\/users\/2"}],"replies":[{"embeddable":true,"href":"https:\/\/www.europesays.com\/es\/wp-json\/wp\/v2\/comments?post=263516"}],"version-history":[{"count":0,"href":"https:\/\/www.europesays.com\/es\/wp-json\/wp\/v2\/posts\/263516\/revisions"}],"wp:featuredmedia":[{"embeddable":true,"href":"https:\/\/www.europesays.com\/es\/wp-json\/wp\/v2\/media\/263517"}],"wp:attachment":[{"href":"https:\/\/www.europesays.com\/es\/wp-json\/wp\/v2\/media?parent=263516"}],"wp:term":[{"taxonomy":"category","embeddable":true,"href":"https:\/\/www.europesays.com\/es\/wp-json\/wp\/v2\/categories?post=263516"},{"taxonomy":"post_tag","embeddable":true,"href":"https:\/\/www.europesays.com\/es\/wp-json\/wp\/v2\/tags?post=263516"}],"curies":[{"name":"wp","href":"https:\/\/api.w.org\/{rel}","templated":true}]}}