{"id":263520,"date":"2025-11-30T10:42:11","date_gmt":"2025-11-30T10:42:11","guid":{"rendered":"https:\/\/www.europesays.com\/es\/263520\/"},"modified":"2025-11-30T10:42:11","modified_gmt":"2025-11-30T10:42:11","slug":"las-imagenes-han-dejado-de-significar-que-algo-era-real-bienvenidos-a-la-era-de-la-duda-visual-permanente","status":"publish","type":"post","link":"https:\/\/www.europesays.com\/es\/263520\/","title":{"rendered":"Las im\u00e1genes han dejado de significar que algo era real. Bienvenidos a la era de la duda visual permanente"},"content":{"rendered":"<p>Hubo un momento, seguramente hace menos de un a\u00f1o, en el que viste una imagen en Internet y simplemente la cre\u00edste. No te paraste a analizarla, ni a buscar su contexto. No pensaste \u00ab\u00bfser\u00e1 real?\u00bb, simplemente la procesaste como informaci\u00f3n, y p&#8217;alante.<\/p>\n<p><strong>Ese momento no va a volver<\/strong>.<\/p>\n<p>Ya no hablamos de deepfakes muy currados que enga\u00f1an a alg\u00fan periodista (de aquello <a class=\"text-outboundlink\" href=\"https:\/\/www.xataka.com\/robotica-e-ia\/deepfakes-tendremos-problema-verdad-videos-serviran-como-pruebas\" data-vars-post-title=\"Con los deepfakes tendremos un problema con la verdad: ni los v\u00eddeos servir\u00e1n como pruebas \" data-vars-post-url=\"https:\/\/www.xataka.com\/robotica-e-ia\/deepfakes-tendremos-problema-verdad-videos-serviran-como-pruebas\" rel=\"nofollow noopener\" target=\"_blank\">ya advertimos hace siete a\u00f1azos<\/a>). Hablamos de algo much\u00edsimo m\u00e1s banal y por eso mismo m\u00e1s devastador:<\/p>\n<ul>\n<li value=\"1\">Tu cu\u00f1ado puede crear en tres segundos una foto en la que sales t\u00fa, completamente borracho, en una despedida de soltero a la que nunca fuiste.<\/li>\n<li value=\"2\">Tu ex puede fabricar una foto tuya en una actitud que jam\u00e1s tuviste.<\/li>\n<li value=\"3\">Un alumno puede generar una imagen comprometedora de su profesor en el tiempo que dura la transici\u00f3n entre clase y clase.<\/li>\n<\/ul>\n<p>La pregunta ya no es si la tecnolog\u00eda es lo suficientemente buena. Es perfecta, lo estamos viendo con varias herramientas y con el reci\u00e9n lanzado <a class=\"text-outboundlink\" href=\"https:\/\/www.xataka.com\/basics\/como-convertir-cualquier-foto-tuya-personaje-stranger-things-usando-nano-banana\" data-vars-post-title=\"C\u00f3mo convertir cualquier foto tuya en un personaje de Stranger Things usando Nano Banana\" data-vars-post-url=\"https:\/\/www.xataka.com\/basics\/como-convertir-cualquier-foto-tuya-personaje-stranger-things-usando-nano-banana\" rel=\"nofollow noopener\" target=\"_blank\">Nano Banana Pro<\/a> a la cabeza. De hecho, <strong>es demasiado perfect<\/strong><strong>a<\/strong>. Y quiz\u00e1s por primera vez, la perfecci\u00f3n t\u00e9cnica ha llegado antes que la social.<\/p>\n<p>\u00bfQui\u00e9n es capaz de ver la foto de la derecha y asumir que en realidad no existen ni la mujer ni el camarero ni el bar?<\/p>\n<p>                    <a rel=\"noopener, noreferrer nofollow\" href=\"https:\/\/x.com\/immasiddx\/status\/1992979078220263720\"><br \/>\n         <img class=\"centro_sinmarco\" height=\"567\" width=\"591\" loading=\"lazy\" decoding=\"async\"  fetchpriority=\"high\"  src=\"https:\/\/www.europesays.com\/es\/wp-content\/uploads\/2025\/11\/1764499330_292_450_1000.png\" alt=\"nano banana pro\"\/><\/p>\n<p>     <\/a><\/p>\n<p>Vamos a <strong>tener que aprender a hacer algo distinto a lo que llevamos haciendo toda nuestra vida<\/strong>: aprender a no poder confiar en nuestros ojos.<\/p>\n<p>Toda nuestra epistemolog\u00eda \u2013desde el testimonio judicial hasta los \u00e1lbumes de fotos familiares\u2013 descansa sobre <strong>un principio simple: ver es una forma de saber<\/strong>. No perfecta, pero suficiente:<\/p>\n<ul>\n<li value=\"1\">Durante 300.000 a\u00f1os de evoluci\u00f3n humana, si ve\u00edas un tigre, hab\u00eda un tigre.<\/li>\n<li value=\"2\">Durante 199 a\u00f1os de fotograf\u00eda, si ve\u00edas una imagen de un tigre, alguien hab\u00eda estado cerca de un tigre.<\/li>\n<\/ul>\n<p><strong>Esa cadena acaba de romperse<\/strong>. Y no se rompe poco a poco, con advertencias y per\u00edodo de adaptaci\u00f3n. Se rompe de golpe, un martes cualquiera, cuando descubres que la foto viral que compartiste era falsa y te la comiste sin dudar. O peor: cuando descubres que todos han asumido que la foto real que compartiste en realidad es falsa.<\/p>\n<p>Lo que estamos perdiendo no es la capacidad de distinguir lo real de lo falso. Eso hace mucho que se complic\u00f3. Lo que estamos perdiendo es algo m\u00e1s primario: la posibilidad de operar bajo el supuesto de que lo visual es, por defecto, un punto de partida razonable.<\/p>\n<p>Ah\u00ed est\u00e1 la trampa. Durante una d\u00e9cada <a class=\"text-outboundlink\" href=\"https:\/\/www.xataka.com\/legislacion-y-derechos\/verificar-informacion-internet-tiempos-fakes-news-problema-que-facebook-google-van-a-resolver\" data-vars-post-title=\"Verificar informaci\u00f3n de internet en tiempos de las \u2018fake news\u2019: un problema que ni Facebook ni Google van a resolver\" data-vars-post-url=\"https:\/\/www.xataka.com\/legislacion-y-derechos\/verificar-informacion-internet-tiempos-fakes-news-problema-que-facebook-google-van-a-resolver\" rel=\"nofollow noopener\" target=\"_blank\">nos obsesionamos con las fake news<\/a>. Nos preocupaban los bots rusos, las granjas de trolls o la desinformaci\u00f3n organizada. <strong>Todo eso era industrial<\/strong>. Costaba mucho dinero, dejaba huellas y requer\u00eda coordinaci\u00f3n.<\/p>\n<p><strong>Lo que trae Nano Banana Pro es distinto<\/strong>. Es desinformaci\u00f3n artesanal, de andar por casa. No necesitas un gobierno autoritario ni un presupuesto detr\u00e1s. Solo necesitas un smartphone, el que sea.<\/p>\n<p>La desinformaci\u00f3n industrial pod\u00edamos combatirla con <a class=\"text-outboundlink\" href=\"https:\/\/www.xataka.com\/magnet\/sirve-fact-checking-que-democracia-puede-sobrevivir-desmentir-dato-falso\" data-vars-post-title=\"\u00bfPara qu\u00e9 sirve un fact-checking? Por qu\u00e9 la democracia puede sobrevivir sin desmentir un dato falso\" data-vars-post-url=\"https:\/\/www.xataka.com\/magnet\/sirve-fact-checking-que-democracia-puede-sobrevivir-desmentir-dato-falso\" rel=\"nofollow noopener\" target=\"_blank\">fact-checkers<\/a> y alfabetizaci\u00f3n en los medios. \u00bfC\u00f3mo combates que cada persona sea ahora una imprenta de realidades alternativas? \u00bfC\u00f3mo verificas 10.000 millones de im\u00e1genes diarias?<\/p>\n<p>No puedes.<\/p>\n<p>    <a href=\"https:\/\/www.xataka.com\/robotica-e-ia\/ia-nos-esta-convirtiendo-editores-nosotros-mismos-aprobamos-que-no-sabemos-crear\" class=\"pivot-outboundlink\" data-vars-post-title=\"La IA est\u00e1 transformando la relaci\u00f3n que tenemos con nuestras propias ideas: ya no creamos, solo nos &quot;editamos&quot;\" rel=\"nofollow noopener\" target=\"_blank\"><br \/>\n     <img loading=\"lazy\" decoding=\"async\" alt=\"La IA est\u00e1 transformando la relaci\u00f3n que tenemos con nuestras propias ideas: ya no creamos, solo nos &quot;editamos&quot;\" width=\"375\" height=\"142\" src=\"https:\/\/www.europesays.com\/es\/wp-content\/uploads\/2025\/11\/1764499330_499_375_142.jpeg\"\/><br \/>\n    <\/a><\/p>\n<p>La consecuencia menos obvia es la m\u00e1s devastadora: vamos a suplicar que nos pongan un candado al lado de nuestras fotos reales. Si cualquiera puede fabricar cualquier imagen, solo importar\u00e1n las que tengan certificaci\u00f3n verificable. Metadatos cifrados, cadena de custodia digital, sellos de autenticidad institucional. Lo que sea, pero algo. La foto sin sello ser\u00e1 sospechosa por defecto.<\/p>\n<p>\u00bfQui\u00e9n va a ofrecer esa certificaci\u00f3n? Google, Meta, Apple, quiz\u00e1s los gobiernos. Las \u00fanicas instituciones con recursos para verificar a esa escala. Vamos a pagarles por algo que durante dos siglos ha sido gratis: la presunci\u00f3n de que lo fotografiado existi\u00f3. Porque la alternativa \u2013un mundo donde nadie puede estar seguro de nada\u2013 es sencillamente invivible.<\/p>\n<p>Pero <strong>lo peor no es perder la confianza en las im\u00e1genes. Es perder la confianza en la memoria<\/strong>. Tu cerebro no almacena experiencias, almacena reconstrucciones. Y cada vez que recuerdas algo, lo reconstruyes con ayuda de fragmentos: olores, emociones, im\u00e1genes. Las fotograf\u00edas han sido durante d\u00e9cadas muletas de la memoria. Consolidaban el resto del recuerdo.<\/p>\n<p>Y luego est\u00e1 <strong>el agotamiento<\/strong>. Cada imagen que ves ahora requiere una peque\u00f1a evaluaci\u00f3n. \u00bfEs real? \u00bfLa verifico antes de compartirla? \u00bfQuedar\u00e9 como un tolili si la env\u00edo al grupo? Otra pesta\u00f1a m\u00e1s para nuestra CPU interna.<\/p>\n<p>    <a href=\"https:\/\/www.xataka.com\/magnet\/comer-frente-a-pantalla-no-mania-moderna-nuevo-ritual-social\" class=\"pivot-outboundlink\" data-vars-post-title=\"Comer frente a una pantalla no es una man\u00eda moderna: es el nuevo ritual social\" rel=\"nofollow noopener\" target=\"_blank\"><br \/>\n     <img loading=\"lazy\" decoding=\"async\" alt=\"Comer frente a una pantalla no es una man\u00eda moderna: es el nuevo ritual social\" width=\"375\" height=\"142\" src=\"https:\/\/www.europesays.com\/es\/wp-content\/uploads\/2025\/11\/1764499331_590_375_142.jpeg\"\/><br \/>\n    <\/a><\/p>\n<p>Nuestros padres nunca tuvieron que hacer este trabajo cognitivo. <strong>Nosotros vamos a pasarnos el resto de nuestras vidas en modo sospecha<\/strong>. No por c\u00ednicos, sino por racionales.<\/p>\n<p>Esa sospecha permanente tiene un coste. En atenci\u00f3n, en energ\u00eda mental. Quiz\u00e1s en capacidad de asombro. En la posibilidad de ver algo extraordinario y simplemente creerlo. Ya nunca m\u00e1s. Dif\u00edcilmente hay soluci\u00f3n para esto:<\/p>\n<ul>\n<li value=\"1\"><strong>No puedes entrenar una IA que detecte im\u00e1genes generadas por IA<\/strong> de forma perfecta: es una carrera armament\u00edstica infinita. Cada detector mejora los generadores. Cada generador mejora los detectores. Cada muro m\u00e1s alto es un incentivo para alargar la p\u00e9rtiga.<\/li>\n<li value=\"2\"><strong>No puedes educar a la gente para que \u00abpiense cr\u00edticamente\u00bb <\/strong>sobre cada una de las miles de im\u00e1genes que procesa al d\u00eda. No tenemos ancho de banda.<\/li>\n<li value=\"3\"><strong>Y n<\/strong><strong>o puedes legislar el problema<\/strong> porque la tecnolog\u00eda es m\u00e1s r\u00e1pida que la ley y m\u00e1s accesible que cualquier prohibici\u00f3n.<\/li>\n<\/ul>\n<p><strong>Lo \u00fanico que queda es adaptaci\u00f3n<\/strong>. Cultural y psicol\u00f3gica.<\/p>\n<p>Nuestros abuelos confiaban en lo que ve\u00edan. Nosotros confi\u00e1bamos en lo fotografiado.<strong> Nuestros hijos no van a confiar en nada que no venga certificado<\/strong>. Quiz\u00e1s el blockchain tambi\u00e9n se invent\u00f3 para esto.<\/p>\n<p>Y <strong>cuando todo necesita verificaci\u00f3n, nada puede ser espont\u00e1neo<\/strong>. Cuando toda imagen es sospechosa, ninguna es memorable. Cuando la realidad requiere autenticaci\u00f3n constante, dejamos de habitarla con naturalidad.<\/p>\n<p>La fotograf\u00eda muri\u00f3 el d\u00eda que se volvi\u00f3 indistinguible de la imaginaci\u00f3n. Seguiremos haciendo fotos y seguiremos vi\u00e9ndolas. Pero <strong>ya no har\u00e1n lo que hicieron durante dos siglos: decirnos qu\u00e9 fue real<\/strong>.<\/p>\n<p>Bienvenidos a la era de la duda visual permanente.<\/p>\n<p>En Xataka |\u00a0<a class=\"text-outboundlink\" href=\"https:\/\/www.xataka.com\/magnet\/hay-generacion-trabajando-gratis-como-documentalista-su-propia-vida-no-influencers-actuan-como-fueran\" data-vars-post-title=\"Hay una generaci\u00f3n trabajando gratis como documentalista de su propia vida: no son influencers pero act\u00faan como si lo fueran\" data-vars-post-url=\"https:\/\/www.xataka.com\/magnet\/hay-generacion-trabajando-gratis-como-documentalista-su-propia-vida-no-influencers-actuan-como-fueran\" rel=\"nofollow noopener\" target=\"_blank\">Hay una generaci\u00f3n trabajando gratis como documentalista de su propia vida: no son influencers pero act\u00faan como si lo fueran<\/a><\/p>\n<p>Imagen destacada | <a rel=\"noopener, noreferrer nofollow\" href=\"https:\/\/x.com\/immasiddx\">immasidx<\/a><\/p>\n","protected":false},"excerpt":{"rendered":"Hubo un momento, seguramente hace menos de un a\u00f1o, en el que viste una imagen en Internet y&hellip;\n","protected":false},"author":2,"featured_media":263521,"comment_status":"","ping_status":"","sticky":false,"template":"","format":"standard","meta":{"footnotes":""},"categories":[173],"tags":[229,233,231,230,232,234,146,147,25,24,23],"class_list":{"0":"post-263520","1":"post","2":"type-post","3":"status-publish","4":"format-standard","5":"has-post-thumbnail","7":"category-arte-y-diseno","8":"tag-arte","9":"tag-arte-y-diseno","10":"tag-arts","11":"tag-arts-and-design","12":"tag-design","13":"tag-diseno","14":"tag-entertainment","15":"tag-entretenimiento","16":"tag-es","17":"tag-espana","18":"tag-spain"},"share_on_mastodon":{"url":"https:\/\/pubeurope.com\/@es\/115638235772916231","error":""},"_links":{"self":[{"href":"https:\/\/www.europesays.com\/es\/wp-json\/wp\/v2\/posts\/263520","targetHints":{"allow":["GET"]}}],"collection":[{"href":"https:\/\/www.europesays.com\/es\/wp-json\/wp\/v2\/posts"}],"about":[{"href":"https:\/\/www.europesays.com\/es\/wp-json\/wp\/v2\/types\/post"}],"author":[{"embeddable":true,"href":"https:\/\/www.europesays.com\/es\/wp-json\/wp\/v2\/users\/2"}],"replies":[{"embeddable":true,"href":"https:\/\/www.europesays.com\/es\/wp-json\/wp\/v2\/comments?post=263520"}],"version-history":[{"count":0,"href":"https:\/\/www.europesays.com\/es\/wp-json\/wp\/v2\/posts\/263520\/revisions"}],"wp:featuredmedia":[{"embeddable":true,"href":"https:\/\/www.europesays.com\/es\/wp-json\/wp\/v2\/media\/263521"}],"wp:attachment":[{"href":"https:\/\/www.europesays.com\/es\/wp-json\/wp\/v2\/media?parent=263520"}],"wp:term":[{"taxonomy":"category","embeddable":true,"href":"https:\/\/www.europesays.com\/es\/wp-json\/wp\/v2\/categories?post=263520"},{"taxonomy":"post_tag","embeddable":true,"href":"https:\/\/www.europesays.com\/es\/wp-json\/wp\/v2\/tags?post=263520"}],"curies":[{"name":"wp","href":"https:\/\/api.w.org\/{rel}","templated":true}]}}