{"id":263522,"date":"2025-11-30T10:44:10","date_gmt":"2025-11-30T10:44:10","guid":{"rendered":"https:\/\/www.europesays.com\/es\/263522\/"},"modified":"2025-11-30T10:44:10","modified_gmt":"2025-11-30T10:44:10","slug":"bailando-con-las-estrellas-firma-un-124-con-su-edicion-de-2025-muy-por-encima-de-la-media-de-telecinco","status":"publish","type":"post","link":"https:\/\/www.europesays.com\/es\/263522\/","title":{"rendered":"&#8216;Bailando con las estrellas&#8217; firma un 12,4% con su edici\u00f3n de 2025, muy por encima de la media de Telecinco"},"content":{"rendered":"<p>\n\t\t  Por <b>Sergio Navarro<\/b> |\u00a0<br \/>\n\t\t  Publicado: <b>Domingo 30 Noviembre 2025 10:50 (hace 54 minutos)<\/b>\n\t\t  \t\t<\/p>\n<p>Tras una exitosa edici\u00f3n de &#8216;<a href=\"https:\/\/www.formulatv.com\/programas\/bailando-con-las-estrellas\/\" rel=\"nofollow noopener\" target=\"_blank\">Bailando con las estrellas<\/a>&#8216; en 2018 emitida en La 1, Telecinco adquir\u00eda la marca para ofrecer la segunda en 2024. Funcion\u00f3 bien en audiencias con una media de 958.000 espectadores y un 10,8%, por lo que la principal cadena de <b>Mediaset no dud\u00f3 en renovarlo por lo que ser\u00eda la tercera edici\u00f3n<\/b>. Tras 12 entregas emitidas de septiembre a noviembre de 2025, la final ha proclamado a <a href=\"https:\/\/www.formulatv.com\/personas\/jorge-gonzalez\/\" rel=\"nofollow noopener\" target=\"_blank\">Jorge Gonz\u00e1lez<\/a> como ganador de la edici\u00f3n.<\/p>\n<p>Esta temporada emitida en 2025 ha bajado ligeramente el n\u00famero de espectadores, firmando una media de 921.000, aunque s\u00ed que crece en cuota de pantalla. Con su 12,4%, no solo supera a la edici\u00f3n anterior en Telecinco, sino que<b> tambi\u00e9n se impone al 11,9% que cosech\u00f3 de media la primera edici\u00f3n en La 1<\/b>.<\/p>\n<p><img loading=\"lazy\" class=\"stpi\" alt=\"Nerea Rodr\u00edguez y Gen\u00eds Betrian en 'Bailando con las estrellas'\" src=\"https:\/\/www.europesays.com\/es\/wp-content\/uploads\/2025\/11\/1_osm6P8vU1t2ikzF7qeNaLHJEoc4Bgx903.jpg\" width=\"2000\" height=\"1200\"   decoding=\"async\"\/>Nerea Rodr\u00edguez y Gen\u00eds Betrian en &#8216;Bailando con las estrellas&#8217;Los m\u00e1ximos y el m\u00ednimo<\/p>\n<p>El m\u00e1ximo de edici\u00f3n lo encontramos en dos entregas distintas, seg\u00fan c\u00f3mo lo midamos. Si nos fijamos en la cuota de pantalla, lo encontramos en la entrega de estreno del 13 de septiembre, con un 14,5% de share. En cuanto al n\u00famero de espectadores,<b> ha sobrepasado en tres ocasiones el mill\u00f3n de espectadores<\/b>, siendo la cifra m\u00e1s alta la del 30 de noviembre, el d\u00eda de su gala final, <b>con 1.092.000<\/b>.<\/p>\n<p>Respecto al m\u00ednimo de temporada, solo ha habido una ocasi\u00f3n en la que bajara del doble d\u00edgito y de los 800.000 espectadores. Se trata de la emitida el festivo 1 de noviembre, con la repesca de <a href=\"https:\/\/www.formulatv.com\/personas\/sara-escudero\/\" rel=\"nofollow noopener\" target=\"_blank\">Sara Escudero<\/a> y Rub\u00e9n Rodr\u00edguez. En esa ocasi\u00f3n, <b>el talent de baile apunt\u00f3 un 9,5% y reuni\u00f3 a 731.000 espectadores<\/b> frente al televisor. <\/p>\n<tr class=\"tdessup\">\n<td colspan=\"4\" style=\"text-align:center; background:#1adaf4; color:white; font-weight:bold;\">Audiencias de &#8216;Bailando con las estrellas 2025&#8217;, en Telecinco<\/td>\n<\/tr>\n<tr class=\"tdessup\">\n<td style=\"background:#cccccc; color:black;\">N\u00ba de programa<\/td>\n<td style=\"background:#cccccc; color:black;\">Fecha<\/td>\n<td style=\"background:#cccccc; color:black;\">Espectadores<\/td>\n<td style=\"background:#cccccc; color:black;\">Share<\/td>\n<\/tr>\n<tr>\n<td>Programa 1<\/td>\n<td>13\/09\/2025<\/td>\n<td>954.000<\/td>\n<td>14,5%<\/td>\n<\/tr>\n<tr>\n<td>Programa 2<\/td>\n<td>20\/09\/2025<\/td>\n<td>859.000<\/td>\n<td>12,4%<\/td>\n<\/tr>\n<tr>\n<td>Programa 3<\/td>\n<td>27\/09\/2025<\/td>\n<td>903.000<\/td>\n<td>12,2%<\/td>\n<\/tr>\n<tr>\n<td>Programa 4<\/td>\n<td>04\/10\/2025<\/td>\n<td>913.000<\/td>\n<td>12,4%<\/td>\n<\/tr>\n<tr>\n<td>Programa 5<\/td>\n<td>11\/10\/2025<\/td>\n<td>1.003.000<\/td>\n<td>14%<\/td>\n<\/tr>\n<tr>\n<td>Programa 6<\/td>\n<td>18\/10\/2025<\/td>\n<td>997.000<\/td>\n<td>13,4%<\/td>\n<\/tr>\n<tr>\n<td>Programa 7<\/td>\n<td>25\/10\/2025<\/td>\n<td>1.005.000<\/td>\n<td>12,8%<\/td>\n<\/tr>\n<tr>\n<td>Programa 8<\/td>\n<td>01\/11\/2025<\/td>\n<td>731.000<\/td>\n<td>9,5%<\/td>\n<\/tr>\n<tr>\n<td>Programa 9<\/td>\n<td>08\/11\/2025<\/td>\n<td>827.000<\/td>\n<td>10,9%<\/td>\n<\/tr>\n<tr>\n<td>Programa 10<\/td>\n<td>15\/11\/2025<\/td>\n<td>828.000<\/td>\n<td>10,5%<\/td>\n<\/tr>\n<tr>\n<td>Programa 11<\/td>\n<td>22\/11\/2025<\/td>\n<td>934.000<\/td>\n<td>12%<\/td>\n<\/tr>\n<tr>\n<td>Programa 12<\/td>\n<td>29\/11\/2025<\/td>\n<td>1.092.000<\/td>\n<td>14%<\/td>\n<\/tr>\n<tr>\n<td style=\"background:#cccccc;\">Media<\/td>\n<td style=\"background:#cccccc;\">Septiembre &#8211; Noviembre<\/td>\n<td style=\"background:#cccccc;\">921.000<\/td>\n<td style=\"background:#cccccc;\">12,4%<\/td>\n<\/tr>\n<p>Casi 4 puntos por encima de la media de Telecinco<\/p>\n<p>Estos <b>datos que firma el talent de baile son todo un \u00e9xito para el Telecinco actual<\/b>. Las entregas emitidas en septiembre promedian un 13%, siendo la media de la cadena ese mes de un 9,2%; se repite la diferencia en octubre, con un 13,2% para el programa mientras que Telecinco firma un 9,4% de media. Por \u00faltimo, en noviembre promedia un 11,4%, mientras que la media mensual est\u00e1, a falta de un d\u00eda para completar el mes, en un 9%.<\/p>\n<p><img loading=\"lazy\" class=\"stpi\" alt=\"Anabel Pantoja y \u00c1lvaro Cuenca en 'Bailando con las estrellas'\" src=\"https:\/\/www.europesays.com\/es\/wp-content\/uploads\/2025\/11\/2_osm6P8vU1t2ikzF7qeNaLHJEoc4Bgx903.jpg\" width=\"2000\" height=\"1200\"   decoding=\"async\"\/>Anabel Pantoja y \u00c1lvaro Cuenca en &#8216;Bailando con las estrellas&#8217;Una noche con fuerte competencia<\/p>\n<p>La edici\u00f3n de 2025 de &#8216;Bailando con las estrellas&#8217;<b> arranc\u00f3 fuerte, liderando en sus cinco primeras semanas<\/b>, teniendo al frente cine de La 1 y de Cuatro, &#8216;<a href=\"https:\/\/www.formulatv.com\/programas\/emparejados\/\" rel=\"nofollow noopener\" target=\"_blank\">Emparejados<\/a>&#8216; en Antena 3 y &#8216;<a href=\"https:\/\/www.formulatv.com\/programas\/lasexta-noche\/\" rel=\"nofollow noopener\" target=\"_blank\">laSexta Xplica!<\/a>&#8216; en laSexta. A partidr de la sexta semana, Antena 3 lanza nuevas entregas de <a href=\"https:\/\/www.formulatv.com\/programas\/la-ruleta-de-la-suerte\/\" rel=\"nofollow noopener\" target=\"_blank\">La ruleta de la suerte<\/a> y aunque el talent de baile lidere en cuota, ya deja de ser lo m\u00e1s visto. <\/p>\n<p>A partir de la octava entrega, &#8216;Bailando&#8217; pasa a ser lo tercero m\u00e1s visto de la noche (por detr\u00e1s de &#8216;La ruleta&#8217; y el cine de La 1) y <b>en la d\u00e9cima entrega ya cae a cuarta posici\u00f3n<\/b>, tras &#8216;La ruleta&#8217;, el cine de Cuatro y el especial &#8217;50 a\u00f1os del Gran Cambio&#8217; en La 1, aunque s\u00ed que mantuviese el 2\u00ba share m\u00e1s alto. En su semifinal, recupera el liderazgo en cuota, aunque se queda como lo segundo m\u00e1s visto tras el concurso de Antena 3.<\/p>\n","protected":false},"excerpt":{"rendered":"Por Sergio Navarro |\u00a0 Publicado: Domingo 30 Noviembre 2025 10:50 (hace 54 minutos) Tras una exitosa edici\u00f3n de&hellip;\n","protected":false},"author":2,"featured_media":263523,"comment_status":"","ping_status":"","sticky":false,"template":"","format":"standard","meta":{"footnotes":""},"categories":[171],"tags":[146,147,25,24,23,214],"class_list":{"0":"post-263522","1":"post","2":"type-post","3":"status-publish","4":"format-standard","5":"has-post-thumbnail","7":"category-tv","8":"tag-entertainment","9":"tag-entretenimiento","10":"tag-es","11":"tag-espana","12":"tag-spain","13":"tag-tv"},"share_on_mastodon":{"url":"https:\/\/pubeurope.com\/@es\/115638243831876727","error":""},"_links":{"self":[{"href":"https:\/\/www.europesays.com\/es\/wp-json\/wp\/v2\/posts\/263522","targetHints":{"allow":["GET"]}}],"collection":[{"href":"https:\/\/www.europesays.com\/es\/wp-json\/wp\/v2\/posts"}],"about":[{"href":"https:\/\/www.europesays.com\/es\/wp-json\/wp\/v2\/types\/post"}],"author":[{"embeddable":true,"href":"https:\/\/www.europesays.com\/es\/wp-json\/wp\/v2\/users\/2"}],"replies":[{"embeddable":true,"href":"https:\/\/www.europesays.com\/es\/wp-json\/wp\/v2\/comments?post=263522"}],"version-history":[{"count":0,"href":"https:\/\/www.europesays.com\/es\/wp-json\/wp\/v2\/posts\/263522\/revisions"}],"wp:featuredmedia":[{"embeddable":true,"href":"https:\/\/www.europesays.com\/es\/wp-json\/wp\/v2\/media\/263523"}],"wp:attachment":[{"href":"https:\/\/www.europesays.com\/es\/wp-json\/wp\/v2\/media?parent=263522"}],"wp:term":[{"taxonomy":"category","embeddable":true,"href":"https:\/\/www.europesays.com\/es\/wp-json\/wp\/v2\/categories?post=263522"},{"taxonomy":"post_tag","embeddable":true,"href":"https:\/\/www.europesays.com\/es\/wp-json\/wp\/v2\/tags?post=263522"}],"curies":[{"name":"wp","href":"https:\/\/api.w.org\/{rel}","templated":true}]}}