{"id":263526,"date":"2025-11-30T10:46:12","date_gmt":"2025-11-30T10:46:12","guid":{"rendered":"https:\/\/www.europesays.com\/es\/263526\/"},"modified":"2025-11-30T10:46:12","modified_gmt":"2025-11-30T10:46:12","slug":"peliculas-que-podras-ver-en-plataformas-en-diciembre","status":"publish","type":"post","link":"https:\/\/www.europesays.com\/es\/263526\/","title":{"rendered":"Pel\u00edculas que podr\u00e1s ver en plataformas en diciembre"},"content":{"rendered":"<p>Madrid (EFE).- El mes de diciembre trae pel\u00edculas a las plataformas de v\u00eddeo bajo demanda como \u2018Romer\u00eda\u2019, de Carla Sim\u00f3n, \u2018La trama fenicia\u2019, de Wes Anderson, y por supuesto t\u00edtulos propios del \u00faltimo mes del a\u00f1o como \u2018La Navidad en sus manos 2\u2019, con Santiago Segura y Ernesto Sevilla.<\/p>\n<p><img data-recalc-dims=\"1\" fetchpriority=\"high\" decoding=\"async\" width=\"900\" height=\"600\" src=\"https:\/\/www.europesays.com\/es\/wp-content\/uploads\/2025\/11\/peliculas-plataformas-diciembre-4.webp\" alt=\"Fotograma de la pel\u00edcula 'Romer\u00eda'.\" class=\"wp-image-2322365\"  \/>Fotograma de la pel\u00edcula \u2018Romer\u00eda\u2019. EFE\/ El\u00e1stica Films <\/p>\n<p>\u2018Los Rose\u2019 (Disney+, 3 de diciembre)<\/p>\n<p>Benedict Cumberbatch y Olivia Colman son ahora el matrimonio que encarnaron Michael Douglas y Kathleen Turner en 1989 en \u2018La guerra de los Rose\u2019. Una pareja en apariencia exitosa y feliz con hijos ideales que vive una tormenta de ambiciones laborales y resentimientos ocultos.<\/p>\n<p>Si la cl\u00e1sica comedia negra estuvo dirigida por Danny DeVito, que tambi\u00e9n tuvo un papel, ahora es el turno de Jay Roach (\u2018Austin Powers\u2019) al frente de una producci\u00f3n brit\u00e1nico-estadounidense.<\/p>\n<p>\u2018La Navidad en sus manos 2\u2019 (Netflix, 5 de diciembre)<\/p>\n<p>Dirigida por Joaqu\u00edn Maz\u00f3n (\u2018El casopl\u00f3n\u2019), en esta pel\u00edcula Pap\u00e1 Noel (Santiago Segura) ha ca\u00eddo en las garras de una empresa de juguetes desalmada y la Navidad corre peligro. Salva \u2014un exladr\u00f3n que ahora intenta ser un buen padre\u2014 (Ernesto Sevilla) y su hijo adolescente solo tienen una noche para urdir un plan, plantar cara a unos ins\u00f3litos malvados y revivir la magia de la Navidad.<\/p>\n<p>\u2018La familia McMullen\u2019 (HBO Max, 5 de diciembre)<\/p>\n<p>Treinta a\u00f1os despu\u00e9s de que \u2018Los hermanos McMullen\u2019 ganara el Gran Premio del Jurado en el Festival de Cine de Sundance con su exploraci\u00f3n de las vidas y las dificultades de tres hermanos irlandeses-estadounidenses de Long Island, Nueva York, la familia regresa en esta secuela dirigida y protagonizada tambi\u00e9n por Edward Burns.<\/p>\n<p>La nueva pel\u00edcula narra las relaciones del ahora en la cincuentena Barry McMullen (Burns) y sus hijos veintea\u00f1eros, as\u00ed como las de su hermano Patrick (Michael McGlone) y su cu\u00f1ada viuda Molly (Connie Britton), cada uno de los cuales se enfrenta a sus propios e inesperados obst\u00e1culos sentimentales.<\/p>\n<p>\u2018La Trama Fenicia\u2019 (SkyShowtime, 10 de diciembre)<\/p>\n<p>El reconocido cineasta Wes Anderson (\u2018El Gran Hotel Budapest\u2019) vuelve a reunir a un extraordinario reparto en su nueva pel\u00edcula. <\/p>\n<p>En esta comedia negra, un padre y una hija intentan dirigir el negocio familiar en un mar de decisiones moralmente dudosas. Los personajes extravagantes, la simetr\u00eda y los colores pastel caracter\u00edsticos de Anderson brillan en esta obra coral protagonizada por Benicio Del Toro, Tom Hanks, Scarlett Johansson, Bryan Cranston, Benedict Cumberbatch y Michael Cera.<\/p>\n<p><img loading=\"lazy\" data-recalc-dims=\"1\" decoding=\"async\" width=\"900\" height=\"656\" src=\"https:\/\/www.europesays.com\/es\/wp-content\/uploads\/2025\/11\/peliculas-plataformas-diciembre-1.webp\" alt=\"El director de cine Wes Anderson.\" class=\"wp-image-2322347\"  \/>El director de cine Wes Anderson. EFE\/EPA\/Claudio Onorati<\/p>\n<p>\u2018Pu\u00f1ales por la espalda: De entre los muertos\u2019 (Netflix, 12 de diciembre)<\/p>\n<p>Tercera entrega de la franquicia detectivesca protagonizada por el actor brit\u00e1nico Daniel Craig y dirigida, como en las dos ocasiones anteriores, por el estadounidense Rian Johnson. Craig retoma el papel del exc\u00e9ntrico detective Benoit Blanc y se traslada hasta el tranquilo pueblo de Chimney Rock para resolver un caso que oscila entre lo espiritual y lo terrenal y, a priori, parece carente de explicaci\u00f3n l\u00f3gica.<\/p>\n<p>\u2018D\u00edmelo bajito\u2019 (Prime Video, 12 de diciembre)<\/p>\n<p>Basada en la primera novela de la saga \u2018D\u00edmelo\u2019 (\u2018D\u00edmelo bajito\u2019, \u2018D\u00edmelo en secreto\u2019, \u2018D\u00edmelo con besos\u2019) de Mercedes Ron, la pel\u00edcula est\u00e1 protagonizada por Alicia Falc\u00f3 (\u2018Las buenas compa\u00f1\u00edas\u2019), Fernand o L\u00edndez (\u2018\u00c9lite\u2019) y Diego Vidales (\u2018Nudes\u2019) que interpretan los papeles de Kami, Thiago y Taylor, respectivamente.<\/p>\n<p>Seg\u00fan la sinopsis, \u00abKamila Hamilton lo ten\u00eda todo bajo control\u2026 o eso pensaba: no estaba en sus planes que los hermanos Di Bianco volvieran de nuevo a darle la vuelta a su mundo. Hace 7 a\u00f1os Thiago fue el que le dio su primer beso. Y Taylor, el que siempre la protegi\u00f3\u00bb.<\/p>\n<p><img loading=\"lazy\" data-recalc-dims=\"1\" decoding=\"async\" width=\"900\" height=\"600\" src=\"https:\/\/www.europesays.com\/es\/wp-content\/uploads\/2025\/11\/peliculas-plataformas-diciembre-2.webp\" alt=\"La actriz Alicia Falc\u00f3.\" class=\"wp-image-2322350\"  \/>La actriz Alicia Falc\u00f3. EFE\/Jorge Zapata<\/p>\n<p>\u2018F1: The Movie\u2019 (Apple TV, 12 de diciembre)<\/p>\n<p>Brad Pitt protagoniza esta pel\u00edcula que cuenta entre sus productores con el campe\u00f3n de F1 Lewis Hamilton y que se centra en Sonny Hayes, un veterano corredor que fue la gran promesa fracasada de la F\u00f3rmula 1, que tiene una segunda oportunidad 30 a\u00f1os despu\u00e9s. Javier Bardem, Damson Idris y Kerry Condon tambi\u00e9n est\u00e1n en el reparto de esta cinta que rebosa adrenalina, dirigida por Joseph Kosinski.<\/p>\n<p>\u2018Los tramposos\u2019 (Flixol\u00e9, 12 de diciembre)<\/p>\n<p>M\u00edtica pel\u00edcula de Pedro Lazaga, estrenada en 1959, sobre dos golfos madrile\u00f1os que viven del timo, con Tony Leblanc, Concha Velasco, Antonio Ozores, Laura Valenzuela, Juan Calvo, Antonio Riquelme y Jos\u00e9 Luis L\u00f3pez V\u00e1zquez en su reparto.<\/p>\n<p>La pel\u00edcula se incluir\u00e1 en una colecci\u00f3n que lanza la plataforma ese mismo d\u00eda y que lleva por nombre \u2018La picaresca espa\u00f1ola. Del Lazarillo a Los Liantes\u2019.<\/p>\n<p>\u2018Good boy\u2019 (Filmin, 19 de diciembre)<\/p>\n<p>Narrado desde el punto de vista de un perro, el debut del cineasta Ben Leonberg ha sido una de las pel\u00edculas de terror m\u00e1s comentadas de la temporada y un \u00e9xito en EE.UU. Un perro leal se muda con su amo a una casa rural, donde descubre fuerzas sobrenaturales que amenazan a su compa\u00f1ero humano, a quien el animal lucha por proteger.<\/p>\n<p><img data-recalc-dims=\"1\" loading=\"lazy\" decoding=\"async\" width=\"900\" height=\"600\" src=\"https:\/\/www.europesays.com\/es\/wp-content\/uploads\/2025\/11\/peliculas-plataformas-diciembre-3.webp\" alt=\"Elenco de la pel\u00edcula 'Good boy'. \" class=\"wp-image-2322359\"  \/>Elenco de la pel\u00edcula \u2018Good boy\u2019. EFE\/EPA\/Fabio Frustaci<\/p>\n<p>\u2018Ruido\u2019 (Filmin, 26 de diciembre)<\/p>\n<p>Inspirada en la cultura del freestyle urbano, la \u00f3pera prima de Ingride Santos, nominada al Goya al Mejor Cortometraje por \u2018Beef\u2019 (2001) se ubica en la periferia de Barcelona y es una odisea urbana a lo \u20188 Millas\u2019. El filme presenta a la incombustible Lati, una rapera afrodescendiente que sue\u00f1a con triunfar en las batallas de gallos pese a la desaprobaci\u00f3n de su madre. Fue seleccionado en el Festival de M\u00e1laga y se alz\u00f3 con tres premios en el Festival Cinespa\u00f1a de Toulouse.<\/p>\n<p>\u2018El talento\u2019 (Movistar Plus+, 28 de diciembre)<\/p>\n<p>Fernando Le\u00f3n de Aranoa y Polo Men\u00e1rguez (director de la cinta) escriben el guion de esta adaptaci\u00f3n de la novela \u2018La se\u00f1orita Else\u2019 trasladando la acci\u00f3n a la actualidad a trav\u00e9s de la historia de Elsa (Ester Exp\u00f3sito) una joven violonchelista que, a unos d\u00edas de presentarse a la prueba que le permitir\u00e1 cumplir su sue\u00f1o de estudiar en Viena, descubre que todo su despreocupado mundo de ni\u00f1a rica est\u00e1 a punto de desaparecer.<\/p>\n<p>\u2018Romer\u00eda\u2019 (Movistar Plus+, 31 de diciembre)<\/p>\n<p>Carla Sim\u00f3n viaja a un pasado familiar marcado por el prematuro fallecimiento de sus padres a causa de la hero\u00edna y el sida. En la pel\u00edcula, Marina -interpretada por la debutante Ll\u00facia Garc\u00eda- es una personificaci\u00f3n de la propia directora. Emprende un viaje hacia Vigo para conocer sus or\u00edgenes y la memoria familiar que se construy\u00f3 tras una generaci\u00f3n \u00abperdida\u00bb. <\/p>\n","protected":false},"excerpt":{"rendered":"Madrid (EFE).- El mes de diciembre trae pel\u00edculas a las plataformas de v\u00eddeo bajo demanda como \u2018Romer\u00eda\u2019, de&hellip;\n","protected":false},"author":2,"featured_media":263527,"comment_status":"","ping_status":"","sticky":false,"template":"","format":"standard","meta":{"footnotes":""},"categories":[169],"tags":[177,146,147,25,24,176,175,23,807],"class_list":{"0":"post-263526","1":"post","2":"type-post","3":"status-publish","4":"format-standard","5":"has-post-thumbnail","7":"category-cine","8":"tag-cine","9":"tag-entertainment","10":"tag-entretenimiento","11":"tag-es","12":"tag-espana","13":"tag-film","14":"tag-movies","15":"tag-spain","16":"tag-television"},"share_on_mastodon":{"url":"https:\/\/pubeurope.com\/@es\/115638251769858507","error":""},"_links":{"self":[{"href":"https:\/\/www.europesays.com\/es\/wp-json\/wp\/v2\/posts\/263526","targetHints":{"allow":["GET"]}}],"collection":[{"href":"https:\/\/www.europesays.com\/es\/wp-json\/wp\/v2\/posts"}],"about":[{"href":"https:\/\/www.europesays.com\/es\/wp-json\/wp\/v2\/types\/post"}],"author":[{"embeddable":true,"href":"https:\/\/www.europesays.com\/es\/wp-json\/wp\/v2\/users\/2"}],"replies":[{"embeddable":true,"href":"https:\/\/www.europesays.com\/es\/wp-json\/wp\/v2\/comments?post=263526"}],"version-history":[{"count":0,"href":"https:\/\/www.europesays.com\/es\/wp-json\/wp\/v2\/posts\/263526\/revisions"}],"wp:featuredmedia":[{"embeddable":true,"href":"https:\/\/www.europesays.com\/es\/wp-json\/wp\/v2\/media\/263527"}],"wp:attachment":[{"href":"https:\/\/www.europesays.com\/es\/wp-json\/wp\/v2\/media?parent=263526"}],"wp:term":[{"taxonomy":"category","embeddable":true,"href":"https:\/\/www.europesays.com\/es\/wp-json\/wp\/v2\/categories?post=263526"},{"taxonomy":"post_tag","embeddable":true,"href":"https:\/\/www.europesays.com\/es\/wp-json\/wp\/v2\/tags?post=263526"}],"curies":[{"name":"wp","href":"https:\/\/api.w.org\/{rel}","templated":true}]}}