{"id":263528,"date":"2025-11-30T10:47:07","date_gmt":"2025-11-30T10:47:07","guid":{"rendered":"https:\/\/www.europesays.com\/es\/263528\/"},"modified":"2025-11-30T10:47:07","modified_gmt":"2025-11-30T10:47:07","slug":"el-derbi-de-los-derbis-sevilla-betis-sociedad","status":"publish","type":"post","link":"https:\/\/www.europesays.com\/es\/263528\/","title":{"rendered":"El derbi de los derbis. Sevilla-Betis | Sociedad"},"content":{"rendered":"<p class=\"loc\">Sevilla<\/p>\n<p>Sevilla y Betis juegan este domingo en el Ram\u00f3n S\u00e1nchez Pizju\u00e1n el primer derbi de la temporada, un choque impredecible por su esencia al que ambos equipos llegan lastrados por bajas importantes y con el imperativo categ\u00f3rico de ganar y el aritm\u00e9tico de hacerlo en pos de los objetivos respectivos de disipar dudas y confirmar expectativas. <\/p>\n<p>Con 21 puntos los del chileno Manuel Pellegrini y cinco menos los del argentino Mat\u00edas Almeyda, el Sevilla afronta el choque con las importantes bajas por lesi\u00f3n del chileno Gabriel Suazo, el suizo Rub\u00e9n Vargas y el belga Adnan Jamuzaj; y el Betis, con las de Isco Alarc\u00f3n, el argentino Giovani Lo Celso, H\u00e9ctor Beller\u00edn y Pau L\u00f3pez, lesionados, y el brasile\u00f1o Antony Dos Santos por sanci\u00f3n al no haber prosperado los recursos; y la duda hasta el partido del marroqu\u00ed Sofyan Amrabat. <\/p>\n<p>En todo caso, pese a las muchas ausencias sobre el papel, todas se olvidar\u00e1n cuando el \u00e1rbitro pite el inicio en un partido \u00fanico por lo mucho que, adem\u00e1s de los puntos, se pone en juego en la ciudad de Sevilla.<\/p>\n<p>Con motivo de la celebraci\u00f3n del partido, 396 efectivos de diferentes unidades de la Polic\u00eda Nacional conforman el dispositivo de seguridad. <\/p>\n<p>Hoy se ha activado la Fase Cr\u00edtica antes del partido, en la que efectivos de la IV Unidad de Intervenci\u00f3n Policial (UIP) ofrecer\u00e1n servicio de protecci\u00f3n en los alrededores del estadio Ram\u00f3n S\u00e1nchez-Pizju\u00e1n, apoyados por la Unidad de Caballer\u00eda, especialmente en zonas de concentraci\u00f3n de los seguidores. Esta acci\u00f3n se complementar\u00e1 con el servicio de protecci\u00f3n en los hoteles de concentraci\u00f3n de ambos equipos y del tr\u00edo arbitral, manteniendo la seguridad en los mismos y en su posterior traslado hasta el estadio.<\/p>\n<p> Una vez iniciado el partido, la UIP mantendr\u00e1 vigilancia en el interior y exterior del estadio, apoyada en los alrededores del recinto por la Unidad de Caballer\u00eda, y supervisando al personal de seguridad privada. Al finalizar el encuentro, los efectivos permanecer\u00e1n en las inmediaciones prevenir posibles altercados.<\/p>\n","protected":false},"excerpt":{"rendered":"Sevilla Sevilla y Betis juegan este domingo en el Ram\u00f3n S\u00e1nchez Pizju\u00e1n el primer derbi de la temporada,&hellip;\n","protected":false},"author":2,"featured_media":263529,"comment_status":"","ping_status":"","sticky":false,"template":"","format":"standard","meta":{"footnotes":""},"categories":[93],"tags":[168,25,24,23,167],"class_list":{"0":"post-263528","1":"post","2":"type-post","3":"status-publish","4":"format-standard","5":"has-post-thumbnail","7":"category-deportes","8":"tag-deportes","9":"tag-es","10":"tag-espana","11":"tag-spain","12":"tag-sports"},"share_on_mastodon":{"url":"https:\/\/pubeurope.com\/@es\/115638255292595557","error":""},"_links":{"self":[{"href":"https:\/\/www.europesays.com\/es\/wp-json\/wp\/v2\/posts\/263528","targetHints":{"allow":["GET"]}}],"collection":[{"href":"https:\/\/www.europesays.com\/es\/wp-json\/wp\/v2\/posts"}],"about":[{"href":"https:\/\/www.europesays.com\/es\/wp-json\/wp\/v2\/types\/post"}],"author":[{"embeddable":true,"href":"https:\/\/www.europesays.com\/es\/wp-json\/wp\/v2\/users\/2"}],"replies":[{"embeddable":true,"href":"https:\/\/www.europesays.com\/es\/wp-json\/wp\/v2\/comments?post=263528"}],"version-history":[{"count":0,"href":"https:\/\/www.europesays.com\/es\/wp-json\/wp\/v2\/posts\/263528\/revisions"}],"wp:featuredmedia":[{"embeddable":true,"href":"https:\/\/www.europesays.com\/es\/wp-json\/wp\/v2\/media\/263529"}],"wp:attachment":[{"href":"https:\/\/www.europesays.com\/es\/wp-json\/wp\/v2\/media?parent=263528"}],"wp:term":[{"taxonomy":"category","embeddable":true,"href":"https:\/\/www.europesays.com\/es\/wp-json\/wp\/v2\/categories?post=263528"},{"taxonomy":"post_tag","embeddable":true,"href":"https:\/\/www.europesays.com\/es\/wp-json\/wp\/v2\/tags?post=263528"}],"curies":[{"name":"wp","href":"https:\/\/api.w.org\/{rel}","templated":true}]}}