{"id":263538,"date":"2025-11-30T10:52:09","date_gmt":"2025-11-30T10:52:09","guid":{"rendered":"https:\/\/www.europesays.com\/es\/263538\/"},"modified":"2025-11-30T10:52:09","modified_gmt":"2025-11-30T10:52:09","slug":"ucrania-y-ee-uu-se-preparan-en-florida-para-las-conversaciones-de-paz-por-la-guerra-con-rusia","status":"publish","type":"post","link":"https:\/\/www.europesays.com\/es\/263538\/","title":{"rendered":"Ucrania y EE.UU. se preparan en Florida para las conversaciones de paz por la guerra con Rusia"},"content":{"rendered":"<p>\n  Por&amp;nbsp<b>Euronews<\/b>&amp;nbspcon&amp;nbsp<b>AP<\/b>\n<\/p>\n<p>\n         Publicado<br \/>\n            30\/11\/2025 &#8211; 11:09 CET\n            <\/p>\n<p>Altos funcionarios de la administraci\u00f3n Trump <a href=\"https:\/\/es.euronews.com\/my-europe\/2025\/11\/25\/negociaciones-de-paz-en-ucrania-que-se-juegan-los-europeos\" rel=\"nofollow noopener\" target=\"_blank\">se re\u00fanen este fin de semana en Florida<\/a> con negociadores ucranianos, presionando para negociar el fin de la guerra de Rusia en Ucrania y preparando el escenario para las conversaciones clave previstas esta semana en Mosc\u00fa con el l\u00edder ruso Vlad\u00edmir Putin.<\/p>\n<p>Se esperaba que el secretario de Estado Marco Rubio, el enviado especial Steve Witkoff y Jared Kushner, el yerno del presidente Donald Trump, se sentaran con <strong>una delegaci\u00f3n ucraniana para seguir perfilando los detalles de una propuesta de marco de paz<\/strong>, unas conversaciones que llegan en un momento delicado para Ucrania, que sigue haciendo frente a las fuerzas rusas que invadieron el pa\u00eds en 2022.<\/p>\n<p>El viernes, justo antes de la reuni\u00f3n de Florida, el presidente ucraniano, Volod\u00edmir Zelenski, anunci\u00f3 la <a href=\"https:\/\/es.euronews.com\/2025\/11\/28\/quien-es-andriy-yermak-el-poderoso-jefe-de-gabinete-de-zelenski\" rel=\"nofollow noopener\" target=\"_blank\">dimisi\u00f3n de su jefe de gabinete, Andrii Yermak<\/a>, que hasta ese momento hab\u00eda sido el principal negociador del pa\u00eds en las conversaciones con Estados Unidos.<\/p>\n<p>El anuncio se produjo despu\u00e9s de que los investigadores anticorrupci\u00f3n <a href=\"https:\/\/es.euronews.com\/2025\/11\/28\/corrupcion-en-ucrania-investigan-al-jefe-de-gabinete-de-zelenski\" rel=\"nofollow noopener\" target=\"_blank\">registraran el domicilio de Yermak<\/a>. El Gobierno de Zelenski se ha visto sacudido por las consecuencias de un esc\u00e1ndalo de malversaci\u00f3n de 100 millones de d\u00f3lares (86 millones de euros) del sector energ\u00e9tico mediante comisiones pagadas por contratistas, lo que ha provocado nuevas presiones internas sobre Zelenski.<\/p>\n<p>Hace s\u00f3lo una semana, <a href=\"https:\/\/es.euronews.com\/2025\/11\/23\/comienzan-las-conversaciones-de-ginebra-sobre-ucrania-mientras-europa-rechaza-el-plan-prop\" rel=\"nofollow noopener\" target=\"_blank\">Rubio se reuni\u00f3 con Yermak en Ginebra<\/a>, y ambas partes afirmaron que las conversaciones hab\u00edan sido positivas para la elaboraci\u00f3n de un plan de paz revisado.<\/p>\n<p>Ahora, la <strong>delegaci\u00f3n ucraniana<\/strong> incluye a Andrii Hnatov, jefe de las fuerzas armadas de Ucrania; Andrii Sybiha, ministro de Asuntos Exteriores de Ucrania; y Rustem Umerov, <strong>jefe del consejo de seguridad de Ucrania<\/strong>, seg\u00fan ha declarado Zelenski.<\/p>\n<p>Los diplom\u00e1ticos se han centrado en las revisiones del <a href=\"https:\/\/es.euronews.com\/2025\/11\/21\/asi-es-el-plan-de-paz-de-28-puntos-de-trump-para-ucrania\" rel=\"nofollow noopener\" target=\"_blank\">plan de 28 puntos propuesto por Trump<\/a> y elaborado en las negociaciones entre Washington y Mosc\u00fa. Ese plan fue criticado por ser demasiado favorable a las demandas rusas. Inicialmente <strong>preve\u00eda que Ucrania cediera a Rusia toda la regi\u00f3n oriental del Domb\u00e1s<\/strong>, un punto de fricci\u00f3n para Kiev.<\/p>\n<p>El plan, al que Trump ha restado importancia calific\u00e1ndolo de \u00abconcepto\u00bb o \u00abmapa\u00bb que hay que \u00abafinar\u00bb, tambi\u00e9n impondr\u00eda l\u00edmites al tama\u00f1o del Ej\u00e9rcito ucraniano, impedir\u00eda que el pa\u00eds entrara en la OTAN y <strong>obligar\u00eda a Ucrania a celebrar elecciones en 100 d\u00edas<\/strong>. Los negociadores han indicado que el marco ha cambiado, pero no est\u00e1 claro c\u00f3mo se han alterado sus disposiciones.<\/p>\n<p>Trump dijo el martes que enviar\u00eda a Witkoff y quiz\u00e1s a Kushner a Mosc\u00fa esta semana para reunirse con Putin sobre el plan. Tanto Witkoff como Kushner, al igual que Trump, proceden del mundo inmobiliario, que valora m\u00e1s la negociaci\u00f3n que las convenciones de la diplomacia. La pareja tambi\u00e9n estuvo detr\u00e1s de una <a href=\"https:\/\/es.euronews.com\/2025\/10\/13\/el-plan-de-paz-para-gaza-de-trump-ya-esta-en-marcha-y-ahora-que\" rel=\"nofollow noopener\" target=\"_blank\">propuesta de 20 puntos que condujo a un alto el fuego en Gaza<\/a>.<\/p>\n<p>Zelenski escribi\u00f3 en X que la delegaci\u00f3n ucraniana \u00abelaborar\u00eda r\u00e1pida y sustancialmente los pasos necesarios para poner fin a la guerra\u00bb. En su discurso nocturno del s\u00e1bado, Zelenski dijo que la parte estadounidense estaba \u00abdemostrando un enfoque constructivo\u00bb.<\/p>\n<p>\u00abEn los pr\u00f3ximos d\u00edas es factible concretar los pasos para determinar c\u00f3mo llevar la guerra a un final digno\u00bb, dijo.<\/p>\n<p>El s\u00e1bado, los ataques rusos con aviones no tripulados y misiles en la capital ucraniana, Kiev, y sus alrededores <a href=\"https:\/\/es.euronews.com\/2025\/11\/29\/rusia-lanza-cerca-de-600-drones-en-un-ataque-nocturno-contra-ucrania-en-el-que-murieron-3-\" rel=\"nofollow noopener\" target=\"_blank\">mataron al menos a tres personas<\/a> e hirieron a decenas m\u00e1s, seg\u00fan las autoridades. Nuevos ataques durante la noche del domingo mataron a una persona e hirieron a otras 11, seg\u00fan las autoridades locales, cuando un avi\u00f3n no tripulado alcanz\u00f3 un bloque de apartamentos de nueve plantas en la ciudad de Vyshhorod, en la regi\u00f3n de Kiev.<\/p>\n","protected":false},"excerpt":{"rendered":"Por&amp;nbspEuronews&amp;nbspcon&amp;nbspAP Publicado 30\/11\/2025 &#8211; 11:09 CET Altos funcionarios de la administraci\u00f3n Trump se re\u00fanen este fin de semana&hellip;\n","protected":false},"author":2,"featured_media":263539,"comment_status":"","ping_status":"","sticky":false,"template":"","format":"standard","meta":{"footnotes":""},"categories":[42],"tags":[17,18,629,13,14,11,61,62,63,64,19,20,9,10,15,16,7354,12,7081,21,22,65,66,67],"class_list":{"0":"post-263538","1":"post","2":"type-post","3":"status-publish","4":"format-standard","5":"has-post-thumbnail","7":"category-internacional","8":"tag-breaking-news","9":"tag-breakingnews","10":"tag-estados-unidos","11":"tag-featured-news","12":"tag-featurednews","13":"tag-headlines","14":"tag-internacional","15":"tag-international","16":"tag-international-news","17":"tag-internationalnews","18":"tag-latest-news","19":"tag-latestnews","20":"tag-news","21":"tag-noticias","22":"tag-noticias-destacadas","23":"tag-noticiasdestacadas","24":"tag-rusia-ucrania-invasion","25":"tag-titulares","26":"tag-ucrania","27":"tag-ultimas-noticias","28":"tag-ultimasnoticias","29":"tag-world","30":"tag-world-news","31":"tag-worldnews"},"share_on_mastodon":{"url":"https:\/\/pubeurope.com\/@es\/115638274983248009","error":""},"_links":{"self":[{"href":"https:\/\/www.europesays.com\/es\/wp-json\/wp\/v2\/posts\/263538","targetHints":{"allow":["GET"]}}],"collection":[{"href":"https:\/\/www.europesays.com\/es\/wp-json\/wp\/v2\/posts"}],"about":[{"href":"https:\/\/www.europesays.com\/es\/wp-json\/wp\/v2\/types\/post"}],"author":[{"embeddable":true,"href":"https:\/\/www.europesays.com\/es\/wp-json\/wp\/v2\/users\/2"}],"replies":[{"embeddable":true,"href":"https:\/\/www.europesays.com\/es\/wp-json\/wp\/v2\/comments?post=263538"}],"version-history":[{"count":0,"href":"https:\/\/www.europesays.com\/es\/wp-json\/wp\/v2\/posts\/263538\/revisions"}],"wp:featuredmedia":[{"embeddable":true,"href":"https:\/\/www.europesays.com\/es\/wp-json\/wp\/v2\/media\/263539"}],"wp:attachment":[{"href":"https:\/\/www.europesays.com\/es\/wp-json\/wp\/v2\/media?parent=263538"}],"wp:term":[{"taxonomy":"category","embeddable":true,"href":"https:\/\/www.europesays.com\/es\/wp-json\/wp\/v2\/categories?post=263538"},{"taxonomy":"post_tag","embeddable":true,"href":"https:\/\/www.europesays.com\/es\/wp-json\/wp\/v2\/tags?post=263538"}],"curies":[{"name":"wp","href":"https:\/\/api.w.org\/{rel}","templated":true}]}}