{"id":263540,"date":"2025-11-30T10:53:08","date_gmt":"2025-11-30T10:53:08","guid":{"rendered":"https:\/\/www.europesays.com\/es\/263540\/"},"modified":"2025-11-30T10:53:08","modified_gmt":"2025-11-30T10:53:08","slug":"el-govern-organiza-la-captura-de-posibles-jabalies-infectados-por-la-peste-porcina-en-collserola-noticias-de-cataluna","status":"publish","type":"post","link":"https:\/\/www.europesays.com\/es\/263540\/","title":{"rendered":"El Govern organiza la captura de posibles jabal\u00edes infectados por la peste porcina en Collserola | Noticias de Catalu\u00f1a"},"content":{"rendered":"<p class=\"\">El consejero de Agricultura, Ganader\u00eda y Pesca de la Generalitat de Catalu\u00f1a, \u00d2scar Ordeig, ha explicado que este domingo<a href=\"https:\/\/elpais.com\/espana\/catalunya\/2025-11-29\/cataluna-prohibe-acceder-al-bosque-desde-12-municipios-por-la-peste-porcina-africana.html\" target=\"_self\" rel=\"nofollow noopener\" title=\"https:\/\/elpais.com\/espana\/catalunya\/2025-11-29\/cataluna-prohibe-acceder-al-bosque-desde-12-municipios-por-la-peste-porcina-africana.html\"> se llevar\u00e1n a cabo capturas de posibles jabal\u00edes infectados<\/a> con la peste porcina africana en el \u00e1rea de Collserola (Barcelona), mediante la instalaci\u00f3n de trampas, repelentes y vallas para que los animales no se trasladen a otras zonas. Lo ha dicho en una entrevista en Catalunya R\u00e0dio, en la que <a href=\"https:\/\/elpais.com\/espana\/catalunya\/2025-11-29\/la-generalitat-pide-la-colaboracion-ciudadana-para-frenar-la-peste-porcina.html\" target=\"_self\" rel=\"nofollow noopener\" title=\"https:\/\/elpais.com\/espana\/catalunya\/2025-11-29\/la-generalitat-pide-la-colaboracion-ciudadana-para-frenar-la-peste-porcina.html\">ha pedido la colaboraci\u00f3n ciudadana para cumplir la restricci\u00f3n de no acceder al Parque Natural de Collserola,<\/a> que se mantiene cerrado este domingo. \u201cAyer no acab\u00f3 de funcionar porque es un parque natural con 100 accesos principales y 400 secundarios, muy dif\u00edcil de cerrar\u201d, ha matizado sobre el cierre, y ha dicho que la instrucci\u00f3n este domingo es que el parque est\u00e1 completamente cerrado para el ocio y que se est\u00e1n llevando a cabo trabajos de captura, textualmente. <\/p>\n<p class=\"\">Adem\u00e1s, el consejero catal\u00e1n, que no descarta pedir ayuda a la Unidad Militar de Emergencias (UME), ha dicho que se han reforzado los efectivos de seguridad, tanto de Mossos d\u2019Esquadra, Guardia Civil y Agents Rurals para evitar el acceso a Collserola, \u201csobre todo el radio de seis kil\u00f3metros que est\u00e1 blindado\u201d. Tambi\u00e9n ha explicado que el proceso de captura ser\u00e1 coordinado por Agents Rurals, conjuntamente con el Departamentp de Agricultura y personal de la empresa p\u00fablica Forestal Catalana, junto con la colaboraci\u00f3n de otros cuerpos como el de Guardia Civil. <a href=\"https:\/\/elpais.com\/sociedad\/2025-11-29\/detectados-en-cataluna-cuatro-nuevos-casos-de-peste-porcina-africana-en-el-mismo-radio-de-vigilancia-que-los-dos-primeros.html\" target=\"_self\" rel=\"nofollow noopener\" title=\"https:\/\/elpais.com\/sociedad\/2025-11-29\/detectados-en-cataluna-cuatro-nuevos-casos-de-peste-porcina-africana-en-el-mismo-radio-de-vigilancia-que-los-dos-primeros.html\">\u201cCualquier animal que se encuentra se debe desinfectar<\/a>, hay que hacer una custodia de este animal, se debe llevar al centro de Investigaci\u00f3n de Salud Animal y se debe hacer con unas condiciones t\u00e9cnicas muy avanzadas\u201d, ha explicado. <\/p>\n<p class=\"\">En este sentido, ha afirmado que la intervenci\u00f3n de la unidad espec\u00edfica de control cineg\u00e9tico de la Unidad Militar de Emergencias est\u00e1 \u201csobre la mesa\u201d. Ha apuntado que <a href=\"https:\/\/elpais.com\/sociedad\/2025-11-29\/detectados-en-cataluna-cuatro-nuevos-casos-de-peste-porcina-africana-en-el-mismo-radio-de-vigilancia-que-los-dos-primeros.html\" target=\"_self\" rel=\"nofollow noopener\" title=\"https:\/\/elpais.com\/sociedad\/2025-11-29\/detectados-en-cataluna-cuatro-nuevos-casos-de-peste-porcina-africana-en-el-mismo-radio-de-vigilancia-que-los-dos-primeros.html\">el Gobierno ha puesto a disposici\u00f3n estos recursos y que se activar\u00e1n si se considera necesario<\/a>: \u201cHoy tenemos que ver si hay m\u00e1s positivos\u201d, ha se\u00f1alado. Ha destacado que hasta el momento todos los animales positivos han estado dentro del radio de Cerdanyola del Vall\u00e8s (Barcelona), pero que en caso de tener que ampliar este radio utilizar\u00e1n \u201clos medios t\u00e9cnicos, econ\u00f3micos y efectivos que hagan falta\u201d. <\/p>\n<p class=\"\">Preguntado por si se ha planteado suspender las clases en el campus de Bellaterra de la Universitat Aut\u00f2noma de Barcelona (UAB), cercano al radio del brote, ha dicho que esto no se ha planteado y que las actividades de \u201clos hogares, las empresas y los centros universitarios se mantienen hasta nuevo aviso\u201d. <\/p>\n<p class=\"\">Sobre el origen del brote ha dicho que se desconoce hasta ahora, pero que se est\u00e1 investigando: \u201cEn base a si este virus se parece al que tienen otros pa\u00edses de Europa, por tanto, podremos saber cu\u00e1l es el origen\u201d. En esta l\u00ednea, ha mencionado como posibles hip\u00f3tesis alg\u00fan resto de comida contaminada o que el virus haya viajado en alg\u00fan medio de transporte. <\/p>\n<p class=\"\"><a href=\"https:\/\/elpais.com\/sociedad\/2025-11-29\/detectados-en-cataluna-cuatro-nuevos-casos-de-peste-porcina-africana-en-el-mismo-radio-de-vigilancia-que-los-dos-primeros.html\" target=\"_self\" rel=\"nofollow noopener\" title=\"https:\/\/elpais.com\/sociedad\/2025-11-29\/detectados-en-cataluna-cuatro-nuevos-casos-de-peste-porcina-africana-en-el-mismo-radio-de-vigilancia-que-los-dos-primeros.html\">Catalu\u00f1a detect\u00f3 este s\u00e1bado cuatro nuevos casos de peste porcina africana<\/a> en el mismo lugar en el que se hallaron otros dos hace unos d\u00edas, en un contexto de alerta de las autoridades hacia esta enfermedad animal que afecta a cerdos y jabal\u00edes y que puede poner en apuros al sector porcino espa\u00f1ol y a sus exportaciones. La PPA ha vuelto a Espa\u00f1a tras 30 a\u00f1os libres de casos y supone un duro golpe para la industria ganadera. El pa\u00eds es el mayor productor de la UE (24% del total) y el tercero del mundo. Y Catalu\u00f1a, la comunidad donde se han detectado estos casos, tiene un papel muy destacado en esta actividad. Con unas 5.000 granjas de porcino, es el sector agroalimentario m\u00e1s potente en Catalu\u00f1a, y la mitad de lo que se produce se vende fuera.<\/p>\n","protected":false},"excerpt":{"rendered":"El consejero de Agricultura, Ganader\u00eda y Pesca de la Generalitat de Catalu\u00f1a, \u00d2scar Ordeig, ha explicado que este&hellip;\n","protected":false},"author":2,"featured_media":263541,"comment_status":"","ping_status":"","sticky":false,"template":"","format":"standard","meta":{"footnotes":""},"categories":[8],"tags":[2077,3685,17,18,1980,25,24,5855,13,14,4344,11,65111,19,20,3291,9,10,15,16,65110,1811,23,12,21,22],"class_list":{"0":"post-263540","1":"post","2":"type-post","3":"status-publish","4":"format-standard","5":"has-post-thumbnail","7":"category-espana","8":"tag-agricultura","9":"tag-animales","10":"tag-breaking-news","11":"tag-breakingnews","12":"tag-cataluna","13":"tag-es","14":"tag-espana","15":"tag-exportaciones","16":"tag-featured-news","17":"tag-featurednews","18":"tag-generalitat-cataluna","19":"tag-headlines","20":"tag-jabalies","21":"tag-latest-news","22":"tag-latestnews","23":"tag-mossos-desquadra","24":"tag-news","25":"tag-noticias","26":"tag-noticias-destacadas","27":"tag-noticiasdestacadas","28":"tag-peste-porcina","29":"tag-sanidad","30":"tag-spain","31":"tag-titulares","32":"tag-ultimas-noticias","33":"tag-ultimasnoticias"},"share_on_mastodon":{"url":"https:\/\/pubeurope.com\/@es\/115638278812368156","error":""},"_links":{"self":[{"href":"https:\/\/www.europesays.com\/es\/wp-json\/wp\/v2\/posts\/263540","targetHints":{"allow":["GET"]}}],"collection":[{"href":"https:\/\/www.europesays.com\/es\/wp-json\/wp\/v2\/posts"}],"about":[{"href":"https:\/\/www.europesays.com\/es\/wp-json\/wp\/v2\/types\/post"}],"author":[{"embeddable":true,"href":"https:\/\/www.europesays.com\/es\/wp-json\/wp\/v2\/users\/2"}],"replies":[{"embeddable":true,"href":"https:\/\/www.europesays.com\/es\/wp-json\/wp\/v2\/comments?post=263540"}],"version-history":[{"count":0,"href":"https:\/\/www.europesays.com\/es\/wp-json\/wp\/v2\/posts\/263540\/revisions"}],"wp:featuredmedia":[{"embeddable":true,"href":"https:\/\/www.europesays.com\/es\/wp-json\/wp\/v2\/media\/263541"}],"wp:attachment":[{"href":"https:\/\/www.europesays.com\/es\/wp-json\/wp\/v2\/media?parent=263540"}],"wp:term":[{"taxonomy":"category","embeddable":true,"href":"https:\/\/www.europesays.com\/es\/wp-json\/wp\/v2\/categories?post=263540"},{"taxonomy":"post_tag","embeddable":true,"href":"https:\/\/www.europesays.com\/es\/wp-json\/wp\/v2\/tags?post=263540"}],"curies":[{"name":"wp","href":"https:\/\/api.w.org\/{rel}","templated":true}]}}