{"id":263542,"date":"2025-11-30T10:54:15","date_gmt":"2025-11-30T10:54:15","guid":{"rendered":"https:\/\/www.europesays.com\/es\/263542\/"},"modified":"2025-11-30T10:54:15","modified_gmt":"2025-11-30T10:54:15","slug":"el-proyecto-hablemos-de-duelo-propone-cuatro-actividades-en-los-centros-de-mayores-del-ayuntamiento-de-zaragoza-este-mes-de-diciembre","status":"publish","type":"post","link":"https:\/\/www.europesays.com\/es\/263542\/","title":{"rendered":"El proyecto &#8216;Hablemos de duelo&#8217; propone cuatro actividades en los centros de mayores del Ayuntamiento de Zaragoza este mes de diciembre"},"content":{"rendered":"<p>      Cuerpo de la noticia<\/p>\n<p>El Ayuntamiento de Zaragoza da continuidad este mes de diciembre a su programa &#8216;Hablemos del Duelo&#8217; con nuevas actividades dirigidas a las personas mayores. Se trata de una iniciativa impulsada a trav\u00e9s de la <strong>Concejal\u00eda del Mayor<\/strong>, en el marco del<strong> II Plan de Ciudades Amigables con las Personas Mayores<\/strong>, que tiene como objetivo acompa\u00f1ar a las personas mayores en su proceso de p\u00e9rdida de un ser querido, naturalizando la conversaci\u00f3n en torno al duelo y fortaleciendo su red de apoyo emocional.<\/p>\n<p>La concejal delegada del Mayor del Ayuntamiento, <strong>Paloma<\/strong> <strong>Espinosa<\/strong>, ha explicado que <strong>\u00abel apoyo en los procesos de duelo y la atenci\u00f3n a la soledad no deseada cobra especial importancia en la \u00e9poca navide\u00f1a<\/strong>, que suele estar cargada de recuerdos, emociones intensas y vivencias personales\u00bb. En este contexto, el Ayuntamiento ofrece cuatro nuevas actividades espec\u00edficas, \u00abdise\u00f1adas para ofrecer apoyo adicional a quienes han atravesado una p\u00e9rdida reciente o desean comprender mejor el proceso del duelo\u00bb.\u00a0<\/p>\n<p>Estas acciones, que son <strong>abiertas a todas las personas socias <\/strong>de la red de centros de convivencia para mayores, ahondan en aspectos como las ausencias navide\u00f1as, el apoyo social, el autocuidado emocional o la representaci\u00f3n del duelo en el cine.\u00a0<\/p>\n<p>La programaci\u00f3n es la siguiente:<\/p>\n<p><strong>&#8211; Conversaciones en torno al duelo. 1 de diciembre, CCM Oliver.<\/strong> Un espacio para dialogar sobre c\u00f3mo acompa\u00f1ar a quienes han sufrido una p\u00e9rdida y comprender mejor las reacciones habituales en estos procesos.<br \/><strong>-Cuando falta alguien en Navidad. 4 de diciembre, CCM Universidad. <\/strong>Actividad espec\u00edfica para abordar las ausencias durante las celebraciones navide\u00f1as y compartir estrategias para transitar estas fechas con serenidad.<br \/><strong>&#8211; Cuidar nuestro bienestar emocional. 11 de diciembre, CCM Ciudad Jard\u00edn. <\/strong>Un taller pr\u00e1ctico sobre autocuidado emocional que ayuda a identificar emociones, reacciones normales ante los cambios vitales y herramientas para mejorar el bienestar.<br \/><strong>&#8211; Hablemos del duelo, a trav\u00e9s del cine. 15 de diciembre, CCM Torrero<\/strong>. Cine f\u00f3rum dedicado a analizar c\u00f3mo la p\u00e9rdida y sus emociones aparecen representadas en diversas obras cinematogr\u00e1ficas.<\/p>\n<p>Estas nuevas propuestas complementan un<strong> programa que ha tenido una gran acogida<\/strong> desde su puesta en marcha. Tras el proyecto piloto &#8216;Comprendiendo el duelo&#8217;, desarrollado en 2024 en el distrito de Delicias, en 2025 el Ayuntamiento extendi\u00f3 la iniciativa a toda la red de centros de convivencia de mayores, incorporando charlas abiertas y sesiones grupales de aforo reducido, de car\u00e1cter \u00edntimo y participativo.<\/p>\n<p>La valoraci\u00f3n de los participantes ha sido muy positiva, destacando tanto la profesionalidad del equipo t\u00e9cnico como la posibilidad de compartir sentimientos en un ambiente de confianza. Finalizadas las sesiones, en muchos casos han surgido<strong> v\u00ednculos de apoyo mutuo que contin\u00faan m\u00e1s all\u00e1 de la actividad formal.<\/strong><\/p>\n<p>El Ayuntamiento de Zaragoza reafirma as\u00ed su<strong> compromiso con la salud emocional de las personas mayores, <\/strong>creando espacios de escucha, acompa\u00f1amiento y comunidad que permiten afrontar el duelo de manera sana y compartida.<\/p>\n<p>\u00a0<\/p>\n","protected":false},"excerpt":{"rendered":"Cuerpo de la noticia El Ayuntamiento de Zaragoza da continuidad este mes de diciembre a su programa &#8216;Hablemos&hellip;\n","protected":false},"author":2,"featured_media":263543,"comment_status":"","ping_status":"","sticky":false,"template":"","format":"standard","meta":{"footnotes":""},"categories":[5],"tags":[17,18,25,24,13,14,11,19,20,9,10,15,16,23,12,21,22],"class_list":{"0":"post-263542","1":"post","2":"type-post","3":"status-publish","4":"format-standard","5":"has-post-thumbnail","7":"category-titulares","8":"tag-breaking-news","9":"tag-breakingnews","10":"tag-es","11":"tag-espana","12":"tag-featured-news","13":"tag-featurednews","14":"tag-headlines","15":"tag-latest-news","16":"tag-latestnews","17":"tag-news","18":"tag-noticias","19":"tag-noticias-destacadas","20":"tag-noticiasdestacadas","21":"tag-spain","22":"tag-titulares","23":"tag-ultimas-noticias","24":"tag-ultimasnoticias"},"share_on_mastodon":{"url":"https:\/\/pubeurope.com\/@es\/115638282671816109","error":""},"_links":{"self":[{"href":"https:\/\/www.europesays.com\/es\/wp-json\/wp\/v2\/posts\/263542","targetHints":{"allow":["GET"]}}],"collection":[{"href":"https:\/\/www.europesays.com\/es\/wp-json\/wp\/v2\/posts"}],"about":[{"href":"https:\/\/www.europesays.com\/es\/wp-json\/wp\/v2\/types\/post"}],"author":[{"embeddable":true,"href":"https:\/\/www.europesays.com\/es\/wp-json\/wp\/v2\/users\/2"}],"replies":[{"embeddable":true,"href":"https:\/\/www.europesays.com\/es\/wp-json\/wp\/v2\/comments?post=263542"}],"version-history":[{"count":0,"href":"https:\/\/www.europesays.com\/es\/wp-json\/wp\/v2\/posts\/263542\/revisions"}],"wp:featuredmedia":[{"embeddable":true,"href":"https:\/\/www.europesays.com\/es\/wp-json\/wp\/v2\/media\/263543"}],"wp:attachment":[{"href":"https:\/\/www.europesays.com\/es\/wp-json\/wp\/v2\/media?parent=263542"}],"wp:term":[{"taxonomy":"category","embeddable":true,"href":"https:\/\/www.europesays.com\/es\/wp-json\/wp\/v2\/categories?post=263542"},{"taxonomy":"post_tag","embeddable":true,"href":"https:\/\/www.europesays.com\/es\/wp-json\/wp\/v2\/tags?post=263542"}],"curies":[{"name":"wp","href":"https:\/\/api.w.org\/{rel}","templated":true}]}}