{"id":263544,"date":"2025-11-30T11:02:10","date_gmt":"2025-11-30T11:02:10","guid":{"rendered":"https:\/\/www.europesays.com\/es\/263544\/"},"modified":"2025-11-30T11:02:10","modified_gmt":"2025-11-30T11:02:10","slug":"el-tirma-gran-canaria-firma-una-brillante-fase-previa-de-la-minicopa-endesa-y-se-clasifica-para-la-gran-cita","status":"publish","type":"post","link":"https:\/\/www.europesays.com\/es\/263544\/","title":{"rendered":"El Tirma Gran Canaria firma una brillante fase previa de la Minicopa Endesa y se clasifica para la gran cita"},"content":{"rendered":"<p class=\"v-mdl-ath__p v-mdl-ath__p--2\">\nCANARIAS7\n<\/p>\n<p class=\"v-mdl-ath__p v-mdl-ath__p--3\">\nLas Palmas de Gran Canaria\n<\/p>\n<p class=\"v-mdl-ath__p v-mdl-ath__p--6\">\nS\u00e1bado, 29 de noviembre 2025, 23:30<\/p>\n<p class=\"v-p\">El Tirma Gran Canaria jugar\u00e1 la Minicopa Endesa que se celebrar\u00e1 en Valencia en el mes de febrero de manera paralela a la Copa del Rey. Lo har\u00e1 despu\u00e9s de firmar una sobresaliente fase previa en la que los chicos de Mois\u00e9s Hern\u00e1ndez lograron superar a San Pablo Burgos Segura y Mayor, a Cochesinternet Lleida, y al Occident B\u00e0squet Manresa.<\/p>\n<p class=\"v-p\">En la primera jornada del viernes, el equipo grancanario debut\u00f3 con buen pie superando con facilidad al cuadro burgal\u00e9s, cerrando el marcador en el segundo acto. El s\u00e1bado, en la segunda fecha de la fase previa, el Tirma Gran Canaria super\u00f3 a un combativo Cochesinternet Lleida por el marcador de 39-90.<\/p>\n<p class=\"v-p\">En la tercera jornada se med\u00edan dos equipos invictos: el grancanario, y un Occident B\u00e0squet Manresa que hab\u00eda saldado sus anteriores dos compromisos con la misma autoridad que el conjunto amarillo. El Tirma Gran Canaria firm\u00f3 un s\u00f3lido partido para acabar cerrando el marcador en el \u00faltimo cuarto y vencer por 99-49, consiguiendo as\u00ed la clasificaci\u00f3n para la gran cita del pr\u00f3ximo mes de febrero. Un choque en el que el base grancanario Dariel Feliz fue el MVP con 20 puntos, 8 rebotes y 3 asistencias para 32 de valoraci\u00f3n.<\/p>\n<p><img decoding=\"async\" loading=\"lazy\" src=\"https:\/\/www.europesays.com\/es\/wp-content\/uploads\/2025\/11\/minicopa3-kDtE--748x524@Canarias7.jpg\" class=\"v-a-img\" width=\"748\" height=\"524\" alt=\"\" data-voc-vtm-id=\"in-text-traffic\"\/><\/p>\n<p>C7<\/p>\n<p><img loading=\"lazy\" decoding=\"async\" src=\"https:\/\/www.europesays.com\/es\/wp-content\/uploads\/2025\/11\/minicopa3-kDtE--748x524@Canarias7.jpg\" class=\"v-mdl__img-z\" width=\"748\" height=\"524\" alt=\"\"\/><\/p>\n<p class=\"v-p\">Una gran experiencia para los jugadores amarillos, que ahora proseguir\u00e1n con su temporada sin perder, en el horizonte, la ilusionante y vibrante ocasi\u00f3n de representar al club en la Minicopa Endesa.<\/p>\n<p>Reporta un error<\/p>\n","protected":false},"excerpt":{"rendered":"CANARIAS7 Las Palmas de Gran Canaria S\u00e1bado, 29 de noviembre 2025, 23:30 El Tirma Gran Canaria jugar\u00e1 la&hellip;\n","protected":false},"author":2,"featured_media":263545,"comment_status":"","ping_status":"","sticky":false,"template":"","format":"standard","meta":{"footnotes":""},"categories":[269],"tags":[299,298,30650,7221,7716,30474,168,2917,25,24,4521,3822,3956,53242,22611,23,167,65516],"class_list":{"0":"post-263544","1":"post","2":"type-post","3":"status-publish","4":"format-standard","5":"has-post-thumbnail","7":"category-baloncesto","8":"tag-baloncesto","9":"tag-basketball","10":"tag-brillante","11":"tag-canaria","12":"tag-cita","13":"tag-clasifica","14":"tag-deportes","15":"tag-endesa","16":"tag-es","17":"tag-espana","18":"tag-fase","19":"tag-firma","20":"tag-gran","21":"tag-minicopa","22":"tag-previa","23":"tag-spain","24":"tag-sports","25":"tag-tirma"},"share_on_mastodon":{"url":"https:\/\/pubeurope.com\/@es\/115638314695940382","error":""},"_links":{"self":[{"href":"https:\/\/www.europesays.com\/es\/wp-json\/wp\/v2\/posts\/263544","targetHints":{"allow":["GET"]}}],"collection":[{"href":"https:\/\/www.europesays.com\/es\/wp-json\/wp\/v2\/posts"}],"about":[{"href":"https:\/\/www.europesays.com\/es\/wp-json\/wp\/v2\/types\/post"}],"author":[{"embeddable":true,"href":"https:\/\/www.europesays.com\/es\/wp-json\/wp\/v2\/users\/2"}],"replies":[{"embeddable":true,"href":"https:\/\/www.europesays.com\/es\/wp-json\/wp\/v2\/comments?post=263544"}],"version-history":[{"count":0,"href":"https:\/\/www.europesays.com\/es\/wp-json\/wp\/v2\/posts\/263544\/revisions"}],"wp:featuredmedia":[{"embeddable":true,"href":"https:\/\/www.europesays.com\/es\/wp-json\/wp\/v2\/media\/263545"}],"wp:attachment":[{"href":"https:\/\/www.europesays.com\/es\/wp-json\/wp\/v2\/media?parent=263544"}],"wp:term":[{"taxonomy":"category","embeddable":true,"href":"https:\/\/www.europesays.com\/es\/wp-json\/wp\/v2\/categories?post=263544"},{"taxonomy":"post_tag","embeddable":true,"href":"https:\/\/www.europesays.com\/es\/wp-json\/wp\/v2\/tags?post=263544"}],"curies":[{"name":"wp","href":"https:\/\/api.w.org\/{rel}","templated":true}]}}