{"id":263546,"date":"2025-11-30T11:03:13","date_gmt":"2025-11-30T11:03:13","guid":{"rendered":"https:\/\/www.europesays.com\/es\/263546\/"},"modified":"2025-11-30T11:03:13","modified_gmt":"2025-11-30T11:03:13","slug":"el-monaco-de-ansu-fati-sorprende-al-psg","status":"publish","type":"post","link":"https:\/\/www.europesays.com\/es\/263546\/","title":{"rendered":"El M\u00f3naco de Ansu Fati sorprende al PSG"},"content":{"rendered":"<p data-gtm-element-container=\"modulo-texto-link\" class=\"paragraph\">Segunda derrota del <strong>PSG <\/strong>en Ligue 1. El <strong>M\u00f3naco<\/strong> de <strong>Ansu Fati<\/strong>, sustituto de <strong>Golovin<\/strong> en el 72\u2019, sorprendi\u00f3 al campe\u00f3n galo gracias a un solitario gol de <strong>Minamino <\/strong>(1-0).\u00a0<a href=\"https:\/\/www.mundodeportivo.com\/futbol\/champions-league\/20251126\/1002576698\/festival-goles-triunfo-psg-tottenham.html\" target=\"_blank\" rel=\"nofollow noopener\">Los de <strong>Luis Enrique<\/strong> acusaron la resaca europea <\/a>y se vieron superados desde el principio, aunque es cierto que <strong>Camara <\/strong>pudo haber visto la roja por un plantillazo a <strong>Chevalier<\/strong> en el 12\u2019.<\/p>\n<p>Gol anulado y palo de Salisu<\/p>\n<p data-gtm-element-container=\"modulo-texto-link\" class=\"paragraph\">El portero de Calais tuvo que multiplicarse en un primer tiempo de claro color monegasco, con un remate al palo de <strong>Salisu <\/strong>y un gol anulado al propio central ghan\u00e9s, invalidado por un fuera de juego posicional de <strong>Teze<\/strong>.<\/p>\n<p data-gtm-element-container=\"modulo-texto-link\" class=\"paragraph\">Sali\u00f3 mejor el <strong>PSG <\/strong>tras el paso por vestuarios, pero ni con el ingreso de <strong>Demb\u00e9l\u00e9<\/strong>, en el 64\u2019, termin\u00f3 de poner cerco a la porter\u00eda de <strong>Hradecky<\/strong>, muy seguro en todas sus intervenciones.<\/p>\n<p>                        <img loading=\"lazy\" decoding=\"async\" data-full-src=\"https:\/\/www.mundodeportivo.com\/uploads\/2021\/07\/19\/60f53b322aab8.png\" alt=\"El M\u00f3naco de Ansu Fati sorprende al PSG\" src=\"https:\/\/www.europesays.com\/es\/wp-content\/uploads\/2025\/11\/60f53b322aab8.png\" class=\"lazy\" width=\"38\" height=\"38\"\/><\/p>\n<p>                M\u00d3NACO<\/p>\n<p>            10\n<\/p>\n<p>                        <img loading=\"lazy\" decoding=\"async\" data-full-src=\"https:\/\/www.mundodeportivo.com\/uploads\/2021\/07\/19\/60f53a4996656.png\" alt=\"El M\u00f3naco de Ansu Fati sorprende al PSG\" src=\"https:\/\/www.europesays.com\/es\/wp-content\/uploads\/2025\/08\/60f53a4996656.png\" class=\"lazy\" width=\"38\" height=\"38\"\/><\/p>\n<p>                PSG<\/p>\n<p><strong>M\u00f3naco<\/strong>: Hradecky; Vanderson (Diatta, 65&#8242;), Kehrer, Salisu, Caio Henrique; Teze, L. Camara; Akliouche, Minamino (Pogba, 86&#8242;), Golovin (Ansu Fati, 72&#8242;) y Balogun (Biereth, 85&#8242;)<br \/>\u200b<br \/><strong>PSG<\/strong>: \u200bChevalier; Za\u00efre-Emery, Marquinhos, Pacho, Lucas; Jo\u00e3o Neves, Vitinha Fabi\u00e1n (G. Ramos, 83&#8242;); Kang-In Lee (Demb\u00e9l\u00e9, 64&#8242;), Mayulu (Ndjantou, 64&#8242;) y Kvaratskhelia (Mbaye, 76&#8242;)<br \/>\u200b<br \/>\u200b<strong>Gol<\/strong>: 1-0 Minamino (68&#8242;)<\/p>\n<p><strong>Tarjetas<\/strong>: ROJA: Kehrer (80&#8242;) AMARILLAS: Camara (12&#8242;), Vitinha (33&#8242;), Diatta (88&#8242;), Teze (95&#8242;)<\/p>\n<p><strong>\u00c1rbitro<\/strong>: Clement Turpin<\/p>\n<p><strong>Estadio<\/strong>: Stade Louis-II.<\/p>\n<p>\n                ver ficha partido\n            <\/p>\n<p>Segundo partido de Pogba<\/p>\n<p data-gtm-element-container=\"modulo-texto-link\" class=\"paragraph\">Fue <strong>Minamino<\/strong>, a pase de <strong>Golovin<\/strong>, el encargado de decantar un partido que el <strong>M\u00f3naco <\/strong>termin\u00f3 con un jugador menos por la expulsi\u00f3n de <strong>Kehrer <\/strong>en el 80\u2019. <strong>Pogba <\/strong>entr\u00f3 seis minutos despu\u00e9s y disput\u00f3 as\u00ed su segundo partido con el club del Principado.<\/p>\n","protected":false},"excerpt":{"rendered":"Segunda derrota del PSG en Ligue 1. El M\u00f3naco de Ansu Fati, sustituto de Golovin en el 72\u2019,&hellip;\n","protected":false},"author":2,"featured_media":263547,"comment_status":"","ping_status":"","sticky":false,"template":"","format":"standard","meta":{"footnotes":""},"categories":[268],"tags":[168,25,24,280,282,281,23,167],"class_list":{"0":"post-263546","1":"post","2":"type-post","3":"status-publish","4":"format-standard","5":"has-post-thumbnail","7":"category-futbol","8":"tag-deportes","9":"tag-es","10":"tag-espana","11":"tag-football","12":"tag-futbol","13":"tag-soccer","14":"tag-spain","15":"tag-sports"},"share_on_mastodon":{"url":"https:\/\/pubeurope.com\/@es\/115638318700937242","error":""},"_links":{"self":[{"href":"https:\/\/www.europesays.com\/es\/wp-json\/wp\/v2\/posts\/263546","targetHints":{"allow":["GET"]}}],"collection":[{"href":"https:\/\/www.europesays.com\/es\/wp-json\/wp\/v2\/posts"}],"about":[{"href":"https:\/\/www.europesays.com\/es\/wp-json\/wp\/v2\/types\/post"}],"author":[{"embeddable":true,"href":"https:\/\/www.europesays.com\/es\/wp-json\/wp\/v2\/users\/2"}],"replies":[{"embeddable":true,"href":"https:\/\/www.europesays.com\/es\/wp-json\/wp\/v2\/comments?post=263546"}],"version-history":[{"count":0,"href":"https:\/\/www.europesays.com\/es\/wp-json\/wp\/v2\/posts\/263546\/revisions"}],"wp:featuredmedia":[{"embeddable":true,"href":"https:\/\/www.europesays.com\/es\/wp-json\/wp\/v2\/media\/263547"}],"wp:attachment":[{"href":"https:\/\/www.europesays.com\/es\/wp-json\/wp\/v2\/media?parent=263546"}],"wp:term":[{"taxonomy":"category","embeddable":true,"href":"https:\/\/www.europesays.com\/es\/wp-json\/wp\/v2\/categories?post=263546"},{"taxonomy":"post_tag","embeddable":true,"href":"https:\/\/www.europesays.com\/es\/wp-json\/wp\/v2\/tags?post=263546"}],"curies":[{"name":"wp","href":"https:\/\/api.w.org\/{rel}","templated":true}]}}