{"id":263548,"date":"2025-11-30T11:04:07","date_gmt":"2025-11-30T11:04:07","guid":{"rendered":"https:\/\/www.europesays.com\/es\/263548\/"},"modified":"2025-11-30T11:04:07","modified_gmt":"2025-11-30T11:04:07","slug":"es-muy-peligroso-porque-mantienen-al-pueblo-oprimido","status":"publish","type":"post","link":"https:\/\/www.europesays.com\/es\/263548\/","title":{"rendered":"Es muy peligroso porque mantienen al pueblo oprimido"},"content":{"rendered":"<p class=\"c-paragraph\">Ruth Lorenzo habl\u00f3 por primera vez de <b>c\u00f3mo vivi\u00f3 la religi\u00f3n en su infancia<\/b> En su reciente entrevista para <a href=\"https:\/\/www.elmundo.es\/cultura\/musica\/2025\/11\/27\/691f12c4fdddff5c5b8b45a2.html\" rel=\"nofollow noreferrer noopener\" target=\"_blank\">El Mundo<\/a>, la que fuera representante de Espa\u00f1a en <a href=\"https:\/\/www.20minutos.es\/tags\/temas\/eurovision.html\" title=\"Eurovisi\u00f3n\" rel=\"nofollow noopener\" target=\"_blank\">Eurovisi\u00f3n <\/a>2014 explic\u00f3 c\u00f3mo durante sus a\u00f1os en Utah, Estados Unidos, su madre se hizo mormona. Por ello, entre risas, asegur\u00f3 que su vida fue de pel\u00edcula.\u00a0<\/p>\n<p class=\"c-paragraph\">Seg\u00fan explic\u00f3, a pesar de nacer en Murcia, con el tiempo se mud\u00f3 y por ello su vida ha sido tan \u00abcuriosa\u00bb que podr\u00eda venderla a Netflix, como as\u00ed le asegur\u00f3 un amigo: \u00ab<b>He tenido una madre diferente y una historia poco habitual, con sus cosas mejores y peores, pero me alegro de que haya sido as\u00ed.<\/b> Conozco gente que naci\u00f3 en el mismo edificio donde ahora vive y que no se ha movido del barrio donde est\u00e1n\u00bb.\u00a0<\/p>\n<p class=\"c-paragraph\">Como as\u00ed destac\u00f3, la organizaci\u00f3n mormona funciona de maneras muy diferentes. De hecho, <b>incluso dentro de la propia religi\u00f3n hay quien no quiere que se llame as\u00ed <\/b>para evitar ser relacionados con la poligamia, pues un sector de ellos s\u00ed que la permite: \u00abSon la Iglesia de Jesucristo de los Santos de los \u00daltimos D\u00edas\u00bb. Por eso, entre risas as\u00ed destac\u00f3 ella vivi\u00f3 \u00abotro tipo de vida llena de historias, de aventuras, de risas y de l\u00e1grimas\u00bb.\u00a0<\/p>\n<p class=\"c-paragraph\">Por eso, tras haber vivido la religi\u00f3n tan de cerca, siente una gran preocupaci\u00f3n por el \u00abboom religioso\u00bb. \u00abEs muy peligroso porque las instituciones religiosas existen para mantener al pueblo oprimido y dormido.<b> Yo s\u00ed he vivido la religi\u00f3n y s\u00e9 lo que es estar dentro\u00bb,<\/b> destac\u00f3. Por ello, la cantante no dud\u00f3 en hablar de Lux, el nuevo disco de <a href=\"https:\/\/www.20minutos.es\/tags\/personas\/rosalia.html\" title=\"Rosal\u00eda\" rel=\"nofollow noopener\" target=\"_blank\">Rosal\u00eda<\/a>.\u00a0<\/p>\n<p class=\"c-paragraph\">\u00abEsto no tiene que ver con Rosal\u00eda\u00a0<b>llevando una idea a un concepto art\u00edstico y que cada uno que lo interprete como quiera,<\/b> que siempre se ha hecho y es totalmente l\u00edcito\u00bb, comenz\u00f3 a explicar, \u00abel problema es que veo mucho en la gente joven la confusi\u00f3n que da la ignorancia. Si t\u00fa no has vivido bajo el yugo de una religi\u00f3n, no puedes romantizar eso\u00bb. Aunque, como as\u00ed asegur\u00f3, esto no se centra en la religi\u00f3n.\u00a0<\/p>\n<p class=\"c-paragraph\">Seg\u00fan se\u00f1al\u00f3, quien no vive ciertos tipos de vida tiende a romantizarlo como as\u00ed ocurre con el franquismo y ciertos sectores j\u00f3venes. \u00abPregunta al se\u00f1or de 80 a\u00f1os, a ver qu\u00e9 te cuenta.<b> S\u00f3lo el que lo ha vivido puede saber lo que significa y yo, con la religi\u00f3n, lo s\u00e9.<\/b> Debemos dejar de pensar en el pasado y caminar hacia el futuro. Es momento de evolucionar, no de involucionar\u00bb, finaliz\u00f3.<\/p>\n","protected":false},"excerpt":{"rendered":"Ruth Lorenzo habl\u00f3 por primera vez de c\u00f3mo vivi\u00f3 la religi\u00f3n en su infancia En su reciente entrevista&hellip;\n","protected":false},"author":2,"featured_media":263549,"comment_status":"","ping_status":"","sticky":false,"template":"","format":"standard","meta":{"footnotes":""},"categories":[174],"tags":[26415,255,146,147,25,24,256,1494,19621,62698,57,23],"class_list":{"0":"post-263548","1":"post","2":"type-post","3":"status-publish","4":"format-standard","5":"has-post-thumbnail","7":"category-famosos","8":"tag-boom","9":"tag-celebrities","10":"tag-entertainment","11":"tag-entretenimiento","12":"tag-es","13":"tag-espana","14":"tag-famosos","15":"tag-lorenzo","16":"tag-religioso","17":"tag-ruth","18":"tag-sobre","19":"tag-spain"},"share_on_mastodon":{"url":"https:\/\/pubeurope.com\/@es\/115638322227969605","error":""},"_links":{"self":[{"href":"https:\/\/www.europesays.com\/es\/wp-json\/wp\/v2\/posts\/263548","targetHints":{"allow":["GET"]}}],"collection":[{"href":"https:\/\/www.europesays.com\/es\/wp-json\/wp\/v2\/posts"}],"about":[{"href":"https:\/\/www.europesays.com\/es\/wp-json\/wp\/v2\/types\/post"}],"author":[{"embeddable":true,"href":"https:\/\/www.europesays.com\/es\/wp-json\/wp\/v2\/users\/2"}],"replies":[{"embeddable":true,"href":"https:\/\/www.europesays.com\/es\/wp-json\/wp\/v2\/comments?post=263548"}],"version-history":[{"count":0,"href":"https:\/\/www.europesays.com\/es\/wp-json\/wp\/v2\/posts\/263548\/revisions"}],"wp:featuredmedia":[{"embeddable":true,"href":"https:\/\/www.europesays.com\/es\/wp-json\/wp\/v2\/media\/263549"}],"wp:attachment":[{"href":"https:\/\/www.europesays.com\/es\/wp-json\/wp\/v2\/media?parent=263548"}],"wp:term":[{"taxonomy":"category","embeddable":true,"href":"https:\/\/www.europesays.com\/es\/wp-json\/wp\/v2\/categories?post=263548"},{"taxonomy":"post_tag","embeddable":true,"href":"https:\/\/www.europesays.com\/es\/wp-json\/wp\/v2\/tags?post=263548"}],"curies":[{"name":"wp","href":"https:\/\/api.w.org\/{rel}","templated":true}]}}