{"id":263550,"date":"2025-11-30T11:05:13","date_gmt":"2025-11-30T11:05:13","guid":{"rendered":"https:\/\/www.europesays.com\/es\/263550\/"},"modified":"2025-11-30T11:05:13","modified_gmt":"2025-11-30T11:05:13","slug":"san-sebastian-en-1895-la-creacion-de-la-sociedad-de-bellas-artes","status":"publish","type":"post","link":"https:\/\/www.europesays.com\/es\/263550\/","title":{"rendered":"San Sebasti\u00e1n en 1895 | La creaci\u00f3n de la Sociedad de Bellas Artes"},"content":{"rendered":"<p><a class=\"v-mdl-ath__fig-a\" href=\"https:\/\/www.diariovasco.com\/autor\/javier-sada-2713.html\" title=\"Javier Sada\" rel=\"nofollow noopener\" target=\"_blank\"><br \/>\n<img decoding=\"async\" class=\"v-mdl-ath__img\" src=\"https:\/\/www.europesays.com\/es\/wp-content\/uploads\/2025\/11\/autor-2713-foto-1.jpeg\" alt=\"Javier Sada\"\/><br \/>\n<\/a><\/p>\n<p class=\"v-mdl-ath__p v-mdl-ath__p--6\">\nDomingo, 30 de noviembre 2025, 09:47<\/p>\n<p>| Actualizado 11:08h.<\/p>\n<p class=\"v-p\">Contaba don \u00c1lvaro del Valle y de Lersundi, director de la Sociedad Bascongada de los Amigos del Pa\u00eds, a quien se recuerda con una plaza en la Parte Vieja, c\u00f3mo en la casa de su familia, en el paseo de La Concha, se reun\u00edan donostiarras interesados por la literatura, m\u00fasica, historia, arte, arqueolog\u00eda\u2026 All\u00ed acud\u00edan Leonardo de Moyua, Juan Guim\u00f3n, Marino Tabuyo, Rogelio Gord\u00f3n, Germ\u00e1n Cendoya, etc. As\u00ed las cosas, el a\u00f1o 1892 decidieron crear una sociedad para desarrollar proyectos culturales que fueran beneficiosos para la ciudad. Le pusieron el nombre Euskal Batzarre y \u00ablos hombres que la incluyen, son h\u00e1biles defensores del euskera\u00bb. Los estatutos se imprimieron en la imprenta Hijos de J. R. Baroja, sita en la plaza de la Constituci\u00f3n.<\/p>\n<p class=\"v-p\">Hasta que tuvieran dineros y pudieran tener local propio, fijaron la sede en el n\u00famero 2 de la calle del General Lersundi pero, antes de terminar el a\u00f1o, adquirieron el primer piso del n\u00famero 9 de la calle General Echag\u00fce, donde establecieron su domicilio social hasta que, un a\u00f1o m\u00e1s tarde, marcharon al n\u00famero 6, planta baja, de la misma calle. <\/p>\n<p>\nDe la fusi\u00f3n de las Sociedades Euskal Batzarre y Sociedad Easo surgi\u00f3 la Sociedad de Bellas Artes\n<\/p>\n<p class=\"v-p\">Tres a\u00f1os de actividad y en 1895 crearon la Sociedad An\u00f3nima Easo que, presidida por Javier Ibero y con un capital de 30.000 pesetas, dividido en acciones de 500, tendr\u00eda como objetivo \u00abconstruir un edificio destinado al fomento de las Bellas Artes en general y, especialmente, a la M\u00fasica y a la Pintura\u00bb. Compraron un solar de 310 m2 a Arana y Cia, en el ensanche oriental, entre la calle Aldamar y el paseo de Salamanca, y \u00abpara que se sepa que los Bascongados no olvidamos nuestra muy amada lengua Euskara\u00bb, dicho 1895 a la calle se le puso el nombre de Euskal Herria.<\/p>\n<p class=\"v-p\">Jos\u00e9 Goicoa realiz\u00f3 el proyecto aprobado el mes de abril, en mayo recibi\u00f3 el visto bueno del arquitecto municipal, Nemesio Barrio, y antes de terminar el mes ya se estaba excavando y cimentando. En junio del 96 el presidente de la Sociedad, Conde de Pe\u00f1aflorida, anunciaba que la Comisi\u00f3n de Obras declaraba oficialmente habitable el edificio, inaugurado un a\u00f1o antes.<\/p>\n<p>\nFue su principal objetivo construir un edificio destinado al fomento de las Bellas Artes en general\n<\/p>\n<p class=\"v-p\">Entre obras, tr\u00e1mites y gestiones, las sociedades Euskal Batzarre y Easo, se unieron, creando la Sociedad de Bellas Artes, siempre en el contexto de la Sociedad Econ\u00f3mica Bascongada de los Amigos del Pa\u00eds.<\/p>\n<p class=\"v-p\">Tal d\u00eda como el de ma\u00f1ana, 1 de diciembre, del a\u00f1o 1895, el Palacio Bellas Artes fue inaugurado con la actuaci\u00f3n de una orquesta \u00abformada por lo mejor que en madera y metal hay en la ciudad\u00bb. Ten\u00eda quince metros de fachada y veinte de fondo y en su interior, junto a la sala de conciertos y exposiciones, se encontraban los espacios dedicados a escuelas de pintura, escultura, cocina, cine, gimnasia, etc.<\/p>\n<p class=\"v-p\">El sal\u00f3n de conversaci\u00f3n y fiestas estaba en la planta baja. Para la orquesta hab\u00eda un escenario que ten\u00eda como fondo un \u00f3rgano de la Casa Puget. En las paredes, decoradas de color rojo, destacaban los escudos y flores de lis con las iniciales B. A. (Bellas Artes) y medallones con retratos de Beethoven, Mozart, Haydn y Bach debidos a los pinceles de Benlliure y Mart\u00ednez Bryan, correspondiendo \u00abal esmerado artista donostiarra Ugarte\u00bb el retrato de Wagner. Leyendo las cr\u00f3nicas del acto inaugural y m\u00e1s all\u00e1 de los aplausos recibidos por los m\u00fasicos, en la prensa local destacan los elogios dedicados a F\u00e9lix Ibarguren, el cocinero encargado de preparar el men\u00fa.<\/p>\n<p>\nEl Palacio del Bellas Artes de la calle Euskal Herria fue destruido por un incendio el a\u00f1o 1913\n<\/p>\n<p class=\"v-p\">La historia del Palacio finaliz\u00f3 el 27 de febrero de 1913, cuando, poco antes de proyectarse una pel\u00edcula, se dijo que, desde la cabina, debido a la f\u00e1cil combusti\u00f3n del celuloide, comenz\u00f3 a salir un fuego que, extendi\u00e9ndose r\u00e1pidamente, produjo la total destrucci\u00f3n del edificio.<\/p>\n<p><img decoding=\"async\" loading=\"lazy\" src=\"https:\/\/www.europesays.com\/es\/wp-content\/uploads\/2025\/11\/kutxa-fundazioa-634x305-U2201797708302cjB-U2302391324625VzE-634x305@Diario Vasco.jpg\" class=\"v-a-img\" width=\"634\" height=\"305\" alt=\"\" data-voc-vtm-id=\"in-text-traffic\"\/><\/p>\n<p><img loading=\"lazy\" decoding=\"async\" src=\"https:\/\/www.europesays.com\/es\/wp-content\/uploads\/2025\/11\/kutxa-fundazioa-634x305-U2201797708302cjB-U2302391324625L9F-634x305@Diario Vasco.jpg\" class=\"v-mdl__img-z\" width=\"634\" height=\"305\" alt=\"\"\/><\/p>\n<p>Reporta un error<\/p>\n","protected":false},"excerpt":{"rendered":"Domingo, 30 de noviembre 2025, 09:47 | Actualizado 11:08h. Contaba don \u00c1lvaro del Valle y de Lersundi, director&hellip;\n","protected":false},"author":2,"featured_media":263551,"comment_status":"","ping_status":"","sticky":false,"template":"","format":"standard","meta":{"footnotes":""},"categories":[173],"tags":[229,233,1968,231,230,1967,232,234,146,147,25,24,492,23],"class_list":{"0":"post-263550","1":"post","2":"type-post","3":"status-publish","4":"format-standard","5":"has-post-thumbnail","7":"category-arte-y-diseno","8":"tag-arte","9":"tag-arte-y-diseno","10":"tag-artes","11":"tag-arts","12":"tag-arts-and-design","13":"tag-bellas","14":"tag-design","15":"tag-diseno","16":"tag-entertainment","17":"tag-entretenimiento","18":"tag-es","19":"tag-espana","20":"tag-sociedad","21":"tag-spain"},"share_on_mastodon":{"url":"https:\/\/pubeurope.com\/@es\/115638326462305376","error":""},"_links":{"self":[{"href":"https:\/\/www.europesays.com\/es\/wp-json\/wp\/v2\/posts\/263550","targetHints":{"allow":["GET"]}}],"collection":[{"href":"https:\/\/www.europesays.com\/es\/wp-json\/wp\/v2\/posts"}],"about":[{"href":"https:\/\/www.europesays.com\/es\/wp-json\/wp\/v2\/types\/post"}],"author":[{"embeddable":true,"href":"https:\/\/www.europesays.com\/es\/wp-json\/wp\/v2\/users\/2"}],"replies":[{"embeddable":true,"href":"https:\/\/www.europesays.com\/es\/wp-json\/wp\/v2\/comments?post=263550"}],"version-history":[{"count":0,"href":"https:\/\/www.europesays.com\/es\/wp-json\/wp\/v2\/posts\/263550\/revisions"}],"wp:featuredmedia":[{"embeddable":true,"href":"https:\/\/www.europesays.com\/es\/wp-json\/wp\/v2\/media\/263551"}],"wp:attachment":[{"href":"https:\/\/www.europesays.com\/es\/wp-json\/wp\/v2\/media?parent=263550"}],"wp:term":[{"taxonomy":"category","embeddable":true,"href":"https:\/\/www.europesays.com\/es\/wp-json\/wp\/v2\/categories?post=263550"},{"taxonomy":"post_tag","embeddable":true,"href":"https:\/\/www.europesays.com\/es\/wp-json\/wp\/v2\/tags?post=263550"}],"curies":[{"name":"wp","href":"https:\/\/api.w.org\/{rel}","templated":true}]}}