{"id":263556,"date":"2025-11-30T11:10:11","date_gmt":"2025-11-30T11:10:11","guid":{"rendered":"https:\/\/www.europesays.com\/es\/263556\/"},"modified":"2025-11-30T11:10:11","modified_gmt":"2025-11-30T11:10:11","slug":"a-por-lo-mas-dificil","status":"publish","type":"post","link":"https:\/\/www.europesays.com\/es\/263556\/","title":{"rendered":"A por lo m\u00e1s dif\u00edcil"},"content":{"rendered":"<p>La Real Sociedad recibe este domingo al mediod\u00eda en Anoeta a uno de los equipos m\u00e1s en forma del f\u00fatbol mundial, el Villarreal CF. Los de Sergio Francisco, inmersos en una gran din\u00e1mica, quieren seguir creciendo y sumando ante el tercer clasificado refrendando as\u00ed su candidatura a los puestos nobles. En d\u00edas as\u00ed es cuando la afici\u00f3n, consciente de la importancia del encuentro, ser\u00e1 el jugador n\u00famero 12.<\/p>\n","protected":false},"excerpt":{"rendered":"La Real Sociedad recibe este domingo al mediod\u00eda en Anoeta a uno de los equipos m\u00e1s en forma&hellip;\n","protected":false},"author":2,"featured_media":263557,"comment_status":"","ping_status":"","sticky":false,"template":"","format":"standard","meta":{"footnotes":""},"categories":[93],"tags":[168,25,24,282,1044,798,492,23,167],"class_list":{"0":"post-263556","1":"post","2":"type-post","3":"status-publish","4":"format-standard","5":"has-post-thumbnail","7":"category-deportes","8":"tag-deportes","9":"tag-es","10":"tag-espana","11":"tag-futbol","12":"tag-liga","13":"tag-real","14":"tag-sociedad","15":"tag-spain","16":"tag-sports"},"share_on_mastodon":{"url":"https:\/\/pubeurope.com\/@es\/115638345732867928","error":""},"_links":{"self":[{"href":"https:\/\/www.europesays.com\/es\/wp-json\/wp\/v2\/posts\/263556","targetHints":{"allow":["GET"]}}],"collection":[{"href":"https:\/\/www.europesays.com\/es\/wp-json\/wp\/v2\/posts"}],"about":[{"href":"https:\/\/www.europesays.com\/es\/wp-json\/wp\/v2\/types\/post"}],"author":[{"embeddable":true,"href":"https:\/\/www.europesays.com\/es\/wp-json\/wp\/v2\/users\/2"}],"replies":[{"embeddable":true,"href":"https:\/\/www.europesays.com\/es\/wp-json\/wp\/v2\/comments?post=263556"}],"version-history":[{"count":0,"href":"https:\/\/www.europesays.com\/es\/wp-json\/wp\/v2\/posts\/263556\/revisions"}],"wp:featuredmedia":[{"embeddable":true,"href":"https:\/\/www.europesays.com\/es\/wp-json\/wp\/v2\/media\/263557"}],"wp:attachment":[{"href":"https:\/\/www.europesays.com\/es\/wp-json\/wp\/v2\/media?parent=263556"}],"wp:term":[{"taxonomy":"category","embeddable":true,"href":"https:\/\/www.europesays.com\/es\/wp-json\/wp\/v2\/categories?post=263556"},{"taxonomy":"post_tag","embeddable":true,"href":"https:\/\/www.europesays.com\/es\/wp-json\/wp\/v2\/tags?post=263556"}],"curies":[{"name":"wp","href":"https:\/\/api.w.org\/{rel}","templated":true}]}}