{"id":263558,"date":"2025-11-30T11:11:10","date_gmt":"2025-11-30T11:11:10","guid":{"rendered":"https:\/\/www.europesays.com\/es\/263558\/"},"modified":"2025-11-30T11:11:10","modified_gmt":"2025-11-30T11:11:10","slug":"cruz-roja-reafirma-su-compromiso-con-la-salud-y-la-prevencion-frente-al-vih-sida-y-otras-its-2","status":"publish","type":"post","link":"https:\/\/www.europesays.com\/es\/263558\/","title":{"rendered":"Cruz Roja reafirma su compromiso con la salud y la prevenci\u00f3n frente al VIH-Sida y otras ITS"},"content":{"rendered":"<p>El VIH sigue siendo un desaf\u00edo global. A pesar de los avances en prevenci\u00f3n, diagn\u00f3stico y tratamiento, contin\u00faa representando un importante problema de salud p\u00fablica. Con motivo del D\u00eda Mundial del Sida, que se conmemora este lunes -1 de diciembre-, Cruz Roja reafirma su compromiso con la salud, la prevenci\u00f3n y la lucha contra la estigmatizaci\u00f3n ante esta problem\u00e1tica.<\/p>\n<p>Para hacer frente a estas realidades y acompa\u00f1ar a quienes conviven con el VIH, la Organizaci\u00f3n centra su intervenci\u00f3n en dos pilares fundamentales: el diagn\u00f3stico precoz y una atenci\u00f3n integral que facilite la adherencia terap\u00e9utica. Por ello, desde la Oficina Provincial de Cruz Roja se contin\u00faa impulsando un conjunto de iniciativas y l\u00edneas de actuaci\u00f3n orientadas a mejorar la calidad de vida de las personas afectadas.<\/p>\n<p>\u00abInformaci\u00f3n y prevenci\u00f3n en VIH\/ITS\/TBC\u00bb<\/p>\n<p>Desde el proyecto \u201cInformaci\u00f3n y prevenci\u00f3n en VIH\/ITS\/TBC\u201d, financiado por el Ministerio de Sanidad, se desarrollan campa\u00f1as estatales de sensibilizaci\u00f3n dirigidas tanto a poblaci\u00f3n adulta como joven. Gracias a estas acciones, 265 personas han recibido orientaci\u00f3n y recursos en materia de prevenci\u00f3n.<\/p>\n<p>A trav\u00e9s del proyecto \u201cAtenci\u00f3n integral a personas con VIH en situaci\u00f3n de vulnerabilidad\u201d, la Instituci\u00f3n ofrece apoyo social, psicol\u00f3gico y sanitario a personas afectadas por VIH y\/o sida, as\u00ed como a sus familias y entornos cercanos, especialmente en contextos de riesgo o exclusi\u00f3n social. Esta iniciativa -financiada por la Junta de Castilla y Le\u00f3n y materializada a trav\u00e9s de acciones de sensibilizaci\u00f3n, charlas y actuaciones de calle-, ha permitido atender a 67 personas en la provincia.<\/p>\n<p>De forma paralela, Cruz Roja Juventud ha reforzado el trabajo preventivo con campa\u00f1as y actividades espec\u00edficas dirigidas a la poblaci\u00f3n joven, alcanzando a un total de 230 personas durante este 2025.<\/p>\n<p>Una exposici\u00f3n para sensibilizar<\/p>\n<p>Como parte de la conmemoraci\u00f3n del D\u00eda Mundial del Sida, Cruz Roja inaugurar\u00e1 este 1 de diciembre la exposici\u00f3n \u201c20 a\u00f1os de campa\u00f1as en Cruz Roja\u201d, una muestra que recorre dos d\u00e9cadas de evoluci\u00f3n en la comunicaci\u00f3n, el tratamiento y la percepci\u00f3n social del VIH. La exposici\u00f3n estar\u00e1 abierta al p\u00fablico hasta el 15 de diciembre en la Biblioteca del Campus de la Universidad de Le\u00f3n en Ponferrada.<\/p>\n<p>20 a\u00f1os de Info Prevenci\u00f3n<\/p>\n<p>En esta edici\u00f3n, adem\u00e1s, se celebra el 20\u00ba aniversario de Info Prevenci\u00f3n, un proyecto que naci\u00f3 en 2005 para ofrecer informaci\u00f3n rigurosa, accesible y cercana sobre el VIH y otras ITS. Este recurso multicanal gratuito, confidencial y abierto a toda la poblaci\u00f3n trabaja para fomentar conductas responsables, favorecer el diagn\u00f3stico precoz y combatir el estigma, especialmente entre quienes no pueden acceder a otros servicios de asesoramiento.<\/p>\n<p>Durante estos 20 a\u00f1os, Info Prevenci\u00f3n ha atendido m\u00e1s de 624.000 consultas, principalmente relacionadas con v\u00edas de transmisi\u00f3n (85,52%), pr\u00e1cticas sexuales (70,26%) y pruebas diagn\u00f3sticas (43,80%). La mayor\u00eda de estas consultas \u2014un 84,2%\u2014 se realizaron por v\u00eda telef\u00f3nica o chat. En cuanto a los perfiles de las personas usuarias, destacan las franjas de 30 a 39 a\u00f1os (43,93%) y de 20 a 29 a\u00f1os (26,70%).<\/p>\n<p>Con estas acciones, Cruz Roja reafirma que la lucha contra el VIH no es solo una cuesti\u00f3n sanitaria, sino tambi\u00e9n social y humana. Acompa\u00f1ar, informar y prevenir sigue siendo esencial para garantizar que ninguna persona se quede atr\u00e1s. Por ello, la Instituci\u00f3n continuar\u00e1 impulsando iniciativas que fomenten el respeto, la inclusi\u00f3n y el acceso a la salud, avanzando hacia un futuro en el que vivir con VIH no implique vivir con miedo, silencio o discriminaci\u00f3n.<\/p>\n","protected":false},"excerpt":{"rendered":"El VIH sigue siendo un desaf\u00edo global. A pesar de los avances en prevenci\u00f3n, diagn\u00f3stico y tratamiento, contin\u00faa&hellip;\n","protected":false},"author":2,"featured_media":263559,"comment_status":"","ping_status":"","sticky":false,"template":"","format":"standard","meta":{"footnotes":""},"categories":[92],"tags":[65518,25,24,165,4108,166,492,23],"class_list":{"0":"post-263558","1":"post","2":"type-post","3":"status-publish","4":"format-standard","5":"has-post-thumbnail","7":"category-salud","8":"tag-cruz-roja-leon","9":"tag-es","10":"tag-espana","11":"tag-health","12":"tag-leon","13":"tag-salud","14":"tag-sociedad","15":"tag-spain"},"share_on_mastodon":{"url":"https:\/\/pubeurope.com\/@es\/115638349637037316","error":""},"_links":{"self":[{"href":"https:\/\/www.europesays.com\/es\/wp-json\/wp\/v2\/posts\/263558","targetHints":{"allow":["GET"]}}],"collection":[{"href":"https:\/\/www.europesays.com\/es\/wp-json\/wp\/v2\/posts"}],"about":[{"href":"https:\/\/www.europesays.com\/es\/wp-json\/wp\/v2\/types\/post"}],"author":[{"embeddable":true,"href":"https:\/\/www.europesays.com\/es\/wp-json\/wp\/v2\/users\/2"}],"replies":[{"embeddable":true,"href":"https:\/\/www.europesays.com\/es\/wp-json\/wp\/v2\/comments?post=263558"}],"version-history":[{"count":0,"href":"https:\/\/www.europesays.com\/es\/wp-json\/wp\/v2\/posts\/263558\/revisions"}],"wp:featuredmedia":[{"embeddable":true,"href":"https:\/\/www.europesays.com\/es\/wp-json\/wp\/v2\/media\/263559"}],"wp:attachment":[{"href":"https:\/\/www.europesays.com\/es\/wp-json\/wp\/v2\/media?parent=263558"}],"wp:term":[{"taxonomy":"category","embeddable":true,"href":"https:\/\/www.europesays.com\/es\/wp-json\/wp\/v2\/categories?post=263558"},{"taxonomy":"post_tag","embeddable":true,"href":"https:\/\/www.europesays.com\/es\/wp-json\/wp\/v2\/tags?post=263558"}],"curies":[{"name":"wp","href":"https:\/\/api.w.org\/{rel}","templated":true}]}}