{"id":263564,"date":"2025-11-30T11:22:23","date_gmt":"2025-11-30T11:22:23","guid":{"rendered":"https:\/\/www.europesays.com\/es\/263564\/"},"modified":"2025-11-30T11:22:23","modified_gmt":"2025-11-30T11:22:23","slug":"incendio-sin-heridos-subida-salarial-y-mas-buenas-noticias","status":"publish","type":"post","link":"https:\/\/www.europesays.com\/es\/263564\/","title":{"rendered":"Incendio sin heridos, subida salarial y m\u00e1s buenas noticias"},"content":{"rendered":"<p>Buen domingo y felicidades a todos los andreses en el d\u00eda de <strong>San Andr\u00e9s<\/strong> que es quien despide noviembre. Hoy se conmemora a las <strong>V\u00edctimas de la Guerra Qu\u00edmica<\/strong> y se celebra el <strong>D\u00eda Mundial de la lucha contra los Trastornos de la Conducta Alimentaria (CTA)<\/strong>. Es tambi\u00e9n el <strong>Dia Internacional de la Seguridad Inform\u00e1tica<\/strong> y el de los<strong> Influencers<\/strong>, aunque a ellos les gusta que les llamemos creadores de contenido. Comienza el <strong>Adviento<\/strong> y, si tienes calendario, puedes empezar a abrir hasta el d\u00eda de Nochebuena esa ventanita que esconde una chocolatina. A disfrutar.<\/p>\n<p>Y el 30 de noviembre es un d\u00eda de incre\u00edbles y numerosas efem\u00e9rides hist\u00f3ricas. En <strong>1803<\/strong> zarpaba desde el puerto de A Coru\u00f1a la Real <strong>Expedici\u00f3n Filantr\u00f3pica de la Vacuna<\/strong>, un barco con 37 personas cuyo fin era llevar la de la viruela a cualquier parte del imperio Espa\u00f1ol. Se considera la primera expedici\u00f3n sanitaria internacional de la historia. <\/p>\n<p>Los m\u00fasicos inmortales como <strong>Michael Jackson<\/strong> o el grupo <strong>Pink Floyd <\/strong>lanzaron un 30 de noviembre sus \u00e1lbumes <strong>Thriller<\/strong> y <strong>The Wall<\/strong>. El de Jackson fue en <strong>1982<\/strong> y es el m\u00e1s vendido de la historia de la m\u00fasica. El de la banda de rock brit\u00e1nica vio la luz en <strong>1979<\/strong>, diez a\u00f1os antes de la ca\u00edda del muro de Berl\u00edn. <\/p>\n<p>Tambi\u00e9n un 30 de noviembre, pero de <strong>1872<\/strong>, tuvo lugar el <strong>primer partido de f\u00fatbol entre selecciones<\/strong> de naciones. Se enfrentaron <strong>Inglaterra y Escocia<\/strong> que acabaron empatando a cero. Te recuerdo que este martes, <a href=\"https:\/\/www.rtve.es\/deportes\/20251127\/formato-final-nations-espana-alemania-ida-vuelta\/16831813.shtml \" target=\"_blank\" rel=\"nofollow noopener\">2 de diciembre, juegan Espa\u00f1a y Alemania en el Metropolitano<\/a> la <strong>final de la Liga de Naciones Femenina<\/strong> de la UEFA. <\/p>\n<p>                        <strong>El guarismo, la cifra, el dato, el n\u00famero de la semana: 1.273<\/strong><\/p>\n<p>Son los euros del <strong>Salario M\u00ednimo Interprofesional (SMI)<\/strong> que han propuesto los sindicatos UGT y CC.OO. para 2026. Que nadie cobre menos de <a href=\"https:\/\/www.rtve.es\/noticias\/20251125\/ugt-ccoo-proponen-subir-smi-sujeto-tributacion\/16830283.shtml \" target=\"_blank\" rel=\"nofollow noopener\">1.273 euros al mes a partir de enero<\/a>. Esto supone <strong>89 euros m\u00e1s<\/strong> en cada n\u00f3mina. Al a\u00f1o ser\u00edan <strong>17.822 euros brutos en 14 pagas<\/strong>. Defienden que tribute siempre y cuando se garantice el salario medio neto, como fija la Carta Social Europea. As\u00ed, despu\u00e9s de impuestos, la propuesta dejar\u00eda el SMI en <strong>1.216 euros netos al mes<\/strong> el pr\u00f3ximo a\u00f1o, <strong>un 2,7% m\u00e1s<\/strong> que en 2025.<\/p>\n<p>            Incendio sin heridos en un hospital<\/p>\n<p>La noticia de la semana es, sin duda, el <a href=\"https:\/\/www.rtve.es\/noticias\/20251126\/incendio-hospital-cartagena\/16831960.shtml \" target=\"_blank\" rel=\"nofollow noopener\">\u00e9xito de la evacuaci\u00f3n del Hospital Santa Luc\u00eda de Cartagena<\/a>, en <strong>Murcia<\/strong>, durante el incendio que sufri\u00f3 este mi\u00e9rcoles. Hay que agradec\u00e9rselo a los <strong>trabajadores<\/strong> y a los <strong>bomberos <\/strong>que actuaron con una <strong>rapidez y eficacia ejemplar<\/strong>. Nadie result\u00f3 herido. Tuvieron que mover a <strong>113 pacientes <\/strong>reubic\u00e1ndolos en el propio centro y en el Hospital General Universitario Santa Mar\u00eda del Rosell. <a href=\"https:\/\/www.rtve.es\/play\/audios\/murcia-informativos\/informativo-region-murcia-tarde-26-11-2025\/16833450\/ \" target=\"_blank\" rel=\"nofollow noopener\">As\u00ed lo contaban nuestros compa\u00f1eros de RNE en Murcia<\/a>.<\/p>\n<p>Lo cierto es que en <strong>menos de una hora<\/strong> los efectivos de emergencias hab\u00edan logrado controlar el avance de las llamas. Seguramente tuvo mucho que ver la <strong>proximidad del centro sanitario al parque de bomberos<\/strong>. La buena noticia que dimos en la web y en la radio \u2015y que te hemos enlazado m\u00e1s arriba\u2015  tambi\u00e9n la contaron <strong>Melanie St\u00fcber<\/strong> y <strong>Salvador S\u00e1nchez <\/strong>en esta pieza del Telediario. <\/p>\n<p>\t\tEvacuaci\u00f3n exitosa en el incendio de un hospital en Cartagena\t<\/p>\n<p>Subida de sueldo a los empleados p\u00fablicos<\/p>\n<p>Bomberos, sanitarios, polic\u00edas, jueces, profesores, administrativos\u2026 hasta <strong>3,5 millones de empleados p\u00fablicos<\/strong> \u2015y sus familias\u2015 se ver\u00e1n beneficiados por el <strong>pacto entre el Gobierno y los sindicatos<\/strong> para subirles el salario <strong>un 11% <\/strong>de modo progresivo <strong>hasta el a\u00f1o 2028<\/strong>. El aumento correspondiente a este 2025 ser\u00e1 del 2,5% y se ver\u00e1 reflejado en la n\u00f3mina de diciembre con efectos retroactivos.<\/p>\n<p>Esta subida har\u00e1 que recuperen algo de la<strong> p\u00e9rdida de poder adquisitivo<\/strong> que han ido acumulando a lo largo de los \u00faltimos a\u00f1os. No olvidemos que los empleados p\u00fablicos est\u00e1n <strong>para servirnos<\/strong> a todos porque son <strong>los mejores en lo suyo<\/strong>, los que han aprobado una oposici\u00f3n abierta a todos.<\/p>\n<p>M\u00e1s derechos en el trabajo<\/p>\n<p>Seguimos con m\u00e1s conquistas en el terreno laboral. El viernes conoc\u00edamos que el <strong>Tribunal Supremo<\/strong> ha decidido que la <strong>pausa de la comida<\/strong> computa como tiempo de trabajo si no hay <strong>desconexi\u00f3n real.<\/strong> Y lo ha fijado en una sentencia del pasado mes de septiembre sobre una empresa de<strong> ambulancias<\/strong>. <\/p>\n<p>Trenes de Cercan\u00edas en tiempo real<\/p>\n<p>Del trabajo, a los trenes de <strong>Cercan\u00edas y Rodal\u00edes<\/strong> que muchos usamos para ir a trabajar. Este mi\u00e9rcoles Renfe habilitaba una web para ver <strong>en tiempo real <\/strong>la ubicaci\u00f3n exacta de los trenes y comprobar as\u00ed desde el m\u00f3vil, en el and\u00e9n, si van con retraso. <a href=\"https:\/\/tiempo-real.renfe.com\/ \" target=\"_blank\" rel=\"nofollow noopener\">Esta es la web<\/a> con el mapa interactivo. La noticia la ha contado nuestro compa\u00f1ero de Econom\u00eda <strong>Andriy Ilkiv<\/strong>. Dice que tambi\u00e9n \u201cindican su hora de paso por cada estaci\u00f3n\u201d.<\/p>\n<p>M\u00e1s de 40 marchas contra la violencia<\/p>\n<p>El martes, 25 de noviembre, celebr\u00e1bamos el <strong>D\u00eda Internacional de la Eliminaci\u00f3n de la Violencia contra la Mujer<\/strong>. En RTVE Noticias te ofrec\u00edamos un <strong><a href=\"https:\/\/www.rtve.es\/noticias\/25n-dia-eliminacion-violencia-contra-mujer\/  \" target=\"_blank\" rel=\"nofollow noopener\">Especial 25N<\/a><\/strong> con diferentes miradas y puntos de vista. La buena noticia es que miles de personas salieron a las calles a <strong>denunciar el \u00abnegacionismo\u00bb<\/strong> de la violencia de g\u00e9nero con <a href=\"https:\/\/www.rtve.es\/noticias\/20251125\/40-marchas-espana-morado-25n-rechazo-violencia-genero\/16831458.shtml\" target=\"_blank\" rel=\"nofollow noopener\">m\u00e1s de 40  marchas por toda Espa\u00f1a<\/a>.<\/p>\n<p>Las de Madrid han sido las m\u00e1s multitudinarias y nuestro compa\u00f1ero <strong>Sergio Guill\u00e9n <\/strong>estuvo en la calle para cont\u00e1rnoslo en esta <strong>emocionante cr\u00f3nica<\/strong>. El periodista cierra su art\u00edculo as\u00ed: \u201ccon pancartas, con pa\u00f1uelos morados, con tambores o meg\u00e1fonos, mujeres de todas las edades han decidido alzar la voz y ser reivindicativas. Hoy y siempre\u201d. No dejes de leerlo.<\/p>\n<p>J\u00f3venes contra la misoginia en internet<\/p>\n<p>Siguiendo con buenas noticias y <strong>brotes verdes<\/strong> dentro de la violencia de g\u00e9nero no podemos dejar de compartir esta conversaci\u00f3n en RNE sobre el espacio <strong>Br\u00f3ders<\/strong> para j\u00f3venes que buscan <strong>romper con la &#8216;manosfera&#8217;<\/strong> antifeminista y mis\u00f3gina en internet.<\/p>\n<p>\t\tBr\u00f3ders, un espacio para j\u00f3venes que busca romper con la &#8216;manosfera&#8217;: \u00abCuando buscan respuestas, al tercer clic de Internet est\u00e1n metidos en un foro antifeminista\u00bb\t<\/p>\n<p>Acuerdo para proteger a perros y gatos<\/p>\n<p>Pero tambi\u00e9n hay buenas noticias m\u00e1s all\u00e1 de los Pirineos. Los compa\u00f1eros de la <strong>televisi\u00f3n p\u00fablica checa<\/strong>. Ceska Televize, nos han contado esta semana que la Uni\u00f3n Europea ha llegado a un acuerdo para mejorar el<strong> bienestar de perros y gatos<\/strong> con leyes comunes a todos los pa\u00edses. <\/p>\n<p>El Parlamento y el Consejo de la UE han decidido reducir las <strong>pr\u00e1cticas comerciales crueles<\/strong> y poner <strong>l\u00edmites a los criaderos<\/strong>. Estas normas afectan a<strong> 72 millones de perros<\/strong> y m\u00e1s de <strong>83 millones de gatos<\/strong> que viven en los 27 pa\u00edses de la UE. El comercio de estas mascotas hab\u00eda crecido considerablemente en los \u00faltimos a\u00f1os y mueve cada a\u00f1o 1.300 millones de euros.<\/p>\n<p><strong>Tres recomendaciones <\/strong><\/p>\n<p>La primera tiene que ver con la violencia de g\u00e9nero y el<strong> periodismo de soluciones<\/strong>. Son recursos para salir de la violencia de g\u00e9nero y pasar de v\u00edctima a superviviente. Porque con <strong>ayuda psicol\u00f3gica<\/strong> es posible la reconstrucci\u00f3n de la autonom\u00eda, la autoestima y la identidad. <\/p>\n<p>El segundo art\u00edculo, en la misma l\u00ednea de <strong>periodismo constructivo<\/strong> es este texto en el que te explicamos todo lo que hay que saber sobre la <strong>baliza V16<\/strong> que ser\u00e1 obligatoria en Espa\u00f1a a partir del 1 de enero. Ya te adelantamos que no sirve cualquier modelo porque debe estar homologado por la DGT. Pero tambi\u00e9n que, una vez comprada, no hay que pagar ninguna cuota adicional.<\/p>\n<p>Y la tercera y \u00faltima recomendaci\u00f3n tiene que ver con los mitos y leyendas sobre el <strong>uso del efectivo<\/strong>, del cash, del dinero contante y sonante. El reportaje es de Ismael Arranz, periodista del programa <strong>Econom\u00eda de bolsillo<\/strong> en RNE que ha entrevistado a Mar\u00eda Jos\u00e9 Fern\u00e1ndez, directora del Departamento de Efectivo del Banco de Espa\u00f1a. Tambi\u00e9n le ha explicado c\u00f3mo detectar <strong>billetes falsos<\/strong> y Arranz nos lo detalla aqu\u00ed para que no nos los cuelen.<\/p>\n<p>Y hasta aqu\u00ed el repaso semanal de buenas noticias que \u2014digan lo que digan y lo diga quien lo diga\u2014 tambi\u00e9n son noticia. <strong>Que el d\u00eda te sea propicio y que propicies un buen d\u00eda<\/strong>. Disfruta del \u00faltimo domingo de noviembre, prep\u00e1rate para gozar de diciembre y no te olvides de los que sufren por cualquier causa a tu alrededor. Empatiza o, como poco, no seas antiemp\u00e1tico. Seguimos, por las buenas.<\/p>\n<p>Ya sabes que si tienes una buena noticia que quieres que contemos en los canales p\u00fablicos de RNE, TVE y RTVE.es nos la puedes hacer llegar por correo electr\u00f3nico escribi\u00e9ndonos a <a href=\"https:\/\/www.rtve.es\/noticias\/20251130\/evacuado-con-exito-hospital-cartagena-suben-sueldos-otras-buenas-noticias-semana\/mailto:porlasbuenas@rtve.es\" rel=\"nofollow noopener\" target=\"_blank\">porlasbuenas@rtve.es<\/a> o por whatsapp mand\u00e1ndonos un mensaje al +34686549460. Estamos deseando leerte y ponernos en contacto contigo. <\/p>\n<p>Esta semana nos ha escrito, desde Albacete, <strong>Iv\u00e1n Claverie Gallego<\/strong> para animar a todo aquel que est\u00e9 sufriendo las consecuencias de la <strong>adicci\u00f3n a las drogas, el alcohol y el juego<\/strong>. \u00c9l est\u00e1 luchando para volver a <strong>recuperar su vida y su familia<\/strong>. Ojal\u00e1 que muy pronto nos lo pueda contar \u00e9l mismo. Le mandamos un fuerte abrazo.<\/p>\n","protected":false},"excerpt":{"rendered":"Buen domingo y felicidades a todos los andreses en el d\u00eda de San Andr\u00e9s que es quien despide&hellip;\n","protected":false},"author":2,"featured_media":263565,"comment_status":"","ping_status":"","sticky":false,"template":"","format":"standard","meta":{"footnotes":""},"categories":[5],"tags":[17,18,25,24,13,14,11,19,20,9,10,15,16,23,12,21,22],"class_list":{"0":"post-263564","1":"post","2":"type-post","3":"status-publish","4":"format-standard","5":"has-post-thumbnail","7":"category-titulares","8":"tag-breaking-news","9":"tag-breakingnews","10":"tag-es","11":"tag-espana","12":"tag-featured-news","13":"tag-featurednews","14":"tag-headlines","15":"tag-latest-news","16":"tag-latestnews","17":"tag-news","18":"tag-noticias","19":"tag-noticias-destacadas","20":"tag-noticiasdestacadas","21":"tag-spain","22":"tag-titulares","23":"tag-ultimas-noticias","24":"tag-ultimasnoticias"},"share_on_mastodon":{"url":"https:\/\/pubeurope.com\/@es\/115638392776640870","error":""},"_links":{"self":[{"href":"https:\/\/www.europesays.com\/es\/wp-json\/wp\/v2\/posts\/263564","targetHints":{"allow":["GET"]}}],"collection":[{"href":"https:\/\/www.europesays.com\/es\/wp-json\/wp\/v2\/posts"}],"about":[{"href":"https:\/\/www.europesays.com\/es\/wp-json\/wp\/v2\/types\/post"}],"author":[{"embeddable":true,"href":"https:\/\/www.europesays.com\/es\/wp-json\/wp\/v2\/users\/2"}],"replies":[{"embeddable":true,"href":"https:\/\/www.europesays.com\/es\/wp-json\/wp\/v2\/comments?post=263564"}],"version-history":[{"count":0,"href":"https:\/\/www.europesays.com\/es\/wp-json\/wp\/v2\/posts\/263564\/revisions"}],"wp:featuredmedia":[{"embeddable":true,"href":"https:\/\/www.europesays.com\/es\/wp-json\/wp\/v2\/media\/263565"}],"wp:attachment":[{"href":"https:\/\/www.europesays.com\/es\/wp-json\/wp\/v2\/media?parent=263564"}],"wp:term":[{"taxonomy":"category","embeddable":true,"href":"https:\/\/www.europesays.com\/es\/wp-json\/wp\/v2\/categories?post=263564"},{"taxonomy":"post_tag","embeddable":true,"href":"https:\/\/www.europesays.com\/es\/wp-json\/wp\/v2\/tags?post=263564"}],"curies":[{"name":"wp","href":"https:\/\/api.w.org\/{rel}","templated":true}]}}