{"id":263566,"date":"2025-11-30T11:28:14","date_gmt":"2025-11-30T11:28:14","guid":{"rendered":"https:\/\/www.europesays.com\/es\/263566\/"},"modified":"2025-11-30T11:28:14","modified_gmt":"2025-11-30T11:28:14","slug":"los-secretos-de-andorra-primero-soy-padre-despues-marido-y-despues-ciclista","status":"publish","type":"post","link":"https:\/\/www.europesays.com\/es\/263566\/","title":{"rendered":"Los secretos de Andorra: \u201cPrimero soy padre, despu\u00e9s marido y, despu\u00e9s, ciclista\u201d"},"content":{"rendered":"<p class=\"\"><a href=\"https:\/\/as.com\/ciclismo\/mas_ciclismo\/roglic-supera-a-del-toro-pogacar-y-vingegaard-f202510-n\/\" target=\"_self\" rel=\"nofollow noopener\" title=\"https:\/\/as.com\/ciclismo\/mas_ciclismo\/roglic-supera-a-del-toro-pogacar-y-vingegaard-f202510-n\/\">A finales de octubre<\/a>, el novedoso Andorra Cycling Masters, <b>una prueba pionera <\/b><a href=\"https:\/\/as.com\/ciclismo\/mas_ciclismo\/pogacar-vingegaard-roglic-y-del-toro-cara-a-cara-en-andorra-f202510-n\/\" target=\"_self\" rel=\"nofollow noopener\" title=\"https:\/\/as.com\/ciclismo\/mas_ciclismo\/pogacar-vingegaard-roglic-y-del-toro-cara-a-cara-en-andorra-f202510-n\/\"><b>que reuni\u00f3 a cuatro de las grandes estrellas del pelot\u00f3n ciclista<\/b><\/a> como son Tadej Pogacar (27 a\u00f1os), Jonas Vingegaard (28), Primoz Roglic (36) e Isaac del Toro (22), paraliz\u00f3 el Principado, un pa\u00eds en el que residen en la actualidad m\u00e1s de 120 ciclistas,<b> por lo que la bici forma parte del d\u00eda a d\u00eda en sus calles. <\/b><a href=\"https:\/\/as.com\/ciclismo\/vuelta_espana\/pogacar-vingegaard-roglic-y-del-toro-en-el-andorra-cyclings-masters-n\/\" target=\"_self\" rel=\"nofollow noopener\" title=\"https:\/\/as.com\/ciclismo\/vuelta_espana\/pogacar-vingegaard-roglic-y-del-toro-en-el-andorra-cyclings-masters-n\/\">Los cuatro citados tuvieron que enfrentarse, en un mismo d\u00eda<\/a>, a dos pruebas: una cronoescalada, realizada en el Col de la Gallina y con \u00e9xito de Roglic, y una prueba en ruta por el n\u00facleo urbano con victoria de Del Toro&#8230; <b>pero triunfo final para Roglic por la suma total de los puntos entre ambas citas.<\/b><\/p>\n<p class=\"\">Adem\u00e1s de la competici\u00f3n como tal, lo llamativo, a diferencia de lo que se vive durante el resto del a\u00f1o, es ver a los cuatro juntos compartiendo furgoneta, cenando, an\u00e9cdotas&#8230; <b>y en Andorra fueron varias las que contaron<\/b>. Tadej record\u00f3 con una sonrisa su primera victoria en una grande, cosechada en Andorra en La Vuelta 2019 en un d\u00eda con lluvia, granizo&#8230; <b>y el inicio de una estrella que sigue brillando con luz propia en la actualidad.<\/b> \u201cLo que m\u00e1s me motiva es ver c\u00f3mo mejor y descubrir d\u00f3nde puedo terminar,<b> en qu\u00e9 momento me puedo romper y ver luego la cuesta abajo\u201d,<\/b> explica el del UAE.<\/p>\n<p><img decoding=\"async\" src=\"https:\/\/www.europesays.com\/es\/wp-content\/uploads\/2025\/11\/GRZZFXXHLNHSRNQQWKB5X5NPQU.jpg\" alt=\"Los secretos de Andorra: \u201cPrimero soy padre, despu\u00e9s marido y, despu\u00e9s, ciclista\u201d\" height=\"776\" width=\"1831\"   loading=\"lazy\"\/>Roglic, Vingegaard, Del Toro y Pogacar, en una furgoneta en Andorra<\/p>\n<p class=\"\"><b>\u201cNunca hab\u00eda visto algo as\u00ed\u201d, <\/b>dice Del Toro sobre su compa\u00f1ero, <a href=\"https:\/\/as.com\/ciclismo\/mas_ciclismo\/vingegaard-puedo-ganar-el-tour-de-nuevo-espero-que-en-2026-f202511-n\/\" target=\"_self\" rel=\"nofollow noopener\" title=\"https:\/\/as.com\/ciclismo\/mas_ciclismo\/vingegaard-puedo-ganar-el-tour-de-nuevo-espero-que-en-2026-f202511-n\/\">mientras que Vingegaard<\/a> ve al mexicano \u201cel mejor\u201d de la nueva generaci\u00f3n que viene por detr\u00e1s. \u201cEstoy de acuerdo en lo que dicen muchos corredores de la dureza de la vida de ciclista, que no es para muchos a\u00f1os. <b>Tengo contrato hasta 2028 y despu\u00e9s ver\u00e9, a\u00f1o a a\u00f1o\u201d<\/b>, cuenta el doble ganador del Tour, <a href=\"https:\/\/as.com\/ciclismo\/mas_ciclismo\/roglic-rumbo-a-la-vuelta-seria-increible-poder-luchar-por-la-quinta-f202511-n\/\" target=\"_self\" rel=\"nofollow noopener\" title=\"https:\/\/as.com\/ciclismo\/mas_ciclismo\/roglic-rumbo-a-la-vuelta-seria-increible-poder-luchar-por-la-quinta-f202511-n\/\">mientras que Roglic<\/a>, tras recordar su etapa de saltador de esqu\u00ed, saca a relucir su melancol\u00eda y la cercan\u00eda al final de su carrera. \u201cPrimero soy padre, despu\u00e9s marido y despu\u00e9s ciclista. <b>Cada vez que me voy, al volver mis hijos saben algo nuevo, y ese tiempo que se pierde ya no vuelve<\/b>. Lo que m\u00e1s me cuesta es alejarme de mi familia\u201d, revela el ganador de cuatro Vueltas. Un documental para conocer un poco m\u00e1s a las estrellas.<\/p>\n<p>Noticias relacionadas<a href=\"https:\/\/as.com\/ciclismo\/mas_ciclismo\/marco-martin-un-talento-por-pulir-correra-en-la-fundacion-euskadi-f202511-n\/\" class=\"s_m_w\" title=\"El vasco, tras una salida inesperada del filial del Red Bull Bora, ir\u00e1 a la Fundaci\u00f3n Euskadi con un proyecto de cara a futuro con el Euskaltel de fondo.\" data-tb-link=\"\" rel=\"nofollow noopener\" target=\"_blank\"><img decoding=\"async\" src=\"https:\/\/www.europesays.com\/es\/wp-content\/uploads\/2025\/11\/1764502093_7_M5D2NEJZINEI7AZRZIOK4XG26Y.jpg\" alt=\"Marco Mart\u00edn, un talento por pulir: correr\u00e1 en la Fundaci\u00f3n Euskadi\" class=\"\" height=\"9\" width=\"16\"   loading=\"lazy\" data-tb-thumbnail=\"\"\/><\/a><a href=\"https:\/\/as.com\/ciclismo\/mas_ciclismo\/el-futuro-de-vingegaard-tras-el-ciclismo-me-gusta-mucho-la-carpinteria-f202511-n\/\" class=\"s_m_w\" title=\"En una entrevista a la cadena danesa TV Midvest, el ciclista del Visma relata a qu\u00e9 se habr\u00eda dedicado si no hubiera sido ciclista: \u201cHabr\u00eda sido banquero\u201d.\" data-tb-link=\"\" rel=\"nofollow noopener\" target=\"_blank\"><img decoding=\"async\" src=\"https:\/\/www.europesays.com\/es\/wp-content\/uploads\/2025\/11\/1764502094_833_UUHTLTJABVPS5KS6HEFRXMQHFY.jpg\" alt=\"El futuro de Vingegaard tras el ciclismo: \u201cMe gusta mucho la carpinter\u00eda\u201d\" class=\"\" height=\"9\" width=\"16\"   loading=\"lazy\" data-tb-thumbnail=\"\"\/><\/a><\/p>\n<p class=\"\"><b>\u00a1Tus opiniones importan!<\/b> Comenta en los art\u00edculos y suscr\u00edbete gratis a nuestra <a href=\"https:\/\/asfan.as.com\/newsletters\/\" target=\"_blank\" rel=\"nofollow noopener\" title=\"https:\/\/asfan.as.com\/newsletters\/\">newsletter<\/a> y a las alertas informativas en la <a href=\"https:\/\/as.com\/aplicacion-de-as-n\/\" target=\"_blank\" rel=\"nofollow noopener\" title=\"https:\/\/as.com\/aplicacion-de-as-n\/\">App<\/a> o el canal de <a href=\"https:\/\/www.whatsapp.com\/channel\/0029VaAasdA7j6g745nz9M10\" target=\"_blank\" rel=\"nofollow noopener\" title=\"https:\/\/www.whatsapp.com\/channel\/0029VaAasdA7j6g745nz9M10\">WhatsApp<\/a>. <\/p>\n<p class=\"\">\u00bfBuscas licenciar contenido? Haz clic <a href=\"https:\/\/profesional.elpais.com\/soluciones-sindicacion?utm_medium=interno&amp;utm_source=crosslinking&amp;utm_campaign=sindicacion_as_pie_articulos\" target=\"_blank\" rel=\"nofollow noopener\" title=\"https:\/\/profesional.elpais.com\/soluciones-sindicacion?utm_medium=interno&amp;utm_source=crosslinking&amp;utm_campaign=sindicacion_as_pie_articulos\">aqu\u00ed<\/a><\/p>\n","protected":false},"excerpt":{"rendered":"A finales de octubre, el novedoso Andorra Cycling Masters, una prueba pionera que reuni\u00f3 a cuatro de las&hellip;\n","protected":false},"author":2,"featured_media":263567,"comment_status":"","ping_status":"","sticky":false,"template":"","format":"standard","meta":{"footnotes":""},"categories":[273],"tags":[313,312,168,25,24,23,167],"class_list":{"0":"post-263566","1":"post","2":"type-post","3":"status-publish","4":"format-standard","5":"has-post-thumbnail","7":"category-ciclismo","8":"tag-ciclismo","9":"tag-cycling","10":"tag-deportes","11":"tag-es","12":"tag-espana","13":"tag-spain","14":"tag-sports"},"share_on_mastodon":{"url":"https:\/\/pubeurope.com\/@es\/115638417267761138","error":""},"_links":{"self":[{"href":"https:\/\/www.europesays.com\/es\/wp-json\/wp\/v2\/posts\/263566","targetHints":{"allow":["GET"]}}],"collection":[{"href":"https:\/\/www.europesays.com\/es\/wp-json\/wp\/v2\/posts"}],"about":[{"href":"https:\/\/www.europesays.com\/es\/wp-json\/wp\/v2\/types\/post"}],"author":[{"embeddable":true,"href":"https:\/\/www.europesays.com\/es\/wp-json\/wp\/v2\/users\/2"}],"replies":[{"embeddable":true,"href":"https:\/\/www.europesays.com\/es\/wp-json\/wp\/v2\/comments?post=263566"}],"version-history":[{"count":0,"href":"https:\/\/www.europesays.com\/es\/wp-json\/wp\/v2\/posts\/263566\/revisions"}],"wp:featuredmedia":[{"embeddable":true,"href":"https:\/\/www.europesays.com\/es\/wp-json\/wp\/v2\/media\/263567"}],"wp:attachment":[{"href":"https:\/\/www.europesays.com\/es\/wp-json\/wp\/v2\/media?parent=263566"}],"wp:term":[{"taxonomy":"category","embeddable":true,"href":"https:\/\/www.europesays.com\/es\/wp-json\/wp\/v2\/categories?post=263566"},{"taxonomy":"post_tag","embeddable":true,"href":"https:\/\/www.europesays.com\/es\/wp-json\/wp\/v2\/tags?post=263566"}],"curies":[{"name":"wp","href":"https:\/\/api.w.org\/{rel}","templated":true}]}}