{"id":263568,"date":"2025-11-30T11:30:13","date_gmt":"2025-11-30T11:30:13","guid":{"rendered":"https:\/\/www.europesays.com\/es\/263568\/"},"modified":"2025-11-30T11:30:13","modified_gmt":"2025-11-30T11:30:13","slug":"en-estados-unidos-me-levantaba-todos-los-dias-a-las-6-para-hacer-pesas","status":"publish","type":"post","link":"https:\/\/www.europesays.com\/es\/263568\/","title":{"rendered":"En Estados Unidos me levantaba todos los d\u00edas a las 6 para hacer pesas"},"content":{"rendered":"<p class=\"ft-text\"><strong>\u00abCog\u00eda rebotes, llegaba arriba, abajo, defend\u00eda a todo el equipo rival\u2026ten\u00eda unas condiciones f\u00edsicas y unas ganas de trabajar espectaculares. Lo que m\u00e1s le define es que es muy trabajadora y va a morir una y mil veces por el entrenador que tenga, es un aut\u00e9ntico placer trabajar con ella. Ojal\u00e1 hubiera m\u00e1s jugadoras as\u00ed\u00bb<\/strong>.<strong> Igor Cebri\u00e1n<\/strong>, profesor, coordinador y entrenador del colegio Brit\u00e1nico, defini\u00f3 a la perfecci\u00f3n a <strong>Alejandra Mastral,<\/strong> la aragonesa de <strong>22 a\u00f1os <\/strong>que, tras pasar por el Olivar y llegar arriba del todo en el Stadium Casablanca (ascenso al Mann Filter incluido), pas\u00f3 por la NCAA antes de seguir acumulando aventuras en Portugal y, a partir de esta misma semana, en Alemania para jugar en el <strong>Wasserburg<\/strong>.<\/p>\n<p class=\"ft-text\">Internacional en pr\u00e1cticamente todas las categor\u00edas inferiores de la selecci\u00f3n espa\u00f1ola, la base aragonesa no se aleja de esa gran proyecci\u00f3n que se le adivinaba cuando lleg\u00f3 a jugar en el primer equipo oficial que sali\u00f3 a escena del <strong>Casademont Zaragoza<\/strong>. Justo despu\u00e9s, tom\u00f3 la decisi\u00f3n m\u00e1s importante de su vida: marcharse a Estados Unidos (en el Robert Morris Colonials, de la NCAA) para compaginar all\u00ed su pasi\u00f3n por el baloncesto con los estudios y coincidir con otras aragonesas como Claudia Langarita, la hermana del actual jugador del Casademont.<strong> \u00abY volv\u00ed con dos diplomaturas y una carrera, la equivalente aqu\u00ed a Administraci\u00f3n y Direcci\u00f3n de Empresas (ADE)\u00bb<\/strong>, resalta Alejandra, que valora la experiencia. <strong>\u00abSiempre he querido llegar a ser jugadora profesional y no pod\u00eda dejar escapar esa oportunidad. Es verdad que es dif\u00edcil y que son muchas horas de entrenar duro y de adaptaci\u00f3n a una cultura y unas costumbres diferentes, como levantarte todos los d\u00edas a las 6 de la ma\u00f1ana para hacer pesas. Pero vale la pena, es una gran experiencia que te permite compaginar estudios y baloncesto y disfrutar con ello\u00bb<\/strong>, asegura la aragonesa, que tiene a <strong>Vega Gimeno<\/strong>, que fue su entrenadora en el Stadium, como principal referencia, al igual que <strong>Zoe Hern\u00e1ndez<\/strong>. <strong>\u00abHay que seguir pase lo que pase y vivir cada d\u00eda. Se trata de trabajar duro y estar preparada para cuando llegue tu momento y eso obliga tambi\u00e9n a afrontar los malos. Yo soy muy trabajadora y tengo claro que hay que saber moverse en busca de nuevas oportunidades\u00bb.<\/strong><\/p>\n<p class=\"ft-text\">Bien lo sabe ella, que, durante su estancia en Estados Unidos, se vio abocada a pasarse un a\u00f1o en blanco por culpa de una rotura del ligamento cruzado de una de sus rodillas que le oblig\u00f3 a pasar por el quir\u00f3fano.<strong> \u00abNo porque te pase algo malo se acaba el mundo\u00bb<\/strong>, resume una jugadora que ha hecho de la fortaleza un estilo de vida y que disfruta del espectacular momento del baloncesto femenino en su tierra. <strong>\u00abEs espectacular el apoyo que brinda el p\u00fablico al baloncesto femenino y ese entusiasmo que antes no ten\u00edamos. Ven\u00eda mucha gente pero todas de dentro de ese mundo, y ahora el Casademont se abre a un p\u00fablico mucho m\u00e1s amplio. Pero creo que a\u00fan se puede dar m\u00e1s al baloncesto femenino\u00bb<\/strong>, asegura, <strong>\u00abaunque me llena de orgullo que siga muy vivo y en auge en Zaragoza, ojal\u00e1 que durante mucho tiempo m\u00e1s\u00bb. <\/strong><\/p>\n","protected":false},"excerpt":{"rendered":"\u00abCog\u00eda rebotes, llegaba arriba, abajo, defend\u00eda a todo el equipo rival\u2026ten\u00eda unas condiciones f\u00edsicas y unas ganas de&hellip;\n","protected":false},"author":2,"featured_media":263569,"comment_status":"","ping_status":"","sticky":false,"template":"","format":"standard","meta":{"footnotes":""},"categories":[269],"tags":[7934,299,11503,298,168,25,24,4217,629,1713,65519,2461,65520,23,167],"class_list":{"0":"post-263568","1":"post","2":"type-post","3":"status-publish","4":"format-standard","5":"has-post-thumbnail","7":"category-baloncesto","8":"tag-alejandra","9":"tag-baloncesto","10":"tag-baloncesto-femenino","11":"tag-basketball","12":"tag-deportes","13":"tag-es","14":"tag-espana","15":"tag-estados","16":"tag-estados-unidos","17":"tag-jugadora","18":"tag-mastral","19":"tag-mujer","20":"tag-mujer-y-deporte","21":"tag-spain","22":"tag-sports"},"share_on_mastodon":{"url":"","error":""},"_links":{"self":[{"href":"https:\/\/www.europesays.com\/es\/wp-json\/wp\/v2\/posts\/263568","targetHints":{"allow":["GET"]}}],"collection":[{"href":"https:\/\/www.europesays.com\/es\/wp-json\/wp\/v2\/posts"}],"about":[{"href":"https:\/\/www.europesays.com\/es\/wp-json\/wp\/v2\/types\/post"}],"author":[{"embeddable":true,"href":"https:\/\/www.europesays.com\/es\/wp-json\/wp\/v2\/users\/2"}],"replies":[{"embeddable":true,"href":"https:\/\/www.europesays.com\/es\/wp-json\/wp\/v2\/comments?post=263568"}],"version-history":[{"count":0,"href":"https:\/\/www.europesays.com\/es\/wp-json\/wp\/v2\/posts\/263568\/revisions"}],"wp:featuredmedia":[{"embeddable":true,"href":"https:\/\/www.europesays.com\/es\/wp-json\/wp\/v2\/media\/263569"}],"wp:attachment":[{"href":"https:\/\/www.europesays.com\/es\/wp-json\/wp\/v2\/media?parent=263568"}],"wp:term":[{"taxonomy":"category","embeddable":true,"href":"https:\/\/www.europesays.com\/es\/wp-json\/wp\/v2\/categories?post=263568"},{"taxonomy":"post_tag","embeddable":true,"href":"https:\/\/www.europesays.com\/es\/wp-json\/wp\/v2\/tags?post=263568"}],"curies":[{"name":"wp","href":"https:\/\/api.w.org\/{rel}","templated":true}]}}