{"id":26357,"date":"2025-08-05T03:13:17","date_gmt":"2025-08-05T03:13:17","guid":{"rendered":"https:\/\/www.europesays.com\/es\/26357\/"},"modified":"2025-08-05T03:13:17","modified_gmt":"2025-08-05T03:13:17","slug":"juan-ayuso-segundo-en-getxo-recupera-las-buenas-sensaciones","status":"publish","type":"post","link":"https:\/\/www.europesays.com\/es\/26357\/","title":{"rendered":"Juan Ayuso, segundo en Getxo, recupera \u00ablas buenas sensaciones\u00bb"},"content":{"rendered":"<p class=\"ft-text\"><strong>Llevaba sin competir desde que se baj\u00f3 de la bici en la etapa 18 del <\/strong><a class=\"ft-link ft-link--decoration\" href=\"https:\/\/www.superdeporte.es\/tags\/giro-de-italia\/\" rel=\"nofollow noopener\" target=\"_blank\"><strong>Giro de Italia<\/strong><\/a><strong>.<\/strong> Este fin de semana, <a class=\"ft-link ft-link--decoration\" href=\"https:\/\/www.superdeporte.es\/tags\/juan-ayuso\/\" rel=\"nofollow noopener\" target=\"_blank\">Juan Ayuso<\/a> reaparec\u00eda primero el s\u00e1bado en la <strong>Cl\u00e1sica San Sebasti\u00e1n,<\/strong> que le serv\u00eda para recobrar sensaciones y este domingo 3 de agosto, en el <strong>80 Circuito de Getxo-Memorial Hermanos Otxoa,<\/strong> donde se erig\u00eda en protagonista logrando una <strong>segunda posici\u00f3n<\/strong> que da moral y confianza al ciclista nacido en Barcelona pero afincado desde ni\u00f1o en X\u00e0bia. Ayuso redondeaba una gran jornada para su equipo, el <a class=\"ft-link ft-link--decoration\" href=\"https:\/\/www.superdeporte.es\/tags\/uae-emirates\/\" rel=\"nofollow noopener\" target=\"_blank\">UAE Emirates<\/a> ya que su compa\u00f1ero de equipo, Isaac del Toro, se adjudicaba la victoria en la cl\u00e1sica vasca.<\/p>\n<p>Buenas sensaciones<\/p>\n<p class=\"ft-text\"><strong>Ayuso destac\u00f3 que tuvo \u00abbuenas sensaciones\u00bb y que espera \u00abllegar bien a la <\/strong><a class=\"ft-link ft-link--decoration\" href=\"https:\/\/www.lavuelta.es\/es\/\" rel=\"nofollow noopener\" target=\"_blank\"><strong>Vuelta a Espa\u00f1a<\/strong><\/a><strong>\u00ab<\/strong> que comenzar\u00e1 dentro de tres semanas y que es su gran objetivo de la temporada. Como confirmaba el UAE Emirates esta misma semana, la gran estrella del equipo, <a class=\"ft-link ft-link--decoration\" href=\"https:\/\/www.superdeporte.es\/tags\/tadej-pogacar\/\" rel=\"nofollow noopener\" target=\"_blank\">Tadej Pogacar <\/a>no estar\u00e1 en La Vuelta por lo que <a class=\"ft-link ft-link--decoration\" href=\"https:\/\/www.superdeporte.es\/ciclismo\/2025\/07\/29\/pogacar-ayuso-luchara-almeida-liderar-vuelta-a-espana-uae-emirates-120171618.html\" rel=\"nofollow noopener\" target=\"_blank\">ser\u00e1n Joao Almeida y el propio Juan Ayuso las grandes bazas del equipo de Emiratos \u00c1rabes Unidos, <\/a>que tras ganar el Tour con el esloveno, aspira a hacer lo propio con La Vuelta.<\/p>\n<p class=\"ft-text\"><strong>El ciclista de X\u00e0bia quiere dejar atr\u00e1s el amargo recuerdo del Giro, <\/strong>en el que part\u00eda entre los favoritos pero del que se tuvo que retirar el 29 de mayo a causa de problemas en una rodilla y de la picadura de una abeja en un ojo.<\/p>\n<p class=\"ft-text\"><strong>Ayuso, en la prueba vasca finaliz\u00f3 \u00abcontento de poder ayudar al equipo y lanzar la carrera en el Pike, un tramo muy duro\u00bb <\/strong>de 2 km con rampas de hasta el 20 por ciento de desnivel en el que entre \u00e9l y Del Toro lanzaron el ataque final. \u00abY tambi\u00e9n contento de acabar segundo detr\u00e1s de Isaac\u00bb, a\u00f1adi\u00f3.<\/p>\n<p class=\"ft-text\">\u00abAhora nos viene la Vuelta, poder volver despu\u00e9s de un par\u00f3n bastante grande despu\u00e9s de la ca\u00edda del Giro y dem\u00e1s\u00bb, destac\u00f3. Por ello, este domingo finaliz\u00f3 \u00abcontento de tener buenas sensaciones\u00bb, por lo que espera \u00abllegar bien a la Vuelta\u00bb.<\/p>\n<p>Victoria de del Toro<\/p>\n<p class=\"ft-text\"><strong>El mexicano Isaac del Toro remat\u00f3 en solitario el gran trabajo realizado por su equipo, el UAE Emirates<\/strong> llev\u00e1ndose la cl\u00e1sica carrera de un d\u00eda con 172,2 km de recorrido. Del Toro y Ayuso decidieron el ataque final en uno de los dos puntos claves del recorrido, el Alto de Pike Bidea, un muro de 2 km con rampas de hasta el 20 por ciento de desnivel y con el segundo de los dos pases por su cima a 16 km de meta.<\/p>\n<p class=\"ft-text\"><strong>El otro punto relevante era el Muro de Arkotxa, de 700 metros y tramos de hasta el 14 por ciento, <\/strong>donde estaba situada la meta y adonde Del Toro, segundo en el \u00faltimo Giro de Italia y protagonista tambi\u00e9n este s\u00e1bado en la Cl\u00e1sica San Sebasti\u00e1n, lleg\u00f3 con 20 segundos de ventaja sobre Ayuso y Alex Aranburu (Cofidis), que se disputaron la segunda plaza en un esprint de dos.<\/p>\n<p><img decoding=\"async\" src=\"https:\/\/www.europesays.com\/es\/wp-content\/uploads\/2025\/08\/2d28ecfb-74d5-47da-8cd7-b558750850d9_alta-libre-aspect-ratio_default_0.jpg\" width=\"1200\" height=\"1500\" alt=\"Del Toro se llev\u00f3 la victoria\" class=\"ft-helper-img-rd\" loading=\"lazy\" hasdataaida=\"true\"\/><\/p>\n<p class=\"ft-helper-fontColor-quaternary ft-helper-fontSize-body-S ft-helper-spacer-t-xxs\">Del Toro se llev\u00f3 la victoria  \/ UAE Emirates<\/p>\n<p class=\"ft-text\"><strong>Ese resultado final fue consecuencia de lo que sucedi\u00f3 en Pike Bidea, cuando el UAE, q<\/strong>ue hab\u00eda mantenido a raya una escapada de diez corredores casi desde el arranque de la carrera, caz\u00f3 una fuga de dos unidades con los campeones de Venezuela y Estados Unidos, Orluis Aular (Movistar) y Quinn Simmons (Lidl-Trek), y despu\u00e9s lanz\u00f3 el ataque definitivo.<\/p>\n<p class=\"ft-text\">Fue el espa\u00f1ol el que mand\u00f3 al mexicano que se fuese por delante y luego se limit\u00f3 a actuar de &#8216;secante&#8217; con los que salieron a por el de Ensenada.<\/p>\n<p class=\"ft-text\">As\u00ed, <a class=\"ft-link ft-link--decoration\" href=\"https:\/\/www.superdeporte.es\/tags\/juan-ayuso\/\" rel=\"nofollow noopener\" target=\"_blank\"><strong>Ayuso<\/strong><\/a><strong> mantuvo a raya a los tres corredores que le acompa\u00f1aron al final <\/strong>en el cuarteto que se form\u00f3 tras Del Toro. Un grupo con tres espa\u00f1oles y un let\u00f3n, Ayuso, Aranburu y los Lidl-Trek Tom Skujins y H\u00e9ctor \u00c1lvarez.<\/p>\n<p class=\"ft-text\">Ayuso intent\u00f3 atacar pero cedi\u00f3 r\u00e1pido antes de llegar a la cuesta de Txomintxu que llevaba a la meta, en cuyas rampas se qued\u00f3 tambi\u00e9n su compa\u00f1ero Skujins. El let\u00f3n, cazado por un pelot\u00f3n disgregado y encabezado por tres de los mejores spr\u00ednteres en cuesta del pelot\u00f3n espa\u00f1ol, Eduard Prades (Caja Rural), Pau Miquel (Kern Pharma) y Jon Barrenetxea (Movistar).<\/p>\n<p class=\"ft-text\">A Barrenetxea, ganador en 2024, fue precisamente a quien sucedi\u00f3 Del Toro en un historial que tambi\u00e9n refleja a <strong>Juan Ayuso como ganador en 2022.<\/strong><\/p>\n","protected":false},"excerpt":{"rendered":"Llevaba sin competir desde que se baj\u00f3 de la bici en la etapa 18 del Giro de Italia.&hellip;\n","protected":false},"author":2,"featured_media":26358,"comment_status":"","ping_status":"","sticky":false,"template":"","format":"standard","meta":{"footnotes":""},"categories":[273],"tags":[6984,313,312,168,25,24,3978,11163,409,4657,7789,6833,6086,1566,23,167,463,550,14596],"class_list":{"0":"post-26357","1":"post","2":"type-post","3":"status-publish","4":"format-standard","5":"has-post-thumbnail","7":"category-ciclismo","8":"tag-ayuso","9":"tag-ciclismo","10":"tag-cycling","11":"tag-deportes","12":"tag-es","13":"tag-espana","14":"tag-getxo","15":"tag-giro-de-italia","16":"tag-juan","17":"tag-juan-ayuso","18":"tag-la-vuelta","19":"tag-recupera","20":"tag-san-sebastian","21":"tag-segundo","22":"tag-spain","23":"tag-sports","24":"tag-tadej-pogacar","25":"tag-uae","26":"tag-uae-emirates"},"share_on_mastodon":{"url":"","error":""},"_links":{"self":[{"href":"https:\/\/www.europesays.com\/es\/wp-json\/wp\/v2\/posts\/26357","targetHints":{"allow":["GET"]}}],"collection":[{"href":"https:\/\/www.europesays.com\/es\/wp-json\/wp\/v2\/posts"}],"about":[{"href":"https:\/\/www.europesays.com\/es\/wp-json\/wp\/v2\/types\/post"}],"author":[{"embeddable":true,"href":"https:\/\/www.europesays.com\/es\/wp-json\/wp\/v2\/users\/2"}],"replies":[{"embeddable":true,"href":"https:\/\/www.europesays.com\/es\/wp-json\/wp\/v2\/comments?post=26357"}],"version-history":[{"count":0,"href":"https:\/\/www.europesays.com\/es\/wp-json\/wp\/v2\/posts\/26357\/revisions"}],"wp:featuredmedia":[{"embeddable":true,"href":"https:\/\/www.europesays.com\/es\/wp-json\/wp\/v2\/media\/26358"}],"wp:attachment":[{"href":"https:\/\/www.europesays.com\/es\/wp-json\/wp\/v2\/media?parent=26357"}],"wp:term":[{"taxonomy":"category","embeddable":true,"href":"https:\/\/www.europesays.com\/es\/wp-json\/wp\/v2\/categories?post=26357"},{"taxonomy":"post_tag","embeddable":true,"href":"https:\/\/www.europesays.com\/es\/wp-json\/wp\/v2\/tags?post=26357"}],"curies":[{"name":"wp","href":"https:\/\/api.w.org\/{rel}","templated":true}]}}