{"id":263570,"date":"2025-11-30T11:31:17","date_gmt":"2025-11-30T11:31:17","guid":{"rendered":"https:\/\/www.europesays.com\/es\/263570\/"},"modified":"2025-11-30T11:31:17","modified_gmt":"2025-11-30T11:31:17","slug":"muriqi-a-mi-me-valoran-por-mis-goles-pero-necesitamos-mucho-mas","status":"publish","type":"post","link":"https:\/\/www.europesays.com\/es\/263570\/","title":{"rendered":"Muriqi: \u201cA m\u00ed me valoran por mis goles, pero necesitamos mucho m\u00e1s\u201d"},"content":{"rendered":"<p class=\"\">A pesar de sus dos goles y unas cifras que invitar a pensar en el mejor Muriqi, el delantero kosovar no qued\u00f3 satisfecho tras el empate ante Osasuna:<b> \u201cEs un d\u00eda agridulce para mi<\/b>. Marcamos dos goles en 4 minutos contra un Osasuna que estaba cerrad\u00edsimo y lo siento y lo sentimos como equipo. Vamos a analizar nuestros fallos y seguir adelante\u201d. <\/p>\n<p class=\"\">Sobre los dos goles recibidos en los diez \u00faltimos minutos y que supusieron el empate navarro cuando el Mallorca parec\u00eda haber cerrado el partido con 2-0 a su favor, el goleador bermell\u00f3n afirma que<b> <\/b>\u201chasta el minuto 82 parec\u00eda que est\u00e1bamos bien, solo intentaban centrar balones. Con una falta nos hacen el 2-1 y ya nos empezaron a someter. <b>Ten\u00edamos que aguantar y jugar con m\u00e1s bal\u00f3n<\/b>. Parec\u00eda que \u00e9ramos uno menos nosotros\u201d.<\/p>\n<p>Noticias relacionadas<a href=\"https:\/\/as.com\/futbol\/aprobados-y-suspensos-del-mallorca-el-gozo-en-un-pozo-f202511-n\/\" class=\"s_m_w\" title=\"Muriqi y Virgili, goleador y asistente, no fueron suficientes y del 2-0 se pas\u00f3 al 2-2 en los minutos finales.\" data-tb-link=\"\" rel=\"nofollow noopener\" target=\"_blank\"><img decoding=\"async\" src=\"https:\/\/www.europesays.com\/es\/wp-content\/uploads\/2025\/11\/ME5WKCUVAVAKDMWONWD2Z3LVK4.jfif\" alt=\"Aprobados y suspensos del Mallorca: el gozo en un pozo.\" class=\"\" height=\"9\" width=\"16\"   loading=\"lazy\" data-tb-thumbnail=\"\"\/><\/a><a href=\"https:\/\/as.com\/futbol\/jagoba-arrasate-es-un-palo-duro-f202511-n\/\" class=\"s_m_w\" title=\"El t\u00e9cnico bermell\u00f3n lamenta el empate tras ir ganando 2-0 a diez minutos del final.\" data-tb-link=\"\" rel=\"nofollow noopener\" target=\"_blank\"><img decoding=\"async\" src=\"https:\/\/www.europesays.com\/es\/wp-content\/uploads\/2025\/11\/Z62ZNZUBGBGLPCIU26BVNXHJIE.jpg\" alt=\"Jagoba Arrasate: \u201cEs un palo duro\u201d\" class=\"\" height=\"9\" width=\"16\"   loading=\"lazy\" data-tb-thumbnail=\"\"\/><\/a><\/p>\n<p class=\"\">Particularmente, Muriqi suma 8 goles, los mismos que Lewandowski y solo superado en la tabla de goleadores por Mbapp\u00e9. Sobre ello, el internacional kosovar tiene sentimientos encontrados entre lo individual y lo colectivo: <b> \u201cMe siento agridulce<\/b>, como mal, ganando 2-0&#8230; no me quejo, el gol para el delantero es importante. <b>A mi me valoran por mis goles, pero como hemos visto hoy necesitamos mucho m\u00e1s\u00bb<\/b>.<\/p>\n<p class=\"\"><b>\u00a1Tus opiniones importan!<\/b> Comenta en los art\u00edculos y suscr\u00edbete gratis a nuestra <a href=\"https:\/\/asfan.as.com\/newsletters\/\" target=\"_blank\" rel=\"nofollow noopener\" title=\"https:\/\/asfan.as.com\/newsletters\/\">newsletter<\/a> y a las alertas informativas en la <a href=\"https:\/\/as.com\/aplicacion-de-as-n\/\" target=\"_blank\" rel=\"nofollow noopener\" title=\"https:\/\/as.com\/aplicacion-de-as-n\/\">App<\/a> o el canal de <a href=\"https:\/\/www.whatsapp.com\/channel\/0029VaAasdA7j6g745nz9M10\" target=\"_blank\" rel=\"nofollow noopener\" title=\"https:\/\/www.whatsapp.com\/channel\/0029VaAasdA7j6g745nz9M10\">WhatsApp<\/a>. \u00bfBuscas licenciar contenido? Haz clic <a href=\"https:\/\/profesional.elpais.com\/soluciones-sindicacion?utm_medium=interno&amp;utm_source=crosslinking&amp;utm_campaign=sindicacion_as_pie_articulos\" target=\"_blank\" rel=\"nofollow noopener\" title=\"https:\/\/profesional.elpais.com\/soluciones-sindicacion?utm_medium=interno&amp;utm_source=crosslinking&amp;utm_campaign=sindicacion_as_pie_articulos\">aqu\u00ed<\/a><\/p>\n","protected":false},"excerpt":{"rendered":"A pesar de sus dos goles y unas cifras que invitar a pensar en el mejor Muriqi, el&hellip;\n","protected":false},"author":2,"featured_media":263571,"comment_status":"","ping_status":"","sticky":false,"template":"","format":"standard","meta":{"footnotes":""},"categories":[268],"tags":[168,25,24,280,282,281,23,167],"class_list":{"0":"post-263570","1":"post","2":"type-post","3":"status-publish","4":"format-standard","5":"has-post-thumbnail","7":"category-futbol","8":"tag-deportes","9":"tag-es","10":"tag-espana","11":"tag-football","12":"tag-futbol","13":"tag-soccer","14":"tag-spain","15":"tag-sports"},"share_on_mastodon":{"url":"https:\/\/pubeurope.com\/@es\/115638428600853173","error":""},"_links":{"self":[{"href":"https:\/\/www.europesays.com\/es\/wp-json\/wp\/v2\/posts\/263570","targetHints":{"allow":["GET"]}}],"collection":[{"href":"https:\/\/www.europesays.com\/es\/wp-json\/wp\/v2\/posts"}],"about":[{"href":"https:\/\/www.europesays.com\/es\/wp-json\/wp\/v2\/types\/post"}],"author":[{"embeddable":true,"href":"https:\/\/www.europesays.com\/es\/wp-json\/wp\/v2\/users\/2"}],"replies":[{"embeddable":true,"href":"https:\/\/www.europesays.com\/es\/wp-json\/wp\/v2\/comments?post=263570"}],"version-history":[{"count":0,"href":"https:\/\/www.europesays.com\/es\/wp-json\/wp\/v2\/posts\/263570\/revisions"}],"wp:featuredmedia":[{"embeddable":true,"href":"https:\/\/www.europesays.com\/es\/wp-json\/wp\/v2\/media\/263571"}],"wp:attachment":[{"href":"https:\/\/www.europesays.com\/es\/wp-json\/wp\/v2\/media?parent=263570"}],"wp:term":[{"taxonomy":"category","embeddable":true,"href":"https:\/\/www.europesays.com\/es\/wp-json\/wp\/v2\/categories?post=263570"},{"taxonomy":"post_tag","embeddable":true,"href":"https:\/\/www.europesays.com\/es\/wp-json\/wp\/v2\/tags?post=263570"}],"curies":[{"name":"wp","href":"https:\/\/api.w.org\/{rel}","templated":true}]}}